{"id":205855,"date":"2025-06-26T13:09:09","date_gmt":"2025-06-26T13:09:09","guid":{"rendered":"https:\/\/www.europesays.com\/fr\/205855\/"},"modified":"2025-06-26T13:09:09","modified_gmt":"2025-06-26T13:09:09","slug":"notre-selection-de-brocantes-et-vide-greniers-a-paris-et-en-ile-de-france-le-week-end-des-28-et-29-juin","status":"publish","type":"post","link":"https:\/\/www.europesays.com\/fr\/205855\/","title":{"rendered":"Notre s\u00e9lection de brocantes et vide-greniers \u00e0 Paris et en \u00cele-de-France le week-end des 28 et 29 juin"},"content":{"rendered":"<p>            Par<br \/>\n        <strong><br \/>\n            <a href=\"https:\/\/actu.fr\/auteur\/redaction-paris\" title=\"Consulter tous les articles de R\u00e9daction Paris\" rel=\"nofollow noopener\" target=\"_blank\">R\u00e9daction Paris<\/a><br \/>\n        <\/strong><\/p>\n<p>        Publi\u00e9 le<\/p>\n<p>            26 juin 2025 \u00e0 14h52        <\/p>\n<p>C\u2019est encore un week-end charg\u00e9 qui s\u2019annonce pour les ceux qui aiment chiner. A Paris et en \u00cele-de-France, un grand nombre de <a href=\"https:\/\/actu.fr\/tag\/brocante\" rel=\"nofollow noopener\" target=\"_blank\">brocantes<\/a> et de <a href=\"https:\/\/actu.fr\/tag\/vide-greniers\" rel=\"nofollow noopener\" target=\"_blank\">vide-greniers<\/a> sont programm\u00e9s dans tous les d\u00e9partements samedi 28 et dimanche 29 juin. Voici notre s\u00e9lection, d\u2019autant que la <a href=\"https:\/\/actu.fr\/paris\/meteo\" rel=\"nofollow noopener\" target=\"_blank\">m\u00e9t\u00e9o<\/a> devrait \u00eatre favorable.\u00a0<\/p>\n<p>Les brocantes et vide-greniers du samedi 28 juin en \u00cele-de-France<\/p>\n<ul class=\" wall-content\">\n<li>Paris 3e : Vide-greniers, Bld de S\u00e9bastopol.\u00a0<\/li>\n<li>Paris 5e : Vide-greniers, Rue Saint-Jacques. De 8h \u00e0 19h<\/li>\n<li>Paris 11e : Brocante, Parmentier, Avenue de la R\u00e9publique, Quartier de la Folie-M\u00e9ricourt. De 7h \u00e0 19h<\/li>\n<li>Paris 14e : Vide-greniers, Avenue de l\u2019Observatoire.\u00a0<\/li>\n<li>Paris 9e : Vide-greniers, Rues Blanche, de la Trinit\u00e9, de la Tour des Dames, Quartier Saint-Georges. De 9h \u00e0 18h<\/li>\n<li>Paris 13e : Vide-greniers, Place Jeanne-d\u2019Arc. De 8h \u00e0 18h<\/li>\n<li>Paris 17e : Vide-greniers, La Tour d\u2019exercice, Boulevard Gouvion-Saint-Cyr, Quartier des Ternes. De 7h \u00e0 minuit<\/li>\n<li>Paris 20e : Vide-greniers, Rue Duris, Quartier du P\u00e8re-Lachaise. De 10h \u00e0 17h<\/li>\n<li>Poissy \u2013 78 : Brocante, Place Racine. De 8h \u00e0 18h30<\/li>\n<li>Antony \u2013 92 : Vide-greniers, Place de la R\u00e9sidence. De 10h \u00e0 18h<\/li>\n<li>Antony \u2013 92 : Vide-greniers, Rue de la Cit\u00e9 moderne. De 8h \u00e0 16h<\/li>\n<li>Colombes \u2013 92 : Vide-greniers, Boulevard Charles de Gaulle. De 8h \u00e0 18h<\/li>\n<li>Meudon \u2013 92 : Vide-greniers, \u00c9cole primaire Camus\u2013Pasteur, Avenue Henri Dals\u00e8me. De 8h \u00e0 18h<\/li>\n<li>Suresnes \u2013 92 : Vide-greniers, All\u00e9e des Platanes. De 8h \u00e0 17h<\/li>\n<li>Noisy-le-Sec \u2013 93 : Brocante, Nouveau Cimeti\u00e8re, Place des Provinces. De 8h \u00e0 18h<\/li>\n<li>Choisy-le-Roi \u2013 94 : Vide-greniers, Quartier Saint-Louis. De 8h \u00e0 18h<\/li>\n<li>Ableiges \u2013 95 : Vide-greniers, Domaine d\u2019Ableiges. De 9h \u00e0 16h<\/li>\n<li>Argenteuil \u2013 95 : Vide-greniers, Groupe scolaire Paul Eluard, Rue des Allobroges. De 8h \u00e0 18h<\/li>\n<\/ul>\n<p>Les brocantes et vide-greniers du dimanche 29 juin en \u00cele-de-France<\/p>\n<ul class=\" wall-content\">\n<li>Paris 9e : Vide-greniers, Boulevard de Rochechouart (entre le n\u00b072 et le n\u00b0122). De 6h \u00e0 18h<\/li>\n<li>Paris 11e : Vide-greniers, Rue Pihet, Quartier Saint-Ambroise. De 8h \u00e0 18h<\/li>\n<li>Paris 12e : Vide-greniers, Ledru-Rollin, Rue du Faubourg Saint-Antoine, Quartier des Quinze-Vingts. De 8h \u00e0 18h<\/li>\n<li>Paris 13e : Vide-greniers, Rue de la Fontaine \u00e0 Mulard. De 8h \u00e0 18h30<\/li>\n<li>Paris 14e : Vide-greniers, Avenue de l\u2019Observatoire.\u00a0<\/li>\n<li>Paris 17e : Vide-greniers, Boulevard Gouvion-Saint-Cyr. De 7h \u00e0 22h<\/li>\n<li>Paris 19e : Vide-greniers, Avenue de Flandre. De 7h \u00e0 18h30<\/li>\n<li>Paris 20e : Vide-greniers, Rue Pix\u00e9r\u00e9court (du 31 au 90) et rue de Belleville (du 210 au 240). De 8h \u00e0 19h<\/li>\n<li>Bourron-Marlotte \u2013 77 : Vide-greniers, Avenue Jules Duquesne. De 6h \u00e0 18h<\/li>\n<li>Champs-sur-Marne \u2013 77 : Vide-greniers, Rue de Paris.<\/li>\n<li>Chevru \u2013 77 : Vide-greniers, Rue du Lavoir. De 8h \u00e0 17h30<\/li>\n<li>Couilly-Pont-Aux-Dames \u2013 77 : Brocante et vide-greniers, Place du march\u00e9, Rue Pasteur, Rue Eug\u00e8ne Legeer. De 7h30 \u00e0 17h30<\/li>\n<li>Dampmart \u2013 77 : Vide-greniers, Gymnase Roby, rue Michel Place. De 9h \u00e0 18h<\/li>\n<li>Grez-sur-Loing \u2013 77 : Vide-greniers, Place des cygnes D40. De 7h \u00e0 17h30<\/li>\n<li>Lescherolles \u2013 77 : Brocante, Place de l\u2019Eglise. De 8h \u00e0 18h<\/li>\n<li>Lizy-sur-Ourcq \u2013 77 : Vide-greniers, Stade. De 6h \u00e0 17h<\/li>\n<li>Meaux \u2013 77 : Vide-greniers, Champ de foire. De 6h30 \u00e0 17h<\/li>\n<li>Soisy-Bouy \u2013 77 : Vide-greniers, Place des Tilleuls. De 6h \u00e0 17h<\/li>\n<li>Villeparisis \u2013 77 : Vide-greniers, Rue Jean Jaur\u00e8s.\u00a0<\/li>\n<li>Villiers-sur-Morin \u2013 77 : Vide-greniers, Chemin Blanc. De 8h \u00e0 18h<\/li>\n<li>Le Perray-en-Yvelines \u2013 78 : Vide-greniers, Champ de Foire.\u00a0<\/li>\n<li>Bougival \u2013 78 : Vide-greniers, Avenue de la Gare. De 8h \u00e0 18h<\/li>\n<li>Le V\u00e9sinet \u2013 78 : Vide-greniers, \u00c9glise Sainte-Marguerite. De 8h \u00e0 18h<\/li>\n<li>Marly-le-Roy \u2013 78 : Vide-greniers, Avenue Jean B\u00e9ranger et Parc du Chenil.\u00a0<\/li>\n<li>Draveil \u2013 91 : Vide-greniers, H\u00f4pital des Cheminots, Rue Alphonse Daudet. De 6h \u00e0 18h<\/li>\n<li>Arpajon \u2013 91 : Vide-greniers, Grande Rue. De 8h \u00e0 17h<\/li>\n<li>Bouville \u2013 91 : Vide-greniers, Rue de la Mairie- rue du Moutiers. De 7h \u00e0 17h<\/li>\n<li>Asni\u00e8res-sur-Seine \u2013 92 : Vide-greniers, Rue Parmentier. De 8h \u00e0 18h<\/li>\n<li>Ch\u00e2tenay-Malabry \u2013 92 : Vide-greniers, Entr\u00e9e rue de chateaubriand, Parc bois\u00e9, Domaine d\u00e9partemental de la Vall\u00e9e-aux-Loups, Chemin des Martyrs de la R\u00e9sistance. De 9h \u00e0 18h<\/li>\n<li>Clamart \u2013 92 : Vide-greniers, Route de la Porte de Ch\u00e2tillon. De 9h \u00e0 18h<\/li>\n<li>Levallois-Perret \u2013 92 : Vide-greniers, Mairie de Levallois. De 8h \u00e0 18h<\/li>\n<li>Pantin \u2013 93 : Vide-greniers, Rue Charles Auray. De 8h \u00e0 18h<\/li>\n<li>Pierrefitte-sur-Seine \u2013 93 : Vide-greniers, Place Jean Jaur\u00e8s.\u00a0<\/li>\n<li>Ivry-sur-Seine \u2013 94 : Vide-greniers, \u00a0Rue Antoine Thomas. De 8h \u00e0 17h<\/li>\n<li>Maisons-Alfort \u2013 94 : Vide-greniers, Rue Pierre et Marie Curie. De 8h \u00e0 18h<\/li>\n<li>Ableiges \u2013 95 : Vide-greniers, Domaine d\u2019Ableiges. De 9h \u00e0 16h<\/li>\n<li>Cl\u00e9ry-en-Vexin \u2013 95 : Vide-greniers, Rues du village. De 8h \u00e0 18h<\/li>\n<li>Montigny-l\u00e8s-Cormeilles \u2013 95 : Brocante, Rue Alfred de Vigny. De 9h \u00e0 18h<\/li>\n<li>Saint-Gratien \u2013 95 : Vide-greniers, Avenue Terr\u00e9. De 8h \u00e0 18h<\/li>\n<li>V\u00e9theuil \u2013 95 : Vide-greniers, En bord de Seine. De 8h \u00e0 18h<\/li>\n<\/ul>\n<p class=\" wall-content\">Suivez toute l\u2019actualit\u00e9 de vos villes et m\u00e9dias favoris en vous inscrivant \u00e0 <a href=\"https:\/\/moncompte.actu.fr\" title=\"D\u00e9couvez Mon Actu\" rel=\"nofollow noopener\" data-trk=\"{&quot;cta&quot;:{&quot;action&quot;:&quot;https:\\\/\\\/moncompte.actu.fr&quot;,&quot;category&quot;:&quot;mon compte&quot;,&quot;from&quot;:&quot;article footer&quot;,&quot;name&quot;:&quot;Mon actu&quot;,&quot;type&quot;:&quot;cta&quot;}}\" target=\"_blank\">Mon Actu<\/a>.<\/p>\n","protected":false},"excerpt":{"rendered":"Par R\u00e9daction Paris Publi\u00e9 le 26 juin 2025 \u00e0 14h52 C\u2019est encore un week-end charg\u00e9 qui s\u2019annonce pour&hellip;\n","protected":false},"author":2,"featured_media":205856,"comment_status":"","ping_status":"","sticky":false,"template":"","format":"standard","meta":{"footnotes":""},"categories":[1592],"tags":[1111,11,6961,1777,674,1011,27,662,1652,12,626,25,3365],"class_list":{"0":"post-205855","1":"post","2":"type-post","3":"status-publish","4":"format-standard","5":"has-post-thumbnail","7":"category-ile-de-france","8":"tag-actu","9":"tag-actualites","10":"tag-brocante","11":"tag-eu","12":"tag-europe","13":"tag-fr","14":"tag-france","15":"tag-ile-de-france","16":"tag-loisirs-culture","17":"tag-news","18":"tag-paris","19":"tag-republique-francaise","20":"tag-vide-greniers"},"share_on_mastodon":{"url":"https:\/\/pubeurope.com\/@fr\/114749830984977556","error":""},"_links":{"self":[{"href":"https:\/\/www.europesays.com\/fr\/wp-json\/wp\/v2\/posts\/205855","targetHints":{"allow":["GET"]}}],"collection":[{"href":"https:\/\/www.europesays.com\/fr\/wp-json\/wp\/v2\/posts"}],"about":[{"href":"https:\/\/www.europesays.com\/fr\/wp-json\/wp\/v2\/types\/post"}],"author":[{"embeddable":true,"href":"https:\/\/www.europesays.com\/fr\/wp-json\/wp\/v2\/users\/2"}],"replies":[{"embeddable":true,"href":"https:\/\/www.europesays.com\/fr\/wp-json\/wp\/v2\/comments?post=205855"}],"version-history":[{"count":0,"href":"https:\/\/www.europesays.com\/fr\/wp-json\/wp\/v2\/posts\/205855\/revisions"}],"wp:featuredmedia":[{"embeddable":true,"href":"https:\/\/www.europesays.com\/fr\/wp-json\/wp\/v2\/media\/205856"}],"wp:attachment":[{"href":"https:\/\/www.europesays.com\/fr\/wp-json\/wp\/v2\/media?parent=205855"}],"wp:term":[{"taxonomy":"category","embeddable":true,"href":"https:\/\/www.europesays.com\/fr\/wp-json\/wp\/v2\/categories?post=205855"},{"taxonomy":"post_tag","embeddable":true,"href":"https:\/\/www.europesays.com\/fr\/wp-json\/wp\/v2\/tags?post=205855"}],"curies":[{"name":"wp","href":"https:\/\/api.w.org\/{rel}","templated":true}]}}