{"id":205865,"date":"2025-06-26T13:14:10","date_gmt":"2025-06-26T13:14:10","guid":{"rendered":"https:\/\/www.europesays.com\/fr\/205865\/"},"modified":"2025-06-26T13:14:10","modified_gmt":"2025-06-26T13:14:10","slug":"paris-tout-en-verre-plus-moderne-le-futur-pavillon-daccueil-de-lassemblee-nationale-fait-reagir","status":"publish","type":"post","link":"https:\/\/www.europesays.com\/fr\/205865\/","title":{"rendered":"Paris\u00a0: tout en verre, \u00ab\u00a0plus moderne\u00a0\u00bb\u2026 Le futur pavillon d\u2019accueil de l\u2019Assembl\u00e9e nationale fait r\u00e9agir"},"content":{"rendered":"<p class=\"paragraph text_align_left lp-f-body-02\">\u00ab Franchement, pourquoi pas ! \u00bb En d\u00e9couvrant le projet de futur pavillon d\u2019accueil de l\u2019<a href=\"https:\/\/www.leparisien.fr\/politique\/il-y-a-de-leau-sur-bayrou-les-orages-interrompent-le-debat-sur-la-situation-au-proche-orient-a-lassemblee-25-06-2025-72NEH42FDZBJLMTIX4PDL52TX4.php\" target=\"_blank\" rel=\"noreferrer nofollow noopener\">Assembl\u00e9e nationale<\/a>, Milana, qui fl\u00e2ne sur les quais hauts de la Seine lunettes de soleil sur le nez ce jeudi matin, invite \u00e0 ouvrir son esprit \u00e0 un peu de modernit\u00e9\u2026 \u00ab Le style actuel fait tr\u00e8s vieillot, cette partie la rendra plus moderne \u00bb, estime la Bulgare de 31 ans.<\/p>\n<p class=\"paragraph text_align_left lp-f-body-02\">\u00ab Pas s\u00fbre \u00bb pour autant que ce projet \u00ab soit tr\u00e8s compatible avec le reste du b\u00e2timent \u00bb auquel il sera adjacent, Milana met le doigt sur un probl\u00e8me : annonc\u00e9 discr\u00e8tement au cours du week-end d\u2019ouverture au public organis\u00e9 les 21 et 22 juin, le projet architectural du futur pavillon d\u2019accueil de l\u2019Assembl\u00e9e nationale <a href=\"https:\/\/www.leparisien.fr\/paris-75\/paris-75007\/\" target=\"_blank\" rel=\"noreferrer nofollow noopener\">(VIIe)<\/a> fait grincer des dents.<\/p>\n","protected":false},"excerpt":{"rendered":"\u00ab Franchement, pourquoi pas ! \u00bb En d\u00e9couvrant le projet de futur pavillon d\u2019accueil de l\u2019Assembl\u00e9e nationale, Milana,&hellip;\n","protected":false},"author":2,"featured_media":205866,"comment_status":"","ping_status":"","sticky":false,"template":"","format":"standard","meta":{"footnotes":""},"categories":[1888],"tags":[11,1777,674,1011,27,1944,12,626,25],"class_list":{"0":"post-205865","1":"post","2":"type-post","3":"status-publish","4":"format-standard","5":"has-post-thumbnail","7":"category-paris","8":"tag-actualites","9":"tag-eu","10":"tag-europe","11":"tag-fr","12":"tag-france","13":"tag-ma-ville","14":"tag-news","15":"tag-paris","16":"tag-republique-francaise"},"share_on_mastodon":{"url":"https:\/\/pubeurope.com\/@fr\/114749850583825938","error":""},"_links":{"self":[{"href":"https:\/\/www.europesays.com\/fr\/wp-json\/wp\/v2\/posts\/205865","targetHints":{"allow":["GET"]}}],"collection":[{"href":"https:\/\/www.europesays.com\/fr\/wp-json\/wp\/v2\/posts"}],"about":[{"href":"https:\/\/www.europesays.com\/fr\/wp-json\/wp\/v2\/types\/post"}],"author":[{"embeddable":true,"href":"https:\/\/www.europesays.com\/fr\/wp-json\/wp\/v2\/users\/2"}],"replies":[{"embeddable":true,"href":"https:\/\/www.europesays.com\/fr\/wp-json\/wp\/v2\/comments?post=205865"}],"version-history":[{"count":0,"href":"https:\/\/www.europesays.com\/fr\/wp-json\/wp\/v2\/posts\/205865\/revisions"}],"wp:featuredmedia":[{"embeddable":true,"href":"https:\/\/www.europesays.com\/fr\/wp-json\/wp\/v2\/media\/205866"}],"wp:attachment":[{"href":"https:\/\/www.europesays.com\/fr\/wp-json\/wp\/v2\/media?parent=205865"}],"wp:term":[{"taxonomy":"category","embeddable":true,"href":"https:\/\/www.europesays.com\/fr\/wp-json\/wp\/v2\/categories?post=205865"},{"taxonomy":"post_tag","embeddable":true,"href":"https:\/\/www.europesays.com\/fr\/wp-json\/wp\/v2\/tags?post=205865"}],"curies":[{"name":"wp","href":"https:\/\/api.w.org\/{rel}","templated":true}]}}