{"id":205874,"date":"2025-06-26T13:19:09","date_gmt":"2025-06-26T13:19:09","guid":{"rendered":"https:\/\/www.europesays.com\/fr\/205874\/"},"modified":"2025-06-26T13:19:09","modified_gmt":"2025-06-26T13:19:09","slug":"angleterre-espoirs-allemagne-sur-quelle-chaine-tv-et-a-quelle-heure-voir-la-finale-de-leuro-espoirs","status":"publish","type":"post","link":"https:\/\/www.europesays.com\/fr\/205874\/","title":{"rendered":"Angleterre Espoirs &#8211; Allemagne : Sur quelle cha\u00eene TV et \u00e0 quelle heure voir la finale de l&rsquo;Euro Espoirs"},"content":{"rendered":"<p class=\"tagStyle_z4kqwb-o_O-style_1tcxgp3-o_O-style_1pinbx1-o_O-style_48hmcm\" data-mm-id=\"_w5gvoppui\"><strong>L&rsquo;Allemagne Espoirs n&rsquo;a laiss\u00e9 aucune chance aux Bleuets hier soir, et s&rsquo;est largement impos\u00e9e (3-0). La Mannschaft retrouvera l&rsquo;Angleterre en finale de l&rsquo;Euro, ce samedi dans le stade de Bratislava. D\u00e9couvrez \u00e0 quelle heure et sur quelle cha\u00eene voir cette rencontre. <\/strong><\/p>\n<p class=\"tagStyle_z4kqwb-o_O-style_1tcxgp3-o_O-style_1pinbx1-o_O-style_48hmcm\" data-mm-id=\"_7z3xtxx7b\">L&rsquo;Angleterre a \u00e9norm\u00e9ment souffert hier soir face aux Pays-Bas. Les Three Lions se sont impos\u00e9s   (2-1), gr\u00e2ce \u00e0 un doubl\u00e9 d&rsquo;Harvey Eliott. Les Anglais ne sont pas extr\u00eamement impressionnants depuis le d\u00e9but de la comp\u00e9tition. Ils ont marqu\u00e9 en toute fin de match lors de la demi-finale, et avant cela ils ont d\u00e9j\u00e0 enregistr\u00e9 une d\u00e9faite et un match nul en phase de poules. Malgr\u00e9 tout, leur effectif notamment compos\u00e9 d\u2019excellents joueurs de <a class=\"tagStyle_z4kqwb-o_O-style_10eod42\" href=\"https:\/\/www.90min.com\/fr\/leagues\/premier-league\" rel=\"nofollow noopener\" target=\"_blank\">Premier League<\/a>, en fait une \u00e9quipe redoutable. <\/p>\n<p class=\"tagStyle_z4kqwb-o_O-style_1tcxgp3-o_O-style_1pinbx1-o_O-style_48hmcm\" data-mm-id=\"_lwqqs82pq\">La d\u00e9faite des hommes de Lee Carsley en phase de poules \u00e9tait face \u00e0 l&rsquo;Allemagne. Et la Mannschaft compte bien s&rsquo;imposer une deuxi\u00e8me fois face aux Three Lions lors de cette finale. Les hommes d&rsquo;Antonio Di Salvo ont litt\u00e9ralement \u00e9cras\u00e9 la France lors de leur demi-finale (3-0). Un certain Nick Woltemade, qui avait particip\u00e9 au Final Four de la Ligue des Nations avec l&rsquo;\u00e9quipe premi\u00e8re des Allemands, est le meilleur buteur de la comp\u00e9tition avec six r\u00e9alisations. Ses co\u00e9quipiers et lui ont remport\u00e9 tous leur match de l&rsquo;Euro Espoirs 2025. <\/p>\n<p><img class=\"base_1emrqjj-o_O-initial_fzbddc-o_O-style_1a1csmw\" alt=\"SK\u00a0Slovan Bratislava v Manchester City - UEFA Champions League 2024\/25 League Phase MD2\" title=\"SK\u00a0Slovan Bratislava v Manchester City - UEFA Champions League 2024\/25 League Phase MD2\"\/><\/p>\n<p>Le Teheln\u00e9 pole de Bratislava.  \/ Christian Bruna\/GettyImages<\/p>\n<p class=\"tagStyle_z4kqwb-o_O-style_1tcxgp3-o_O-style_1pinbx1-o_O-style_48hmcm\" data-mm-id=\"_a3qr11ura\"><strong>Ville\u00a0<\/strong>: Bratislava<br \/><strong>Stade\u00a0<\/strong>: Teheln\u00e9 pole<br \/><strong>Capacit\u00e9<\/strong>\u00a0: 22 500 places<\/p>\n<p><strong>Heure\u00a0<\/strong>: 21h00<br \/><strong>Date<\/strong>\u00a0: Samedi 28 juin<\/p>\n<p class=\"tagStyle_z4kqwb-o_O-style_1tcxgp3-o_O-style_1pinbx1-o_O-style_48hmcm\" data-mm-id=\"_h71xtropi\"><strong>Chaine\u00a0<\/strong>: W9, beIN Sports 1<br \/><strong>Heure de diffusion<\/strong>\u00a0: 21h00<\/p>\n<p>RETROUVEZ LES DERNI\u00c8RES ACTUS LES PLUS CHAUDES, LES RUMEURS DE TRANSFERTS ET LES DERNI\u00c8RES NEWS<\/p>\n","protected":false},"excerpt":{"rendered":"L&rsquo;Allemagne Espoirs n&rsquo;a laiss\u00e9 aucune chance aux Bleuets hier soir, et s&rsquo;est largement impos\u00e9e (3-0). La Mannschaft retrouvera&hellip;\n","protected":false},"author":2,"featured_media":205875,"comment_status":"","ping_status":"","sticky":false,"template":"","format":"standard","meta":{"footnotes":""},"categories":[1587],"tags":[11,672,1804,1805,1803,1777,674,1801,12,1802],"class_list":{"0":"post-205874","1":"post","2":"type-post","3":"status-publish","4":"format-standard","5":"has-post-thumbnail","7":"category-allemagne","8":"tag-actualites","9":"tag-allemagne","10":"tag-bundesrepublik-deutschland","11":"tag-de","12":"tag-deutschland","13":"tag-eu","14":"tag-europe","15":"tag-germany","16":"tag-news","17":"tag-republique-federale-dallemagne"},"share_on_mastodon":{"url":"https:\/\/pubeurope.com\/@fr\/114749870104869028","error":""},"_links":{"self":[{"href":"https:\/\/www.europesays.com\/fr\/wp-json\/wp\/v2\/posts\/205874","targetHints":{"allow":["GET"]}}],"collection":[{"href":"https:\/\/www.europesays.com\/fr\/wp-json\/wp\/v2\/posts"}],"about":[{"href":"https:\/\/www.europesays.com\/fr\/wp-json\/wp\/v2\/types\/post"}],"author":[{"embeddable":true,"href":"https:\/\/www.europesays.com\/fr\/wp-json\/wp\/v2\/users\/2"}],"replies":[{"embeddable":true,"href":"https:\/\/www.europesays.com\/fr\/wp-json\/wp\/v2\/comments?post=205874"}],"version-history":[{"count":0,"href":"https:\/\/www.europesays.com\/fr\/wp-json\/wp\/v2\/posts\/205874\/revisions"}],"wp:featuredmedia":[{"embeddable":true,"href":"https:\/\/www.europesays.com\/fr\/wp-json\/wp\/v2\/media\/205875"}],"wp:attachment":[{"href":"https:\/\/www.europesays.com\/fr\/wp-json\/wp\/v2\/media?parent=205874"}],"wp:term":[{"taxonomy":"category","embeddable":true,"href":"https:\/\/www.europesays.com\/fr\/wp-json\/wp\/v2\/categories?post=205874"},{"taxonomy":"post_tag","embeddable":true,"href":"https:\/\/www.europesays.com\/fr\/wp-json\/wp\/v2\/tags?post=205874"}],"curies":[{"name":"wp","href":"https:\/\/api.w.org\/{rel}","templated":true}]}}