{"id":205876,"date":"2025-06-26T13:20:15","date_gmt":"2025-06-26T13:20:15","guid":{"rendered":"https:\/\/www.europesays.com\/fr\/205876\/"},"modified":"2025-06-26T13:20:15","modified_gmt":"2025-06-26T13:20:15","slug":"wall-street-vue-en-hausse-leurope-dans-le-vert-avec-la-defense","status":"publish","type":"post","link":"https:\/\/www.europesays.com\/fr\/205876\/","title":{"rendered":"Wall Street vue en hausse, l&rsquo;Europe dans le vert avec la d\u00e9fense"},"content":{"rendered":"<p>PARIS (Reuters) &#8211;     Wall Street est attendue en l\u00e9g\u00e8re hausse jeudi et les Bourses europ\u00e9ennes sont \u00e9galement orient\u00e9es dans le vert \u00e0 la mi-s\u00e9ance, dans un contexte d&rsquo;apaisement des inqui\u00e9tudes au Proche-Orient et alors que le march\u00e9 se tourne d\u00e9sormais vers d&rsquo;autres th\u00e9matiques comme les droits de douane, l&rsquo;ind\u00e9pendance de la Fed et les donn\u00e9es \u00e9conomiques cl\u00e9s am\u00e9ricaines.    Les futures sur indices new-yorkais signalent une ouverture de Wall Street en hausse de 0,23% pour le Dow Jones, de 0,31% pour le Standard &amp; Poor&rsquo;s 500 et de 0,44% pour le Nasdaq. <\/p>\n<p>\u00c0 Paris, le CAC 40 gagne 0,24% \u00e0 7.576,22 points vers 11h55 GMT. \u00c0 Francfort, le Dax avance de 0,51% et \u00e0 Londres, le FTSE prend 0,41%. <\/p>\n<p>L&rsquo;indice paneurop\u00e9en FTSEurofirst 300 progresse de 0,18% et l&rsquo;EuroStoxx 50 de la zone euro de 0,05%. Le Stoxx 600 avance de 0,20%, port\u00e9 notamment par le secteur de la d\u00e9fense (+1,52%) avec la hausse des d\u00e9penses des pays membres de l&rsquo;Otan. <\/p>\n<p>Les investisseurs sont rassur\u00e9s par le cessez-le-feu entre Isra\u00ebl et l&rsquo;Iran qui tient, tandis que le pr\u00e9sident am\u00e9ricain, Donald Trump, a annonc\u00e9 mardi soir que des discussions irano-am\u00e9ricaines se tiendraient la semaine prochaine. L&rsquo;attention du march\u00e9 se porte d\u00e9sormais sur la date butoir du 9 juillet pour un accord d\u00e9finitif sur les droits de douane dits \u00ab\u00a0r\u00e9ciproques\u00a0\u00bb. <\/p>\n<p>Les dirigeants de l&rsquo;Union europ\u00e9enne (UE), r\u00e9unis en sommet \u00e0 Bruxelles, doivent indiquer ce jeudi \u00e0 la Commission europ\u00e9enne s&rsquo;ils souhaitent conclure rapidement un accord commercial avec les Etats-Unis, au prix de conditions plus favorables \u00e0 Washington, ou s&rsquo;ils veulent durcir le bras de fer dans l&rsquo;espoir d&rsquo;obtenir davantage. Hormis le Royaume-Uni, peu de pays ont conclu pour le moment un accord d\u00e9finitif avec les Etats-Unis.<\/p>\n<p>\u00ab\u00a0Nous n&rsquo;avons pas beaucoup entendu parler d&rsquo;un accord entre les Etats-Unis et l&rsquo;Europe et \u00e0 mesure que nous nous rapprochons de la date limite sur les droits de douane, cela devient un facteur de risque plus important pour l&rsquo;Europe\u00a0\u00bb, r\u00e9sume Anthi Tsouvali, strat\u00e8ge multi-actifs chez UBS Global Wealth Management.<\/p>\n<p>Les march\u00e9s surveillent \u00e9galement les derniers d\u00e9veloppements dans le diff\u00e9rend entre Donald Trump et le pr\u00e9sident de la R\u00e9serve f\u00e9d\u00e9rale am\u00e9ricaine (Fed) alors que le locataire de la Maison blanche a dit mercredi avoir trois ou quatre noms pour remplacer Jerome Powell, semblant remettre en cause l&rsquo;ind\u00e9pendance de la banque centrale. D&rsquo;apr\u00e8s le Wall Street Journal, Jerome Powell pourrait \u00eatre remplac\u00e9 en septembre ou en octobre alors que son mandatprend fin en principe en mai 2026. <\/p>\n<p>La Fed est par ailleurs dans les radars des march\u00e9s avec la publication ce jeudi \u00e0 14h30 GMT de l&rsquo;estimation d\u00e9finitive du produit int\u00e9rieur brut am\u00e9ricain (PIB) pour le premier trimestre et avec la publication vendredi de l&rsquo;indice PCE des prix, mesure pr\u00e9f\u00e9r\u00e9e de l&rsquo;inflation par l&rsquo;institution. <\/p>\n<p>LES VALEURS \u00c0 SUIVRE \u00c0 WALL STREET<\/p>\n<p>Micron Technology prend 2,3% en avant-Bourse apr\u00e8s l&rsquo;annonce d&rsquo;une pr\u00e9vision de chiffre d&rsquo;affaires pour le trimestre en cours sup\u00e9rieur aux attentes de Wall Street. Dans son sillage, le secteur des semi-conducteurs est bien orient\u00e9 avec Marvell qui prend 2%, Advanced Micro Devices (AMD) 1,7% et Nvidia 1,1% en avant-Bourse.<\/p>\n<p>VALEURS EN EUROPE <\/p>\n<p>Carrefour chute de 8,55% alors que JPMorgan a abaiss\u00e9 son objectif de cours sur le distributeur, d\u00e9sormais plac\u00e9 sous surveillance n\u00e9gative. <\/p>\n<p>Edenred et Pluxee gagnent respectivement 6,14% et 2,34% apr\u00e8s la pr\u00e9sentation en France d&rsquo;un projet de r\u00e9forme des titres-restaurant visant \u00e0 moderniser et simplifier le syst\u00e8me. <\/p>\n<p>Worldline rebondit de pr\u00e8s de 10% apr\u00e8s un plongeon la veille une \u00e0 la suite d&rsquo;une enqu\u00eate sur des transactions douteuses. <\/p>\n<p>Trigano avance de 6,03%, le fabricant de camping-cars anticipant une \u00ab\u00a0dynamique favorable\u00a0\u00bb pour la prochaine saison. <\/p>\n<p>H&amp;M prend 3,78% avec la publication par le g\u00e9ant su\u00e9dois du pr\u00eat-\u00e0-porter d&rsquo;un b\u00e9n\u00e9fice trimestriel au-dessus du consensus.<\/p>\n<p>EQT gagne 4,87%, Citigroup \u00e9tant pass\u00e9 de \u00ab\u00a0neutre\u00a0\u00bb \u00e0 \u00ab\u00a0acheter\u00a0\u00bb sur le fonds d&rsquo;investissement su\u00e9dois.<\/p>\n<p>Le secteur de la d\u00e9fense est tir\u00e9 par Rheinmetall (+4,26%, Hensoldt (+2,7%) et Saab (+3,57%). <\/p>\n<p>TAUX <\/p>\n<p>Le rendement du Bund allemand \u00e0 dix ans c\u00e8de 1,6 point de base, \u00e0 2,546% apr\u00e8s un gain de trois points mercredi alors que les march\u00e9s \u00e9valuent l&rsquo;impact de la hausse des d\u00e9penses budg\u00e9taires sur la politique mon\u00e9taire.<\/p>\n<p>Le rendement des bons du Tr\u00e9sor am\u00e9ricain \u00e0 dix ans perd jeudi 2,2 points de base, \u00e0 4,271%, au lendemain d&rsquo;une quasi-stagnation et avant des indicateurs \u00e9conomiques cl\u00e9s.  <\/p>\n<p>CHANGES<\/p>\n<p>Le dollar est tomb\u00e9 jeudi \u00e0 un creux de plusieurs ann\u00e9es face \u00e0 l&rsquo;euro, la livre et le franc suisse en raison des inqui\u00e9tudes sur l&rsquo;ind\u00e9pendance future de la Fed, ce qui pourrait miner la confiance dans la solidit\u00e9 de la politique mon\u00e9taire des Etats-Unis. <\/p>\n<p>Le billet vert recule de 0,40% face \u00e0 un panier de devises. Contre l&rsquo;euro, il perd 0,34%, \u00e0 1,1699 apr\u00e8s avoir touch\u00e9 en s\u00e9ance 1,1708, son plus bas niveau depuis septembre 2021.<\/p>\n<p>La livre sterling progresse de 0,27% \u00e0 1,3701 dollar, apr\u00e8s avoir grimp\u00e9 \u00e0 1,3717 dollar en d\u00e9but de s\u00e9ance, son plus haut niveau depuis octobre 2021.<\/p>\n<p>Le dollar est \u00e0 son plus bas niveau depuis plus de dix ans face au franc suisse, \u00e0 0,8007.  <\/p>\n<p>P\u00c9TROLE <\/p>\n<p>Le march\u00e9 p\u00e9trolier monte encore jeudi, les investisseurs se concentrent sur les signaux li\u00e9s \u00e0 la demande : le Brent avance de 0,28% \u00e0 67,87 dollars le baril et le brut l\u00e9ger am\u00e9ricain (West Texas Intermediate, WTI) de 0,35% \u00e0 65,15 dollars. <\/p>\n<p> (R\u00e9dig\u00e9 par Claude Chendjou, \u00e9dit\u00e9 par Augustin Turpin)<\/p>\n","protected":false},"excerpt":{"rendered":"PARIS (Reuters) &#8211; Wall Street est attendue en l\u00e9g\u00e8re hausse jeudi et les Bourses europ\u00e9ennes sont \u00e9galement orient\u00e9es&hellip;\n","protected":false},"author":2,"featured_media":188393,"comment_status":"","ping_status":"","sticky":false,"template":"","format":"standard","meta":{"footnotes":""},"categories":[1586],"tags":[11,2125,1777,674,1011,27,2124,12,25],"class_list":{"0":"post-205876","1":"post","2":"type-post","3":"status-publish","4":"format-standard","5":"has-post-thumbnail","7":"category-europe","8":"tag-actualites","9":"tag-depeches-reuters","10":"tag-eu","11":"tag-europe","12":"tag-fr","13":"tag-france","14":"tag-infos-reuters","15":"tag-news","16":"tag-republique-francaise"},"share_on_mastodon":{"url":"https:\/\/pubeurope.com\/@fr\/114749874163110737","error":""},"_links":{"self":[{"href":"https:\/\/www.europesays.com\/fr\/wp-json\/wp\/v2\/posts\/205876","targetHints":{"allow":["GET"]}}],"collection":[{"href":"https:\/\/www.europesays.com\/fr\/wp-json\/wp\/v2\/posts"}],"about":[{"href":"https:\/\/www.europesays.com\/fr\/wp-json\/wp\/v2\/types\/post"}],"author":[{"embeddable":true,"href":"https:\/\/www.europesays.com\/fr\/wp-json\/wp\/v2\/users\/2"}],"replies":[{"embeddable":true,"href":"https:\/\/www.europesays.com\/fr\/wp-json\/wp\/v2\/comments?post=205876"}],"version-history":[{"count":0,"href":"https:\/\/www.europesays.com\/fr\/wp-json\/wp\/v2\/posts\/205876\/revisions"}],"wp:featuredmedia":[{"embeddable":true,"href":"https:\/\/www.europesays.com\/fr\/wp-json\/wp\/v2\/media\/188393"}],"wp:attachment":[{"href":"https:\/\/www.europesays.com\/fr\/wp-json\/wp\/v2\/media?parent=205876"}],"wp:term":[{"taxonomy":"category","embeddable":true,"href":"https:\/\/www.europesays.com\/fr\/wp-json\/wp\/v2\/categories?post=205876"},{"taxonomy":"post_tag","embeddable":true,"href":"https:\/\/www.europesays.com\/fr\/wp-json\/wp\/v2\/tags?post=205876"}],"curies":[{"name":"wp","href":"https:\/\/api.w.org\/{rel}","templated":true}]}}