{"id":205887,"date":"2025-06-26T13:27:09","date_gmt":"2025-06-26T13:27:09","guid":{"rendered":"https:\/\/www.europesays.com\/fr\/205887\/"},"modified":"2025-06-26T13:27:09","modified_gmt":"2025-06-26T13:27:09","slug":"international-jaminet-titulaire-10-francais-sur-la-feuille-la-compo-des-barbarians-pour-defier-lafrique-du-sud","status":"publish","type":"post","link":"https:\/\/www.europesays.com\/fr\/205887\/","title":{"rendered":"International &#8211; Jaminet titulaire, 10 \u00ab\u00a0Fran\u00e7ais\u00a0\u00bb sur la feuille&#8230; La compo des Barbarians pour d\u00e9fier l&rsquo;Afrique du Sud"},"content":{"rendered":"<p>\n                Samedi \u00e0 15h, les Barbarians britanniques affrontent les champions du monde Sud-Africains \u00e0 Cape Town. Face \u00e0 Siya Kolisi et consorts, 10 joueurs issus du Top 14 sont sur la feuille de match, dont l&rsquo;arri\u00e8re du Rugby club toulonnais, Melvyn Jaminet, titulaire \u00e0 l&rsquo;arri\u00e8re.\u00a0\n            <\/p>\n<p>Un an quasiment jour pour jour apr\u00e8s avoir battu les Fidji (45-32), la s\u00e9lection des Barbarians britanniques rechausse les crampons pour se frotter aux champions du monde sud-africains sur leur pelouse de Cape Town. Un match qui va servir de pr\u00e9paration aux Springboks pour leur tourn\u00e9e d&rsquo;\u00e9t\u00e9. Les partenaires de Siya Kolisi affronteront \u00e0 deux reprises l&rsquo;Italie (5 et 12 juillet) et la G\u00e9orgie (19 juillet).\u00a0<\/p>\n<p><strong>10 \u00ab\u00a0Fran\u00e7ais\u00a0\u00bb<\/strong><\/p>\n<p>Pour cette rencontre, qui g\u00e9n\u00e9ralement promet une orgie de jeu, le s\u00e9lectionneur n\u00e9o-z\u00e9landais des Baa-baas, Robbie Deans, a convoqu\u00e9 une \u00e9quipe de 23 joueurs, incluant de nombreux \u00e9l\u00e9ments du Top 14. Parmi eux, <a href=\"https:\/\/www.rugbyrama.fr\/joueur\/melvyn-jaminet\" target=\"_self\" rel=\"nofollow noopener\"><strong>Melvyn Jaminet. L&rsquo;arri\u00e8re toulonnais, priv\u00e9 du\u00a0XV de France,<\/strong> <\/a>voit\u00a0sa belle fin de saison r\u00e9compens\u00e9e avec cette s\u00e9lection internationale. Il sera accompagn\u00e9 par deux autres de ses co\u00e9quipiers du RCT : David Ribbans et Leicester Fainga&rsquo;anuku. Au total ils seront 10 pensionnaires du Top 14 \u00e0 fouler la pelouse de Cape Town ce week-end\u00a0: Hassane Kolingar (Racing 92), Camille Chat (Lyon), David Ribbans (Toulon), Leicester Fainga\u2019anuku (Toulon), Will Collier (Castres), Santiago Arata (Castres), Paul Alo-\u00c9mile (Stade Fran\u00e7ais), Joe Marchant (Stade Fran\u00e7ais) et Tawera Kerr-Barlow (La Rochelle).<\/p>\n<p><strong>29 ans de moyenne d&rsquo;\u00e2ge, 624 s\u00e9lections sur la feuille<\/strong><\/p>\n<p>En plus de ces habitu\u00e9s du Top 14, Robbie Deans a \u00e9galement coch\u00e9 sur la feuille des hommes d&rsquo;exp\u00e9rience tels que Sam Cane (ancien capitaine des All Blacks, 104 s\u00e9lections), Peter O&rsquo;Mahony (114 s\u00e9lections avec l&rsquo;Irlande, capitaine des Baa-baas) ou\u00a0Cian Healy (137 s\u00e9lections avec l&rsquo;Irlande). Au total, les Barbarians britanniques vont se pr\u00e9senter avec un groupe comptabilisant 624 s\u00e9lections et une moyenne d&rsquo;\u00e2ge de 29 ans. On peut dire que l&rsquo;\u00e9quipe ne manquera pas de m\u00e9tier pour d\u00e9fier ce qui se fait de mieux sur la plan\u00e8te ovale.<\/p>\n<p>    La composition des Barbarians britanniques<br \/>\n    \u00a0<\/p>\n<p><strong>XV de d\u00e9part.<\/strong>\u00a015. Jaminet ; 14. Tele&rsquo;a, 13. Faiga&rsquo;anuku, 12. Umaga-Jensen, 11. Ratumaitavuki-Kneepkins ; 10. Jacomb, 9. Kerr-Barlow ; 7. Cane, 8. Frizell, 6. O&rsquo;Mahony (cap.) ; 5. Ribbans, 4. Van Heerden ; 3. P.Alo-Emile, 2. Chat, 1. Healy.<\/p>\n<p>Rempla\u00e7ants\u00a0:\u00a016. Riccitelli, 17. Kolingar, 18. Collier, 19. Beehre, 20. Sotutu, 21. Arata, 22. Marchant, 23. Boshier.<\/p>\n<p>    La composition des Springboks<\/p>\n<p><strong>XV de d\u00e9part.<\/strong> 15. Fassi ; 14. Kolbe, 13. Kriel, 12. De Allende, 11. Arendse ; 10. Feinberg-Mngomezulu, 9. Van den Berg ; 7. Tshituka, 8. Du Preez, 6. Kolisi (cap.) ; 5. De Jager, 4. Kleyn ; 3. Ntlabakanye, 2. Marx, 1. Nche.<\/p>\n<p>Rempla\u00e7ants : 16. Van der Merwe, 17. Wessels, 18. Fouche, 19. Mostert, 20. Smith, 21. Reinach, 22. Libbok, 23. Esterhuizen.<\/p>\n","protected":false},"excerpt":{"rendered":"Samedi \u00e0 15h, les Barbarians britanniques affrontent les champions du monde Sud-Africains \u00e0 Cape Town. Face \u00e0 Siya&hellip;\n","protected":false},"author":2,"featured_media":205888,"comment_status":"","ping_status":"","sticky":false,"template":"","format":"standard","meta":{"footnotes":""},"categories":[1416],"tags":[1011,27,479,1468,60],"class_list":{"0":"post-205887","1":"post","2":"type-post","3":"status-publish","4":"format-standard","5":"has-post-thumbnail","7":"category-rugby","8":"tag-fr","9":"tag-france","10":"tag-rugby","11":"tag-rugby-football","12":"tag-sports"},"share_on_mastodon":{"url":"https:\/\/pubeurope.com\/@fr\/114749901571341460","error":""},"_links":{"self":[{"href":"https:\/\/www.europesays.com\/fr\/wp-json\/wp\/v2\/posts\/205887","targetHints":{"allow":["GET"]}}],"collection":[{"href":"https:\/\/www.europesays.com\/fr\/wp-json\/wp\/v2\/posts"}],"about":[{"href":"https:\/\/www.europesays.com\/fr\/wp-json\/wp\/v2\/types\/post"}],"author":[{"embeddable":true,"href":"https:\/\/www.europesays.com\/fr\/wp-json\/wp\/v2\/users\/2"}],"replies":[{"embeddable":true,"href":"https:\/\/www.europesays.com\/fr\/wp-json\/wp\/v2\/comments?post=205887"}],"version-history":[{"count":0,"href":"https:\/\/www.europesays.com\/fr\/wp-json\/wp\/v2\/posts\/205887\/revisions"}],"wp:featuredmedia":[{"embeddable":true,"href":"https:\/\/www.europesays.com\/fr\/wp-json\/wp\/v2\/media\/205888"}],"wp:attachment":[{"href":"https:\/\/www.europesays.com\/fr\/wp-json\/wp\/v2\/media?parent=205887"}],"wp:term":[{"taxonomy":"category","embeddable":true,"href":"https:\/\/www.europesays.com\/fr\/wp-json\/wp\/v2\/categories?post=205887"},{"taxonomy":"post_tag","embeddable":true,"href":"https:\/\/www.europesays.com\/fr\/wp-json\/wp\/v2\/tags?post=205887"}],"curies":[{"name":"wp","href":"https:\/\/api.w.org\/{rel}","templated":true}]}}