{"id":205899,"date":"2025-06-26T13:35:16","date_gmt":"2025-06-26T13:35:16","guid":{"rendered":"https:\/\/www.europesays.com\/fr\/205899\/"},"modified":"2025-06-26T13:35:16","modified_gmt":"2025-06-26T13:35:16","slug":"le-2e-symposium-de-la-sculpture-fait-flores-dans-les-jardins-du-bosquet-dales","status":"publish","type":"post","link":"https:\/\/www.europesays.com\/fr\/205899\/","title":{"rendered":"Le 2e Symposium de la sculpture fait flor\u00e8s dans les jardins du Bosquet d\u2019Al\u00e8s"},"content":{"rendered":"<p>\n                                                                Depuis le 10\u00a0juin, le 2e Symposium de la sculpture bat son plein dans le jardin du Bosquet d\u2019Al\u00e8s avec les professionnels et des \u00e9tudiants marocains.\n                            <\/p>\n<p>En dessous de la citadelle Vauban d\u2019Al\u00e8s, la poussi\u00e8re et les coups de ciseau sont au rendez-vous du 2e Symposium de la sculpture, sous la tutelle du sculpteur franco-\u00e9gyptien Ali Salem qui g\u00e8re une\u00a0\u00e9quipe d\u2019artistes de la taille de pierre.<\/p>\n<p>        <img decoding=\"async\" class=\"std-img__img responsive-img\" src=\"https:\/\/www.europesays.com\/fr\/wp-content\/uploads\/2025\/06\/1750944914_565_image.jpg\" alt=\"Le plaisir de sculpter et d\u2019\u00e9laborer de nouvelles cr\u00e9ations.\"\/><\/p>\n<p>                Le plaisir de sculpter et d\u2019\u00e9laborer de nouvelles cr\u00e9ations.<br \/>\n                                    Midi Libre &#8211; ALEXIS BETHUNE<\/p>\n<p>Ce dernier donne, de vive voix, quelques \u00e9l\u00e9ments sur la session en cours qui s\u2019ach\u00e8vera le 30\u00a0juin\u00a0: \u00ab\u00a0Au vu du succ\u00e8s de l\u2019ann\u00e9e derni\u00e8re qui avait rassembl\u00e9 une dizaine de sculpteurs issus de divers pays autour de la M\u00e9diterran\u00e9e. C\u2019est identique, cette ann\u00e9e, mais avec la pr\u00e9sence suppl\u00e9mentaire de six jeunes \u00e9tudiants des Beaux-arts de T\u00e9touan au Maroc.\u00a0\u00bb<\/p>\n<p>        <img decoding=\"async\" class=\"std-img__img responsive-img\" src=\"https:\/\/www.europesays.com\/fr\/wp-content\/uploads\/2025\/06\/1750944915_682_image.jpg\" alt=\"Le plaisir de sculpter et d\u2019\u00e9laborer de nouvelles cr\u00e9ations.\"\/><\/p>\n<p>                Le plaisir de sculpter et d\u2019\u00e9laborer de nouvelles cr\u00e9ations.<br \/>\n                                    Midi Libre &#8211; ALEXIS BETHUNE<\/p>\n<p>Un melting-pot de jeunes et de professionnels<\/p>\n<p>Sur place, on a pu rencontrer Rim Moalla, professeure de sculpture \u00e0 Sfax en Tunisie, en train de r\u00e9aliser\u00a0une \u0153uvre qui restera \u00e0 Al\u00e8s\u00a0: \u00ab\u00a0Je cr\u00e9e une forme\u00a0g\u00e9om\u00e9trique en utilisant l\u2019hexagone comme module, avec diff\u00e9rents niveaux de composition qui font miroiter la lumi\u00e8re.\u00a0\u00bb<\/p>\n<p>        <img decoding=\"async\" class=\"std-img__img responsive-img\" src=\"https:\/\/www.europesays.com\/fr\/wp-content\/uploads\/2025\/06\/1750944916_679_image.jpg\" alt=\"Le plaisir de sculpter et d\u2019\u00e9laborer de nouvelles cr\u00e9ations.\"\/><\/p>\n<p>                Le plaisir de sculpter et d\u2019\u00e9laborer de nouvelles cr\u00e9ations.<br \/>\n                                    Midi Libre &#8211; ALEXIS BETHUNE<\/p>\n<p>Un peu plus loin, Mohamed Bouaziz, un autre sculpteur tunisien, raconte\u00a0: \u00ab\u00a0J\u2019ai d\u00e9j\u00e0 particip\u00e9 \u00e0 plusieurs expositions collectives. En ce moment, je cr\u00e9e un personnage abstrait qui joue avec la lumi\u00e8re et annonce un autre monde.\u00a0\u00bb Parmi les jeunes stagiaires de T\u00e9touan, ces derniers, ravis d\u2019\u00eatre \u00e0 Al\u00e8s, jubilent au travers de cette exp\u00e9rience\u00a0: \u00ab\u00a0Nous avons fait avec Salem un workshop sur la sculpture de pierre pour nous familiariser avec les diff\u00e9rentes techniques de ce m\u00e9tier. Vraiment passionnant.\u00a0\u00bb\u00a0Une nouvelle exp\u00e9rience \u00e0 travers ce symposium o\u00f9 se m\u00ealent diverses g\u00e9n\u00e9rations d\u2019artistes du cercle m\u00e9diterran\u00e9en.<\/p>\n","protected":false},"excerpt":{"rendered":"Depuis le 10\u00a0juin, le 2e Symposium de la sculpture bat son plein dans le jardin du Bosquet d\u2019Al\u00e8s&hellip;\n","protected":false},"author":2,"featured_media":205900,"comment_status":"","ping_status":"","sticky":false,"template":"","format":"standard","meta":{"footnotes":""},"categories":[1358],"tags":[1348,1384,1385,1386,58,59,1011,27],"class_list":{"0":"post-205899","1":"post","2":"type-post","3":"status-publish","4":"format-standard","5":"has-post-thumbnail","7":"category-arts-et-design","8":"tag-arts","9":"tag-arts-and-design","10":"tag-arts-et-design","11":"tag-design","12":"tag-divertissement","13":"tag-entertainment","14":"tag-fr","15":"tag-france"},"share_on_mastodon":{"url":"https:\/\/pubeurope.com\/@fr\/114749933188621705","error":""},"_links":{"self":[{"href":"https:\/\/www.europesays.com\/fr\/wp-json\/wp\/v2\/posts\/205899","targetHints":{"allow":["GET"]}}],"collection":[{"href":"https:\/\/www.europesays.com\/fr\/wp-json\/wp\/v2\/posts"}],"about":[{"href":"https:\/\/www.europesays.com\/fr\/wp-json\/wp\/v2\/types\/post"}],"author":[{"embeddable":true,"href":"https:\/\/www.europesays.com\/fr\/wp-json\/wp\/v2\/users\/2"}],"replies":[{"embeddable":true,"href":"https:\/\/www.europesays.com\/fr\/wp-json\/wp\/v2\/comments?post=205899"}],"version-history":[{"count":0,"href":"https:\/\/www.europesays.com\/fr\/wp-json\/wp\/v2\/posts\/205899\/revisions"}],"wp:featuredmedia":[{"embeddable":true,"href":"https:\/\/www.europesays.com\/fr\/wp-json\/wp\/v2\/media\/205900"}],"wp:attachment":[{"href":"https:\/\/www.europesays.com\/fr\/wp-json\/wp\/v2\/media?parent=205899"}],"wp:term":[{"taxonomy":"category","embeddable":true,"href":"https:\/\/www.europesays.com\/fr\/wp-json\/wp\/v2\/categories?post=205899"},{"taxonomy":"post_tag","embeddable":true,"href":"https:\/\/www.europesays.com\/fr\/wp-json\/wp\/v2\/tags?post=205899"}],"curies":[{"name":"wp","href":"https:\/\/api.w.org\/{rel}","templated":true}]}}