{"id":20590,"date":"2025-04-12T21:06:21","date_gmt":"2025-04-12T21:06:21","guid":{"rendered":"https:\/\/www.europesays.com\/fr\/20590\/"},"modified":"2025-04-12T21:06:21","modified_gmt":"2025-04-12T21:06:21","slug":"strasbourg-limaginaire-artistique-du-musee-zoologique-se-devoile-dans-un-livre-2","status":"publish","type":"post","link":"https:\/\/www.europesays.com\/fr\/20590\/","title":{"rendered":"Strasbourg. L\u2019imaginaire artistique du Mus\u00e9e zoologique se d\u00e9voile dans un livre"},"content":{"rendered":"<p>Vous aussi, il vous tarde d\u2019admirer les milliers de sp\u00e9cimens restaur\u00e9s qui habiteront les nouveaux espaces d\u2019exposition du Mus\u00e9e zoologique, quand il rouvrira enfin ses portes, \u00e0 l\u2019issue de six longues ann\u00e9es de travaux, <a href=\"https:\/\/www.dna.fr\/culture-loisirs\/2025\/04\/04\/tous-au-musee-zoologique-de-strasbourg-pour-sa-reouverture\" target=\"_blank\" rel=\"nofollow noopener\">le 19\u00a0septembre prochain\u00a0?<\/a><\/p>\n<p>Pour patienter durant l\u2019\u00e9t\u00e9, et rappeler que de tout temps, le mus\u00e9e et ses collections ont aussi \u00e9t\u00e9 sources d\u2019inspiration pour les artistes de la r\u00e9gion, l\u2019Association des amis du mus\u00e9e zoologique de Strasbourg (AAMZS), cr\u00e9\u00e9e en 2019, s\u2019appr\u00eate \u00e0 publier, aux Presses universitaires de Strasbourg, un tr\u00e8s beau livre intitul\u00e9  L\u2019imaginaire artistique d\u2019un mus\u00e9e zoologique &#8211; Un bestiaire strasbourgeois contemporain \u00a0; sorte de catalogue reprenant les \u0153uvres d\u2019une trentaine d\u2019artistes. \u00ab\u00a0Une d\u00e9marche&#8230;<\/p>\n","protected":false},"excerpt":{"rendered":"Vous aussi, il vous tarde d\u2019admirer les milliers de sp\u00e9cimens restaur\u00e9s qui habiteront les nouveaux espaces d\u2019exposition du&hellip;\n","protected":false},"author":2,"featured_media":20591,"comment_status":"","ping_status":"","sticky":false,"template":"","format":"standard","meta":{"footnotes":""},"categories":[2820],"tags":[1111,11,1867,1687,2880,1777,674,107,1011,27,775,2410,12,2661,25,104,640,2879],"class_list":{"0":"post-20590","1":"post","2":"type-post","3":"status-publish","4":"format-standard","5":"has-post-thumbnail","7":"category-strasbourg","8":"tag-actu","9":"tag-actualites","10":"tag-animaux","11":"tag-culture-loisirs","12":"tag-edition-strasbourg","13":"tag-eu","14":"tag-europe","15":"tag-fil-info","16":"tag-fr","17":"tag-france","18":"tag-grand-est","19":"tag-livres-bd","20":"tag-news","21":"tag-patrimoine-culturel","22":"tag-republique-francaise","23":"tag-societe","24":"tag-strasbourg","25":"tag-strasbourg-ville"},"share_on_mastodon":{"url":"https:\/\/pubeurope.com\/@fr\/114327033198951847","error":""},"_links":{"self":[{"href":"https:\/\/www.europesays.com\/fr\/wp-json\/wp\/v2\/posts\/20590","targetHints":{"allow":["GET"]}}],"collection":[{"href":"https:\/\/www.europesays.com\/fr\/wp-json\/wp\/v2\/posts"}],"about":[{"href":"https:\/\/www.europesays.com\/fr\/wp-json\/wp\/v2\/types\/post"}],"author":[{"embeddable":true,"href":"https:\/\/www.europesays.com\/fr\/wp-json\/wp\/v2\/users\/2"}],"replies":[{"embeddable":true,"href":"https:\/\/www.europesays.com\/fr\/wp-json\/wp\/v2\/comments?post=20590"}],"version-history":[{"count":0,"href":"https:\/\/www.europesays.com\/fr\/wp-json\/wp\/v2\/posts\/20590\/revisions"}],"wp:featuredmedia":[{"embeddable":true,"href":"https:\/\/www.europesays.com\/fr\/wp-json\/wp\/v2\/media\/20591"}],"wp:attachment":[{"href":"https:\/\/www.europesays.com\/fr\/wp-json\/wp\/v2\/media?parent=20590"}],"wp:term":[{"taxonomy":"category","embeddable":true,"href":"https:\/\/www.europesays.com\/fr\/wp-json\/wp\/v2\/categories?post=20590"},{"taxonomy":"post_tag","embeddable":true,"href":"https:\/\/www.europesays.com\/fr\/wp-json\/wp\/v2\/tags?post=20590"}],"curies":[{"name":"wp","href":"https:\/\/api.w.org\/{rel}","templated":true}]}}