{"id":205901,"date":"2025-06-26T13:36:12","date_gmt":"2025-06-26T13:36:12","guid":{"rendered":"https:\/\/www.europesays.com\/fr\/205901\/"},"modified":"2025-06-26T13:36:12","modified_gmt":"2025-06-26T13:36:12","slug":"cormoranche-sur-saone-lanimation-culturelle-partir-en-livre-organisee-par-les-membres-de-la-bibliotheque","status":"publish","type":"post","link":"https:\/\/www.europesays.com\/fr\/205901\/","title":{"rendered":"Cormoranche-sur-Sa\u00f4ne. L\u2019animation culturelle Partir en\u00a0livre organis\u00e9e par les membres de la biblioth\u00e8que"},"content":{"rendered":"<p>L\u2019animation culturelle nationale Partir en livre sera conduite au village par les membres de la biblioth\u00e8que municipale ce mardi 1er \u00a0juillet de 8\u00a0h\u00a030 \u00e0 16\u00a0h\u00a030. Elle se d\u00e9roulera en plein air derri\u00e8re le b\u00e2timent de la biblioth\u00e8que. C\u2019est un moment particulier pour les classes de l\u2019\u00e9cole de Cormoranche et Bey et les enseignants avec des rencontres pour faire voyager les enfants \u00e0 travers les livres.<\/p>\n<p class=\"note\">F\u00eate de fin d\u2019ann\u00e9e scolaire des \u00e9coles de Cormoranche et Bey\u00a0: vendredi 27\u00a0juin \u00e0 18\u00a0heures dans la cour des \u00e9coles.<\/p>\n","protected":false},"excerpt":{"rendered":"L\u2019animation culturelle nationale Partir en livre sera conduite au village par les membres de la biblioth\u00e8que municipale ce&hellip;\n","protected":false},"author":2,"featured_media":205902,"comment_status":"","ping_status":"","sticky":false,"template":"","format":"standard","meta":{"footnotes":""},"categories":[1357],"tags":[1379,34467,1687,58,6751,59,1011,27,1380,2410,34468],"class_list":{"0":"post-205901","1":"post","2":"type-post","3":"status-publish","4":"format-standard","5":"has-post-thumbnail","7":"category-livres","8":"tag-books","9":"tag-cormoranche-sur-saone","10":"tag-culture-loisirs","11":"tag-divertissement","12":"tag-edition-ain-ouest","13":"tag-entertainment","14":"tag-fr","15":"tag-france","16":"tag-livres","17":"tag-livres-bd","18":"tag-pont-de-veyle-bassin"},"share_on_mastodon":{"url":"https:\/\/pubeurope.com\/@fr\/114749937061335828","error":""},"_links":{"self":[{"href":"https:\/\/www.europesays.com\/fr\/wp-json\/wp\/v2\/posts\/205901","targetHints":{"allow":["GET"]}}],"collection":[{"href":"https:\/\/www.europesays.com\/fr\/wp-json\/wp\/v2\/posts"}],"about":[{"href":"https:\/\/www.europesays.com\/fr\/wp-json\/wp\/v2\/types\/post"}],"author":[{"embeddable":true,"href":"https:\/\/www.europesays.com\/fr\/wp-json\/wp\/v2\/users\/2"}],"replies":[{"embeddable":true,"href":"https:\/\/www.europesays.com\/fr\/wp-json\/wp\/v2\/comments?post=205901"}],"version-history":[{"count":0,"href":"https:\/\/www.europesays.com\/fr\/wp-json\/wp\/v2\/posts\/205901\/revisions"}],"wp:featuredmedia":[{"embeddable":true,"href":"https:\/\/www.europesays.com\/fr\/wp-json\/wp\/v2\/media\/205902"}],"wp:attachment":[{"href":"https:\/\/www.europesays.com\/fr\/wp-json\/wp\/v2\/media?parent=205901"}],"wp:term":[{"taxonomy":"category","embeddable":true,"href":"https:\/\/www.europesays.com\/fr\/wp-json\/wp\/v2\/categories?post=205901"},{"taxonomy":"post_tag","embeddable":true,"href":"https:\/\/www.europesays.com\/fr\/wp-json\/wp\/v2\/tags?post=205901"}],"curies":[{"name":"wp","href":"https:\/\/api.w.org\/{rel}","templated":true}]}}