{"id":205907,"date":"2025-06-26T13:39:15","date_gmt":"2025-06-26T13:39:15","guid":{"rendered":"https:\/\/www.europesays.com\/fr\/205907\/"},"modified":"2025-06-26T13:39:15","modified_gmt":"2025-06-26T13:39:15","slug":"le-realisateur-du-nouveau-film-chez-marvel-confirme-par-erreur","status":"publish","type":"post","link":"https:\/\/www.europesays.com\/fr\/205907\/","title":{"rendered":"le r\u00e9alisateur du nouveau film chez Marvel confirm\u00e9 par erreur ?"},"content":{"rendered":"<p>Apr\u00e8s les <a href=\"https:\/\/www.journaldugeek.com\/2025\/05\/21\/les-quatre-fantastiques-premiers-pas-et-premiers-spoils-pour-le-film-marvel\/\" target=\"_blank\" rel=\"noopener\">Quatre Fantastiques<\/a>, c\u2019est le prochain gros chantier de Marvel au cin\u00e9ma. Les X-Men sont en marche, et pas seulement pour jouer les seconds couteaux dans Avengers\u00a0: Doomsday et Secret Wars. Apr\u00e8s le rachat de la 20th Century Fox par Disney, Marvel s\u2019est offert le luxe de rapatrier ses personnages d\u00e9velopp\u00e9s par le studio. Pour son troisi\u00e8me film, Deadpool profitait ainsi de la banni\u00e8re Marvel, tandis que le Professeur Xavier et Fauve \u00e9taient invit\u00e9s \u00e0 la distribution de Doctor Strange in the Multiverse of Madness ainsi que The Marvels. Pour autant, aucun film enti\u00e8rement consacr\u00e9 \u00e0 l\u2019\u00e9quipe n\u2019a encore \u00e9t\u00e9 propos\u00e9. \u00c7a ne saurait tarder. Si Kevin Feige n\u2019a encore rien officialis\u00e9, la rumeur enfle. De nouvelles informations viennent d\u2019\u00eatre partag\u00e9es\u2026 par erreur. En pleine campagne promotionnelle pour <a href=\"https:\/\/www.journaldugeek.com\/critique\/critique-ironheart-la-catastrophe-annoncee-pour-marvel\/\" target=\"_blank\" rel=\"false noopener\">Ironheart<\/a>, qu\u2019il produit,<strong> Ryan Coogler a ni\u00e9 \u00eatre impliqu\u00e9 dans le processus cr\u00e9atif.<\/strong> Son nom comptait parmi les r\u00e9alisateurs envisag\u00e9s pour immortaliser ces X-Men 3.0.<\/p>\n<p>Il a n\u00e9anmoins confirm\u00e9 l\u2019identit\u00e9 de celui qui \u00e9tait en charge du projet, sans doute un peu trop t\u00f4t pour Marvel. En effet, c\u2019est <strong>Jake Schreier<\/strong> qui immortalisera les premi\u00e8res aventures de l\u2019\u00e9quipe de Charles Xavier au cin\u00e9ma. Pour l\u2019heure, on ne sait pas si le studio envisage de convier de nouveaux interpr\u00e8tes pour chacun des personnages ou s\u2019il s\u2019agira de compter sur leurs interpr\u00e8tes historiques. Apr\u00e8s tout, <strong>Ian McKellen, Patrick Stewart et James Marsden vont reprendre du service pour Doomsday.<\/strong><\/p>\n<blockquote class=\"twitter-tweet\" data-width=\"500\" data-dnt=\"true\">\n<p lang=\"en\" dir=\"ltr\">\ud83d\udea8 Ryan Coogler confirms Jake Schreier will direct the X-Men reboot <\/p>\n<p>\ud83c\udfa5: <a href=\"https:\/\/twitter.com\/zacidk?ref_src=twsrc%5Etfw\" target=\"_blank\" rel=\"noopener\">@zacidk<\/a> <a href=\"https:\/\/t.co\/DCPDYBP6Kd\">pic.twitter.com\/DCPDYBP6Kd<\/a><\/p>\n<p>\u2014 Metro Entertainment (@Metro_Ents) <a href=\"https:\/\/twitter.com\/Metro_Ents\/status\/1937458008138674585?ref_src=twsrc%5Etfw\" target=\"_blank\" rel=\"noopener\">June 24, 2025<\/a><\/p>\n<\/blockquote>\n<p>  Pourquoi c\u2019est le bon choix\u00a0? <\/p>\n<p>Confier l\u2019un des films les plus attendus chez Marvel au r\u00e9alisateur qui a fait \u00e9clore le dernier bide de l\u2019\u00e9curie, l\u2019id\u00e9e peut pr\u00eater \u00e0 confusion. Pour autant, Jake Schreier s\u2019est illustr\u00e9 comme un solide artisan du divertissement ambitieux avec son <a href=\"https:\/\/www.journaldugeek.com\/2025\/06\/04\/thunderbolts-est-il-vraiment-un-flop-de-plus-pour-marvel\/\" target=\"_blank\" rel=\"noopener\">Thunderbolts*<\/a>. Il a prouv\u00e9 qu\u2019il savait y faire avec les \u00e9quipes, en se consacrant \u00e0 raconter les d\u00e9boires de Yelena Belova, Bucky Barnes, Red Guardian ou encore Bob. Un film \u00e0 la <strong>port\u00e9e \u00e9motionnelle assum\u00e9e<\/strong> et avec <strong>un propos politique pertinent<\/strong>, c\u2019est presque tout ce dont on besoin les X-Men pour convaincre. On peut aussi souligner que <strong>l\u2019alt\u00e9rit\u00e9<\/strong> \u00e9tait \u00e0 l\u2019\u00e9picentre de la derni\u00e8re proposition de Marvel et que c\u2019est aussi ce qui fait le moteur de l\u2019histoire de ces mutants rejet\u00e9s de tous.<\/p>\n<p>Reste \u00e0 voir d\u00e9sormais quand Marvel se r\u00e9soudra \u00e0 confirmer la mise en chantier du film et surtout quand il sera propos\u00e9 dans les salles obscures. En 2028, quatre films Marvel ont \u00e9t\u00e9 programm\u00e9s sans que les titres soient communiqu\u00e9s. Alors que Secret Wars doit ouvrir une nouvelle saga pour l\u2019entreprise, on voit difficilement Marvel se priver d\u2019une occasion de faire des X-Men les t\u00eates d\u2019affiche. \u00c0 noter que le public ne doit pas s\u2019attendre \u00e0 en apprendre plus sur la question lors du Comic-Con de San Diego. En 2025, la Maison des id\u00e9es va faire l\u2019impasse sur l\u2019\u00e9v\u00e9nement pour sa division cin\u00e9matographique et t\u00e9l\u00e9visuelle. Il faut dire qu\u2019\u00e0 l\u2019heure o\u00f9 <a href=\"https:\/\/www.journaldugeek.com\/2025\/06\/10\/captain-america-dans-avengers-doomsday-chris-evans-repond\/\" target=\"_blank\" rel=\"noopener\">Avengers\u00a0: Doomsday<\/a> est en tournage et o\u00f9 Les 4 Fantastiques, premiers pas doit investir les salles obscures, on comprend ais\u00e9ment pourquoi Feige et ses \u00e9quipes pr\u00e9f\u00e8rent se concentrer sur l\u2019instant pr\u00e9sent plut\u00f4t que d\u2019annoncer quantit\u00e9 de projets qui ne verront jamais le jour (Armor Wars, Blade\u2026).<\/p>\n<\/p>\n<p>    <a href=\"https:\/\/www.youtube.com\/user\/JournalduGeek?sub_confirmation=1\" target=\"_blank\" rel=\"nofollow noopener\"><br \/>\n        S&rsquo;abonner \u00e0 Journal du Geek<br \/>\n    <\/a> <\/p>\n<blockquote>\n<p class=\"text-base text-neutral-700 dark:text-neutral-300\">\ud83d\udfe3 Pour ne manquer aucune news sur le Journal du Geek, abonnez-vous sur <a href=\"https:\/\/news.google.com\/publications\/CAAqBwgKMNr_hAswwYyCAw?hl=fr&amp;gl=FR&amp;ceid=FR%3Afr\" target=\"_blank\" rel=\"noopener\">Google Actualit\u00e9s<\/a> et sur <a href=\"https:\/\/whatsapp.com\/channel\/0029VaClM5y4tRry12tb7D2h\" target=\"_blank\" rel=\"noopener\">notre WhatsApp<\/a>. Et si vous nous adorez, on a <a href=\"https:\/\/www.journaldugeek.com\/newsletter\/\" target=\"_blank\" rel=\"noopener\">une newsletter tous les matins<\/a>.<\/p>\n<\/blockquote>\n<p>        <script async src=\"https:\/\/platform.twitter.com\/widgets.js\" charset=\"utf-8\"><\/script><\/p>\n","protected":false},"excerpt":{"rendered":"Apr\u00e8s les Quatre Fantastiques, c\u2019est le prochain gros chantier de Marvel au cin\u00e9ma. Les X-Men sont en marche,&hellip;\n","protected":false},"author":2,"featured_media":205908,"comment_status":"","ping_status":"","sticky":false,"template":"","format":"standard","meta":{"footnotes":""},"categories":[1354],"tags":[4553,58,59,1346,1011,27,2135,11224,1360,26589],"class_list":{"0":"post-205907","1":"post","2":"type-post","3":"status-publish","4":"format-standard","5":"has-post-thumbnail","7":"category-films","8":"tag-avengers-doomsday","9":"tag-divertissement","10":"tag-entertainment","11":"tag-films","12":"tag-fr","13":"tag-france","14":"tag-marvel","15":"tag-mcu","16":"tag-movies","17":"tag-x-men"},"share_on_mastodon":{"url":"https:\/\/pubeurope.com\/@fr\/114749949051541618","error":""},"_links":{"self":[{"href":"https:\/\/www.europesays.com\/fr\/wp-json\/wp\/v2\/posts\/205907","targetHints":{"allow":["GET"]}}],"collection":[{"href":"https:\/\/www.europesays.com\/fr\/wp-json\/wp\/v2\/posts"}],"about":[{"href":"https:\/\/www.europesays.com\/fr\/wp-json\/wp\/v2\/types\/post"}],"author":[{"embeddable":true,"href":"https:\/\/www.europesays.com\/fr\/wp-json\/wp\/v2\/users\/2"}],"replies":[{"embeddable":true,"href":"https:\/\/www.europesays.com\/fr\/wp-json\/wp\/v2\/comments?post=205907"}],"version-history":[{"count":0,"href":"https:\/\/www.europesays.com\/fr\/wp-json\/wp\/v2\/posts\/205907\/revisions"}],"wp:featuredmedia":[{"embeddable":true,"href":"https:\/\/www.europesays.com\/fr\/wp-json\/wp\/v2\/media\/205908"}],"wp:attachment":[{"href":"https:\/\/www.europesays.com\/fr\/wp-json\/wp\/v2\/media?parent=205907"}],"wp:term":[{"taxonomy":"category","embeddable":true,"href":"https:\/\/www.europesays.com\/fr\/wp-json\/wp\/v2\/categories?post=205907"},{"taxonomy":"post_tag","embeddable":true,"href":"https:\/\/www.europesays.com\/fr\/wp-json\/wp\/v2\/tags?post=205907"}],"curies":[{"name":"wp","href":"https:\/\/api.w.org\/{rel}","templated":true}]}}