{"id":205912,"date":"2025-06-26T13:42:09","date_gmt":"2025-06-26T13:42:09","guid":{"rendered":"https:\/\/www.europesays.com\/fr\/205912\/"},"modified":"2025-06-26T13:42:09","modified_gmt":"2025-06-26T13:42:09","slug":"kate-middleton-gravement-malade-avant-son-operation-elle-aurait-pu-ne-pas-passer-lannee-2024","status":"publish","type":"post","link":"https:\/\/www.europesays.com\/fr\/205912\/","title":{"rendered":"Kate Middleton \u00ab\u00a0gravement malade avant son op\u00e9ration\u00a0\u00bb : elle aurait pu ne pas passer l\u2019ann\u00e9e 2024"},"content":{"rendered":"<p>La nouvelle avait plong\u00e9 le Royaume-Uni dans la sid\u00e9ration. Dans<br \/>\nune vid\u00e9o publi\u00e9e le 22 mars 2024, <a href=\"https:\/\/www.closermag.fr\/royautes\/kate-middleton-face-au-cancer-ce-nom-de-code-que-william-a-choisi-si-la-princesse-devait-mourir-3557685\" target=\"_blank\" rel=\"noopener\"><br \/>\nKate Middleton annon\u00e7ait avoir \u00e9t\u00e9 diagnostiqu\u00e9e d\u2019un cancer<\/a>.<br \/>\n\u00ab\u00a0En janvier, j&rsquo;ai subi une importante op\u00e9ration chirurgicale de<br \/>\nl&rsquo;abdomen \u00e0 Londres. \u00c0 cette \u00e9poque, on pensait que mes l\u00e9sions<br \/>\n\u00e9taient non canc\u00e9reuses. L&rsquo;intervention s&rsquo;est bien pass\u00e9e, mais<br \/>\nlors des tests qui ont suivi cette op\u00e9ration, on a d\u00e9couvert un<br \/>\ncancer\u00a0\u00bb, avait-elle d\u00e9clar\u00e9.<\/p>\n<p><img loading=\"lazy\" decoding=\"async\" aria-describedby=\"caption-attachment-3558572\" itemprop=\"thumbnailUrl\" class=\"size-medium wp-image-3558572 img-responsive\" src=\"https:\/\/www.europesays.com\/fr\/wp-content\/uploads\/2025\/06\/bestimage_00711258_000017-233x300.jpg\" alt=\"\" width=\"233\" height=\"300\"\/> \u00a9 GOFF INF \/<br \/>\nBESTIMAGE<\/p>\n<p id=\"caption-attachment-3558572\" class=\"wp-caption-text\">Selon<br \/>\nune experte, l&rsquo;\u00e9tat de sant\u00e9 de Kate \u00e9tait tr\u00e8s pr\u00e9occupant avant<br \/>\nson op\u00e9ration de janvier 2024.<\/p>\n<p>Si elle n\u2019a jamais rien laiss\u00e9 para\u00eetre, la princesse de Galles<br \/>\nse trouvait, au moment de son op\u00e9ration chirurgicale, dans un \u00e9tat<br \/>\ntr\u00e8s s\u00e9rieux. Selon Rebecca English, sp\u00e9cialiste de la royaut\u00e9,<br \/>\n<strong>l\u2019\u00e9tat de sant\u00e9 de Kate \u00e9tait si pr\u00e9occupant que la famille<br \/>\nroyale a eu peur de la perdre.<\/strong><\/p>\n<p>\u00ab\u00a0Kate Middleton\u00a0a de la chance de pouvoir ne serait-ce<br \/>\nque parler de gu\u00e9rison\u00a0\u00bb<\/p>\n<p>\u00ab\u00a0Comme je l\u2019ai expliqu\u00e9 dans le pass\u00e9, <strong>la princesse<br \/>\n\u00e9tait tr\u00e8s s\u00e9rieusement malade<\/strong> dans les semaines qui ont<br \/>\npr\u00e9c\u00e9d\u00e9 son op\u00e9ration, confie la journaliste dans les colonnes<br \/>\ndu Daily Mail. Et bien que ce soit \u00e0 elle de raconter cette<br \/>\nhistoire \u2013 si elle souhaite un jour le faire \u2013 je peux vous dire<br \/>\nque, de ce que j\u2019ai entendu, <strong>elle a de la chance de pouvoir<br \/>\nne serait-ce que parler de gu\u00e9rison.\u00a0\u00bb<\/strong><\/p>\n<p>Le 14 janvier 2025, l\u2019\u00e9pouse du <a href=\"https:\/\/www.closermag.fr\/royautes\/prince-william-ce-voyage-inedit-au-bresil-dont-kate-nest-pas-certaine-de-faire-partie-3558104\" target=\"_blank\" rel=\"noopener\"><br \/>\nprince William<\/a> a annonc\u00e9 \u00eatre en <a href=\"https:\/\/www.closermag.fr\/royautes\/kate-middleton-en-remission-de-son-cancer-ce-plan-soigneusement-calibre-que-suit-la-princesse-3509689\" target=\"_blank\" rel=\"noopener\"><br \/>\nr\u00e9mission de son cancer<\/a> apr\u00e8s une longue chimioth\u00e9rapie<br \/>\npr\u00e9ventive. \u00ab\u00a0C&rsquo;est un soulagement d&rsquo;\u00eatre maintenant en<br \/>\nr\u00e9mission et je reste focalis\u00e9e sur ma convalescence\u00a0\u00bb<br \/>\navait-elle alors \u00e9crit sur X, anciennement Twitter.<\/p>\n<p>Les stigmates du cancer encore bien<br \/>\npr\u00e9sentes<\/p>\n<p>L\u2019avenir semble donc plus serein pour la princesse, mais<br \/>\n<strong>la maladie reste bien pr\u00e9sente<\/strong> dans son quotidien.<br \/>\nCourant juin 2025, elle a m\u00eame d\u00fb <strong>annuler sa venue au Royal<br \/>\nAscot<\/strong>, o\u00f9 elle \u00e9tait pourtant tr\u00e8s attendue. Selon les<br \/>\nexperts, elle n\u2019\u00e9tait pas assez en forme pour accompagner le prince<br \/>\nWilliam \u00e0 la course hippique.<\/p>\n<p>\u00ab\u00a0Elle n\u2019est pas en \u00e9tat de faire plaisir \u00e0 tout le<br \/>\nmonde, a estim\u00e9 la commentatrice royale Ingrid Seward.<br \/>\nKate est peut-\u00eatre de retour, mais elle le fait de mani\u00e8re<br \/>\nsens\u00e9e et selon ses propres conditions. <strong>Ses priorit\u00e9s ont<br \/>\nchang\u00e9 et elle \u00e9coute son corps<\/strong>, au lieu de chercher \u00e0<br \/>\nplaire aux autres. Elle doit absolument \u00eatre stricte avec elle-m\u00eame<br \/>\net se dire : \u2018Non, je ne peux pas faire \u00e7a.\u2019\u00a0\u00bb.<\/p>\n","protected":false},"excerpt":{"rendered":"La nouvelle avait plong\u00e9 le Royaume-Uni dans la sid\u00e9ration. Dans une vid\u00e9o publi\u00e9e le 22 mars 2024, Kate&hellip;\n","protected":false},"author":2,"featured_media":205913,"comment_status":"","ping_status":"","sticky":false,"template":"","format":"standard","meta":{"footnotes":""},"categories":[8],"tags":[548,58,59,1011,27,5858],"class_list":{"0":"post-205912","1":"post","2":"type-post","3":"status-publish","4":"format-standard","5":"has-post-thumbnail","7":"category-divertissement","8":"tag-article-simple","9":"tag-divertissement","10":"tag-entertainment","11":"tag-fr","12":"tag-france","13":"tag-kate-middleton"},"share_on_mastodon":{"url":"https:\/\/pubeurope.com\/@fr\/114749960819878735","error":""},"_links":{"self":[{"href":"https:\/\/www.europesays.com\/fr\/wp-json\/wp\/v2\/posts\/205912","targetHints":{"allow":["GET"]}}],"collection":[{"href":"https:\/\/www.europesays.com\/fr\/wp-json\/wp\/v2\/posts"}],"about":[{"href":"https:\/\/www.europesays.com\/fr\/wp-json\/wp\/v2\/types\/post"}],"author":[{"embeddable":true,"href":"https:\/\/www.europesays.com\/fr\/wp-json\/wp\/v2\/users\/2"}],"replies":[{"embeddable":true,"href":"https:\/\/www.europesays.com\/fr\/wp-json\/wp\/v2\/comments?post=205912"}],"version-history":[{"count":0,"href":"https:\/\/www.europesays.com\/fr\/wp-json\/wp\/v2\/posts\/205912\/revisions"}],"wp:featuredmedia":[{"embeddable":true,"href":"https:\/\/www.europesays.com\/fr\/wp-json\/wp\/v2\/media\/205913"}],"wp:attachment":[{"href":"https:\/\/www.europesays.com\/fr\/wp-json\/wp\/v2\/media?parent=205912"}],"wp:term":[{"taxonomy":"category","embeddable":true,"href":"https:\/\/www.europesays.com\/fr\/wp-json\/wp\/v2\/categories?post=205912"},{"taxonomy":"post_tag","embeddable":true,"href":"https:\/\/www.europesays.com\/fr\/wp-json\/wp\/v2\/tags?post=205912"}],"curies":[{"name":"wp","href":"https:\/\/api.w.org\/{rel}","templated":true}]}}