{"id":205916,"date":"2025-06-26T13:44:09","date_gmt":"2025-06-26T13:44:09","guid":{"rendered":"https:\/\/www.europesays.com\/fr\/205916\/"},"modified":"2025-06-26T13:44:09","modified_gmt":"2025-06-26T13:44:09","slug":"le-pib-des-etats-unis-a-baisse-de-05-au-premier-trimestre-un-recul-plus-fort-que-prevu","status":"publish","type":"post","link":"https:\/\/www.europesays.com\/fr\/205916\/","title":{"rendered":"Le PIB des \u00c9tats-Unis a baiss\u00e9 de 0,5% au premier trimestre, un recul plus fort que pr\u00e9vu"},"content":{"rendered":"<p>Les d\u00e9penses de consommation et les exportations se sont r\u00e9v\u00e9l\u00e9es plus faibles qu\u2019attendu, selon des donn\u00e9es publi\u00e9es ce jeudi.<\/p>\n<p class=\"fig-paragraph\"><a href=\"http:\/\/www.lefigaro.fr\/flash-eco\/la-guerre-commerciale-pese-fortement-sur-l-economie-americaine-20250603\" data-fig-type=\"NewsFlash\" data-gtm-custom-categorie=\"navigation\" data-gtm-custom-action=\"crossclick\" data-gtm-custom-label=\"Contextuel\" data-gtm-event=\"customEventSPE\" data-fig-domain=\"LEFIGARO\" target=\"_blank\" rel=\"noopener\">L\u2019\u00e9conomie am\u00e9ricaine<\/a>\u00a0s\u2019est contract\u00e9e plus que pr\u00e9vu au cours des trois premiers mois de l\u2019ann\u00e9e, selon des donn\u00e9es officielles publi\u00e9es jeudi, les d\u00e9penses de consommation et les exportations se r\u00e9v\u00e9lant plus faibles que pr\u00e9vu.<\/p>\n<p class=\"fig-paragraph\">En rythme annualis\u00e9, mesure privil\u00e9gi\u00e9e par les \u00c9tats-Unis, le produit int\u00e9rieur brut (PIB) s\u2019est contract\u00e9 de 0,5% au premier trimestre, contre une pr\u00e9c\u00e9dente estimation l\u2019\u00e9valuant en repli de 0,2%, a rapport\u00e9 le minist\u00e8re am\u00e9ricain du Commerce.<\/p>\n<p class=\"fig-paragraph\">Plus d\u2019informations \u00e0 venir.<\/p>\n","protected":false},"excerpt":{"rendered":"Les d\u00e9penses de consommation et les exportations se sont r\u00e9v\u00e9l\u00e9es plus faibles qu\u2019attendu, selon des donn\u00e9es publi\u00e9es ce&hellip;\n","protected":false},"author":2,"featured_media":205917,"comment_status":"","ping_status":"","sticky":false,"template":"","format":"standard","meta":{"footnotes":""},"categories":[6],"tags":[339,340,35,343,345,350,130,344,352,349,33,34,341,313,73,1011,27,346,342,353,351,347,6311,348,354],"class_list":{"0":"post-205916","1":"post","2":"type-post","3":"status-publish","4":"format-standard","5":"has-post-thumbnail","7":"category-economie","8":"tag-actualite-economique","9":"tag-bourse","10":"tag-business","11":"tag-cac-40","12":"tag-chef-dentreprise","13":"tag-concurrence","14":"tag-consommation","15":"tag-creation-dentreprise","16":"tag-crise","17":"tag-delocalisations","18":"tag-economie","19":"tag-economy","20":"tag-emploi","21":"tag-entreprises","22":"tag-etats-unis","23":"tag-fr","24":"tag-france","25":"tag-grands-patrons","26":"tag-impots","27":"tag-licenciements","28":"tag-monopole","29":"tag-multinationales","30":"tag-pib","31":"tag-privatisation","32":"tag-unio"},"share_on_mastodon":{"url":"https:\/\/pubeurope.com\/@fr\/114749968511630840","error":""},"_links":{"self":[{"href":"https:\/\/www.europesays.com\/fr\/wp-json\/wp\/v2\/posts\/205916","targetHints":{"allow":["GET"]}}],"collection":[{"href":"https:\/\/www.europesays.com\/fr\/wp-json\/wp\/v2\/posts"}],"about":[{"href":"https:\/\/www.europesays.com\/fr\/wp-json\/wp\/v2\/types\/post"}],"author":[{"embeddable":true,"href":"https:\/\/www.europesays.com\/fr\/wp-json\/wp\/v2\/users\/2"}],"replies":[{"embeddable":true,"href":"https:\/\/www.europesays.com\/fr\/wp-json\/wp\/v2\/comments?post=205916"}],"version-history":[{"count":0,"href":"https:\/\/www.europesays.com\/fr\/wp-json\/wp\/v2\/posts\/205916\/revisions"}],"wp:featuredmedia":[{"embeddable":true,"href":"https:\/\/www.europesays.com\/fr\/wp-json\/wp\/v2\/media\/205917"}],"wp:attachment":[{"href":"https:\/\/www.europesays.com\/fr\/wp-json\/wp\/v2\/media?parent=205916"}],"wp:term":[{"taxonomy":"category","embeddable":true,"href":"https:\/\/www.europesays.com\/fr\/wp-json\/wp\/v2\/categories?post=205916"},{"taxonomy":"post_tag","embeddable":true,"href":"https:\/\/www.europesays.com\/fr\/wp-json\/wp\/v2\/tags?post=205916"}],"curies":[{"name":"wp","href":"https:\/\/api.w.org\/{rel}","templated":true}]}}