{"id":205923,"date":"2025-06-26T13:48:12","date_gmt":"2025-06-26T13:48:12","guid":{"rendered":"https:\/\/www.europesays.com\/fr\/205923\/"},"modified":"2025-06-26T13:48:12","modified_gmt":"2025-06-26T13:48:12","slug":"des-talents-a-decouvrir-sur-la-scene-du-parc-vincent-brunon-ce-samedi","status":"publish","type":"post","link":"https:\/\/www.europesays.com\/fr\/205923\/","title":{"rendered":"des talents \u00e0 d\u00e9couvrir sur la sc\u00e8ne du parc Vincent-Brunon, ce samedi"},"content":{"rendered":"<p>Ce sera l\u2019occasion de f\u00eater l\u2019\u00e9t\u00e9 et d\u2019applaudir de nouveaux talents. Ce samedi, sur la sc\u00e8ne du parc Vincent-Brunon, le Comit\u00e9 des f\u00eates organisera son premier concours de chant, sur le th\u00e8me de la chanson fran\u00e7aise.<\/p>\n<p>  Tous les participants seront r\u00e9compens\u00e9s<\/p>\n<p>Ils seront six candidats, de tous \u00e2ges, venant des communes alentour, \u00e0 tenter leur chance. D\u00e8s 15 heures, chacun proposera un tour de chant \u00ab\u00a0Le jury sera compos\u00e9 de trois personnes\u00a0: Jean-Paul Largeron, Jean-Paul Defour et Lili Roiron\u00a0\u00bb, expliquent les organisateurs dont surtout Jean-Marc Berthomier, \u00e0 l\u2019initiative du projet. En fonction du classement, les chanteurs seront appel\u00e9s \u00e0 se produire une nouvelle fois sur sc\u00e8ne.<\/p>\n<p>La sonorisation sera assur\u00e9e par les membres du <a href=\"https:\/\/www.leprogres.fr\/culture-loisirs\/2024\/01\/25\/cabaret-vert-nous-proposons-un-soutien-technique-aux-activites-artistiques\" target=\"_blank\" rel=\"nofollow noopener\">Cabaret Vert<\/a> avec la bande-son de chaque candidat. Et Lili Roiron sera certainement appel\u00e9e sur sc\u00e8ne pour interpr\u00e9ter quelques titres avec son Lily\u2019s cabaret. <a href=\"https:\/\/www.leprogres.fr\/politique\/2025\/03\/30\/corso-galas-animations-le-comite-des-fetes-planche-sur-les-surprises-de-2025\" target=\"_blank\" rel=\"nofollow noopener\">Le comit\u00e9 des f\u00eates<\/a> assurera la buvette et l\u2019association <a href=\"https:\/\/www.leprogres.fr\/societe\/2025\/03\/14\/jolan-lutte-avec-courage-contre-une-maladie-rare-ses-proches-lancent-l-association-les-reves-a-jojo-pour-l-aider\" target=\"_blank\" rel=\"nofollow noopener\">Les R\u00eaves de Jojo<\/a> proposera de la petite restauration. Le matin m\u00eame, toujours dans le parc Brunon, les participants pourront r\u00e9p\u00e9ter les titres qu\u2019ils interpr\u00e9teront par la suite. Tous les candidats seront r\u00e9compens\u00e9s avec des ch\u00e8ques cadeaux, de diff\u00e9rentes valeurs.<\/p>\n<p>  \u00ab\u00a0Ce sera encore mieux l\u2019ann\u00e9e prochaine\u00a0\u00bb<\/p>\n<p>Bien s\u00fbr, les organisateurs misaient sur davantage d\u2019inscrits, au moins une dizaine\u2026 \u00ab\u00a0Mais, c\u2019est une premi\u00e8re, on tente le coup. On n\u2019a pas fait beaucoup de publicit\u00e9 autour de la manifestation, on va se roder et si \u00e7a fonctionne bien, on la relancera et ce sera encore mieux l\u2019an prochain\u00a0\u00bb.<\/p>\n<p>Ce radio-crochet est n\u00e9 d\u2019un constat, que \u00ab\u00a0le mois de juin est un peu creux\u00a0\u00bb. \u00ab\u00a0Alors, on s\u2019est demand\u00e9 ce qu\u2019on pouvait faire\u00a0\u00bb, lancent le pr\u00e9sident Marc Kh\u00e9lifa, le vice-pr\u00e9sident Bernard Rousson et le tr\u00e9sorier Jean-Marc Berthomier. Et comme les id\u00e9es ne manquent jamais, ce nouveau projet a point\u00e9 le bout de son nez. \u00ab\u00a0C\u2019est l\u2019occasion de cr\u00e9er un \u00e9v\u00e8nement familial qui change un peu.\u00a0\u00bb<\/p>\n<p>Le cadre du parc Vincent-Brunon se pr\u00eate bien \u00e0 ce genre de manifestations, le beau temps sera au rendez-vous, \u00ab\u00a0\u00e7a va \u00eatre super\u00a0\u00bb.<\/p>\n","protected":false},"excerpt":{"rendered":"Ce sera l\u2019occasion de f\u00eater l\u2019\u00e9t\u00e9 et d\u2019applaudir de nouveaux talents. Ce samedi, sur la sc\u00e8ne du parc&hellip;\n","protected":false},"author":2,"featured_media":205924,"comment_status":"","ping_status":"","sticky":false,"template":"","format":"standard","meta":{"footnotes":""},"categories":[9653],"tags":[1111,11,2430,1687,7539,1777,674,10282,10283,1011,27,873,12,25,4001,104,1631],"class_list":{"0":"post-205923","1":"post","2":"type-post","3":"status-publish","4":"format-standard","5":"has-post-thumbnail","7":"category-saint-etienne","8":"tag-actu","9":"tag-actualites","10":"tag-auvergne-rhone-alpes","11":"tag-culture-loisirs","12":"tag-edition-loire-sud","13":"tag-eu","14":"tag-europe","15":"tag-firminy","16":"tag-firminy-ville","17":"tag-fr","18":"tag-france","19":"tag-musique","20":"tag-news","21":"tag-republique-francaise","22":"tag-saint-etienne","23":"tag-societe","24":"tag-vie-associative"},"share_on_mastodon":{"url":"https:\/\/pubeurope.com\/@fr\/114749984180281409","error":""},"_links":{"self":[{"href":"https:\/\/www.europesays.com\/fr\/wp-json\/wp\/v2\/posts\/205923","targetHints":{"allow":["GET"]}}],"collection":[{"href":"https:\/\/www.europesays.com\/fr\/wp-json\/wp\/v2\/posts"}],"about":[{"href":"https:\/\/www.europesays.com\/fr\/wp-json\/wp\/v2\/types\/post"}],"author":[{"embeddable":true,"href":"https:\/\/www.europesays.com\/fr\/wp-json\/wp\/v2\/users\/2"}],"replies":[{"embeddable":true,"href":"https:\/\/www.europesays.com\/fr\/wp-json\/wp\/v2\/comments?post=205923"}],"version-history":[{"count":0,"href":"https:\/\/www.europesays.com\/fr\/wp-json\/wp\/v2\/posts\/205923\/revisions"}],"wp:featuredmedia":[{"embeddable":true,"href":"https:\/\/www.europesays.com\/fr\/wp-json\/wp\/v2\/media\/205924"}],"wp:attachment":[{"href":"https:\/\/www.europesays.com\/fr\/wp-json\/wp\/v2\/media?parent=205923"}],"wp:term":[{"taxonomy":"category","embeddable":true,"href":"https:\/\/www.europesays.com\/fr\/wp-json\/wp\/v2\/categories?post=205923"},{"taxonomy":"post_tag","embeddable":true,"href":"https:\/\/www.europesays.com\/fr\/wp-json\/wp\/v2\/tags?post=205923"}],"curies":[{"name":"wp","href":"https:\/\/api.w.org\/{rel}","templated":true}]}}