{"id":205927,"date":"2025-06-26T13:50:53","date_gmt":"2025-06-26T13:50:53","guid":{"rendered":"https:\/\/www.europesays.com\/fr\/205927\/"},"modified":"2025-06-26T13:50:53","modified_gmt":"2025-06-26T13:50:53","slug":"tomblaine-sur-les-rythmes-urbains-de-k-move","status":"publish","type":"post","link":"https:\/\/www.europesays.com\/fr\/205927\/","title":{"rendered":"Tomblaine. Sur les rythmes urbains de K &#038; Move"},"content":{"rendered":"<p>K &amp; Move Dance Studio a mis le feu \u00e0 la salle L\u00e9o-Ferr\u00e9 de l\u2019Espace Jean-Jaur\u00e8s, tout au long du week-end. Avec deux repr\u00e9sentations \u00e0 l\u2019affiche.<\/p>\n<p>Samedi soir, la Team K &amp; Move, la New Troupe, les groupes des Street Kids et les groupes des Bad Girls ont offert un show de haut niveau dans une salle surchauff\u00e9e, devant un public compos\u00e9 de nombreux jeunes.<\/p>\n<p>Le spectacle, pr\u00e9sent\u00e9 par Lisko, \u00e9tait compos\u00e9 de chor\u00e9graphies urbaines mais aussi de solos, \u00e0 l\u2019image de celui pr\u00e9sent\u00e9 par Erine Konowrocki, r\u00e9cente championne de France chez les Kids et qui s\u2019appr\u00eate \u00e0 participer au championnat d\u2019Europe (Dance Waves) en Belgique, samedi 28\u00a0juin.<\/p>\n<p>\u00ab\u00a0Epoustouflant\u00a0!\u00a0\u00bb Traduction de l\u2019excellent travail conduit tout au long de l\u2019ann\u00e9e par la pr\u00e9sidente Karima Khiri, Sherynn Khiri et Moana Imiza.<\/p>\n<p>Le gala proprement dit a r\u00e9uni dimanche apr\u00e8s-midi quelque 220 danseuses et danseurs pour une repr\u00e9sentation de 2\u00a0h\u00a030.<\/p>\n<p>Dans une salle qui affichait complet, tous les adh\u00e9rents de K &amp; Move ont pu exprimer sur sc\u00e8ne leur talent au fil des nombreuses chor\u00e9graphies, entre hip-hop, street girly, street afro, hip-hop commercial ou all\u2019style.<\/p>\n<p>Le public s\u2019est laiss\u00e9 emporter par des prestations captivantes et pleines d\u2019\u00e9nergie, compl\u00e8tement dans l\u2019air du temps.<\/p>\n","protected":false},"excerpt":{"rendered":"K &amp; Move Dance Studio a mis le feu \u00e0 la salle L\u00e9o-Ferr\u00e9 de l\u2019Espace Jean-Jaur\u00e8s, tout au&hellip;\n","protected":false},"author":2,"featured_media":205928,"comment_status":"","ping_status":"","sticky":false,"template":"","format":"standard","meta":{"footnotes":""},"categories":[9635],"tags":[1111,11,1687,1704,1777,674,1011,27,775,11260,1702,12,25,3140,11703],"class_list":{"0":"post-205927","1":"post","2":"type-post","3":"status-publish","4":"format-standard","5":"has-post-thumbnail","7":"category-nancy","8":"tag-actu","9":"tag-actualites","10":"tag-culture-loisirs","11":"tag-edition-nancy-et-agglomeration","12":"tag-eu","13":"tag-europe","14":"tag-fr","15":"tag-france","16":"tag-grand-est","17":"tag-metropole-du-grand-nancy-54b4","18":"tag-nancy","19":"tag-news","20":"tag-republique-francaise","21":"tag-spectacle","22":"tag-tomblaine"},"share_on_mastodon":{"url":"https:\/\/pubeurope.com\/@fr\/114749995951598538","error":""},"_links":{"self":[{"href":"https:\/\/www.europesays.com\/fr\/wp-json\/wp\/v2\/posts\/205927","targetHints":{"allow":["GET"]}}],"collection":[{"href":"https:\/\/www.europesays.com\/fr\/wp-json\/wp\/v2\/posts"}],"about":[{"href":"https:\/\/www.europesays.com\/fr\/wp-json\/wp\/v2\/types\/post"}],"author":[{"embeddable":true,"href":"https:\/\/www.europesays.com\/fr\/wp-json\/wp\/v2\/users\/2"}],"replies":[{"embeddable":true,"href":"https:\/\/www.europesays.com\/fr\/wp-json\/wp\/v2\/comments?post=205927"}],"version-history":[{"count":0,"href":"https:\/\/www.europesays.com\/fr\/wp-json\/wp\/v2\/posts\/205927\/revisions"}],"wp:featuredmedia":[{"embeddable":true,"href":"https:\/\/www.europesays.com\/fr\/wp-json\/wp\/v2\/media\/205928"}],"wp:attachment":[{"href":"https:\/\/www.europesays.com\/fr\/wp-json\/wp\/v2\/media?parent=205927"}],"wp:term":[{"taxonomy":"category","embeddable":true,"href":"https:\/\/www.europesays.com\/fr\/wp-json\/wp\/v2\/categories?post=205927"},{"taxonomy":"post_tag","embeddable":true,"href":"https:\/\/www.europesays.com\/fr\/wp-json\/wp\/v2\/tags?post=205927"}],"curies":[{"name":"wp","href":"https:\/\/api.w.org\/{rel}","templated":true}]}}