{"id":205929,"date":"2025-06-26T13:51:28","date_gmt":"2025-06-26T13:51:28","guid":{"rendered":"https:\/\/www.europesays.com\/fr\/205929\/"},"modified":"2025-06-26T13:51:28","modified_gmt":"2025-06-26T13:51:28","slug":"transformations-a-prevoir-au-parc-de-la-pepiniere-a-nancy","status":"publish","type":"post","link":"https:\/\/www.europesays.com\/fr\/205929\/","title":{"rendered":"Transformations \u00e0 pr\u00e9voir au parc de la P\u00e9pini\u00e8re \u00e0 Nancy"},"content":{"rendered":"<p class=\"article-p mdl\">Plusieurs projets embl\u00e9matiques de transformation \u00e0 la P\u00e9pini\u00e8re sont lanc\u00e9s. Parmi eux : la r\u00e9novation de l&rsquo;espace animalier, le r\u00e9am\u00e9nagement de la roseraie ou encore la construction d&rsquo;une nouvelle aire de jeux. Ces projets s\u2019inscrivent dans le cadre du plan de gestion de la P\u00e9pini\u00e8re, vot\u00e9e en mars dernier. Objectif : r\u00e9pondre aux demandes des habitants mais \u00e9galement adapter le poumon vert nanc\u00e9ien aux enjeux de la transition \u00e9cologique.&#13;<\/p>\n<p>            Espace animalier r\u00e9nov\u00e9<\/p>\n<p class=\"article-p mdl\">L\u2019espace animalier sera r\u00e9nov\u00e9. Il sera plus respectueux des animaux et a pour ambition de devenir un lieu de sensibilisation et de p\u00e9dagogie pour les publics.<br \/>\n<br \/>L\u2019ancien rocher aux macaques sera d\u00e9moli au profit d\u2019un lieu qui accueillera des animaux domestiques d\u2019esp\u00e8ce rustique. Un enclos de \u00ab contact \u00bb &#8211; sur le mod\u00e8le de celui des chiens de prairie au parc animalier de Sainte-Croix \u2013 sera cr\u00e9\u00e9. Les visiteurs pourront d\u00e9ambuler au milieu des animaux sur un chemin pr\u00e9d\u00e9fini mais au plus pr\u00e8s des esp\u00e8ces. On y retrouvera notamment des poules d\u2019Alsace ou des Brahma g\u00e9ante, une esp\u00e8re de poule g\u00e9ante.<br \/>\n<br \/>L\u2019ancienne fosse aux ours va \u00eatre transform\u00e9e et une voli\u00e8re d\u2019environ 250m\u00b2 sera cr\u00e9\u00e9e. Elle accueillera des oiseaux domestiques.<br \/>\n<br \/>\u00ab C\u2019est de la m\u00e9diation animale que l\u2019on offre aux habitants de la ville de Nancy, toujours avec comme priorit\u00e9, le bien-\u00eatre de ces animaux qui doit \u00eatre respect\u00e9 \u00bb, explique Dahman Richter, conseiller d\u00e9l\u00e9gu\u00e9 aux droits et bien-\u00eatre animal, \u00e0 la biodiversit\u00e9.\n<\/p>\n<p>                <img decoding=\"async\" alt=\"\" class=\"media-item lazy\" src=\"https:\/\/www.europesays.com\/fr\/wp-content\/uploads\/2025\/06\/1765475-l-espace-animalier-va-etre-renove.jpg\"\/><\/p>\n<p>\n            L&rsquo;espace animalier va \u00eatre r\u00e9nov\u00e9<\/p>\n<p>\n            Cr\u00e9dit : Sarah Cotton<\/p>\n<p>Construction d\u2019une nouvelle aire de jeux<\/p>\n<p class=\"article-p mdl\">Une nouvelle aire de jeux va \u00eatre construite \u00e0 la place de l\u2019ancien boulodrome. Elle remplacera celle actuellement situ\u00e9e pr\u00e8s de l\u2019auditorium et qui date de 1992. Plus grande, elle sera moderne et surtout inclusive, accessible pour tous, y compris pour les enfants en situation de handicap.<br \/>\n<br \/>Elle sera cr\u00e9\u00e9e \u00e0 partir des attentes des habitants exprim\u00e9s lors d\u2019une consultation men\u00e9e en ligne entre juin et septembre 2024 o\u00f9 des jeux pour les enfants de 9 \u00e0 11ans ont notamment \u00e9t\u00e9 r\u00e9clam\u00e9s.<br \/>\n<br \/>Le th\u00e8me du v\u00e9g\u00e9tal et de l\u2019arbre a \u00e9t\u00e9 retenu.<br \/>\n<br \/>L\u2019ancienne aire de jeux accessible durant les travaux sera ensuite renatur\u00e9e et exploit\u00e9e lors d\u2019\u00e9v\u00e8nements culturels comme par exemple, le Nancy Jazz Pulsation.<br \/>\n<br \/>\u00ab L\u2019id\u00e9e est de mieux identifier chacun des carr\u00e9s qui sont d\u00e9limit\u00e9 par les all\u00e9s qui existent. On va avoir avec la nouvelle aire de jeux, un espace destin\u00e9 aux loisirs avec le nouvel espace animalier et les man\u00e8ges. De l\u2019autre c\u00f4t\u00e9, pr\u00e8s de la brasserie et de l\u2019auditorium, ce sera plut\u00f4t un espace pour les \u00e9v\u00e8nements culturels ou associatifs \u00bb, d\u00e9taille Bertrand Masson, adjoint d\u00e9l\u00e9gu\u00e9 \u00e0 la culture, au patrimoine, aux m\u00e9tiers d\u2019art et aux grands \u00e9v\u00e8nements.\n<\/p>\n<p>                <img decoding=\"async\" alt=\"\" class=\"media-item lazy\" src=\"https:\/\/www.europesays.com\/fr\/wp-content\/uploads\/2025\/06\/1765477-la-roseraie-sera-reamenagee-et-un-nouveau-mobilier-urbain-sera-installe.jpg\"\/><\/p>\n<p>\n            La roseraie sera r\u00e9am\u00e9nag\u00e9e et un nouveau mobilier urbain sera install\u00e9<\/p>\n<p>\n            Cr\u00e9dit : Sarah Cotton<\/p>\n<p>R\u00e9am\u00e9nagement de la roseraie<\/p>\n<p class=\"article-p mdl\">La roseraie sera r\u00e9am\u00e9nag\u00e9e. Le plan et les compositions florales seront repens\u00e9s. Des am\u00e9nagements plus accueillants seront propos\u00e9s aux visiteurs comme un nouveau mobilier. \u00ab Du mobilier tels que des chaises mobiles que l\u2019on trouve dans les squares parisiens, sera install\u00e9 \u00bb, confie Isabelle Lucas, d\u00e9l\u00e9gu\u00e9e \u00e0 l\u2019urbanisme \u00e9cologique, au logement, \u00e0 l\u2019autonomie \u00e9nerg\u00e9tique et alimentaire, et au plan climat. Le bassin central sera remis en eau tout comme la fontaine de Karlsruhe qui sera d\u00e9plac\u00e9e.\n<\/p>\n<p class=\"article-p mdl\">Le budget pr\u00e9visionnel total s\u2019\u00e9l\u00e8ve \u00e0 1,2 millions d\u2019euros sur la p\u00e9riode 2024-2027. Les travaux d\u00e9buteront cet automne. Ils devraient \u00eatre achev\u00e9s d\u2019ici 2027.<br \/>\n<\/p>\n<p>\n                                    Lire la suite\n                                <\/p>\n","protected":false},"excerpt":{"rendered":"Plusieurs projets embl\u00e9matiques de transformation \u00e0 la P\u00e9pini\u00e8re sont lanc\u00e9s. Parmi eux : la r\u00e9novation de l&rsquo;espace animalier,&hellip;\n","protected":false},"author":2,"featured_media":205930,"comment_status":"","ping_status":"","sticky":false,"template":"","format":"standard","meta":{"footnotes":""},"categories":[9635],"tags":[1111,11,1777,674,1011,27,775,776,1702,12,16,25],"class_list":{"0":"post-205929","1":"post","2":"type-post","3":"status-publish","4":"format-standard","5":"has-post-thumbnail","7":"category-nancy","8":"tag-actu","9":"tag-actualites","10":"tag-eu","11":"tag-europe","12":"tag-fr","13":"tag-france","14":"tag-grand-est","15":"tag-lorraine","16":"tag-nancy","17":"tag-news","18":"tag-region","19":"tag-republique-francaise"},"share_on_mastodon":{"url":"https:\/\/pubeurope.com\/@fr\/114749996091076595","error":""},"_links":{"self":[{"href":"https:\/\/www.europesays.com\/fr\/wp-json\/wp\/v2\/posts\/205929","targetHints":{"allow":["GET"]}}],"collection":[{"href":"https:\/\/www.europesays.com\/fr\/wp-json\/wp\/v2\/posts"}],"about":[{"href":"https:\/\/www.europesays.com\/fr\/wp-json\/wp\/v2\/types\/post"}],"author":[{"embeddable":true,"href":"https:\/\/www.europesays.com\/fr\/wp-json\/wp\/v2\/users\/2"}],"replies":[{"embeddable":true,"href":"https:\/\/www.europesays.com\/fr\/wp-json\/wp\/v2\/comments?post=205929"}],"version-history":[{"count":0,"href":"https:\/\/www.europesays.com\/fr\/wp-json\/wp\/v2\/posts\/205929\/revisions"}],"wp:featuredmedia":[{"embeddable":true,"href":"https:\/\/www.europesays.com\/fr\/wp-json\/wp\/v2\/media\/205930"}],"wp:attachment":[{"href":"https:\/\/www.europesays.com\/fr\/wp-json\/wp\/v2\/media?parent=205929"}],"wp:term":[{"taxonomy":"category","embeddable":true,"href":"https:\/\/www.europesays.com\/fr\/wp-json\/wp\/v2\/categories?post=205929"},{"taxonomy":"post_tag","embeddable":true,"href":"https:\/\/www.europesays.com\/fr\/wp-json\/wp\/v2\/tags?post=205929"}],"curies":[{"name":"wp","href":"https:\/\/api.w.org\/{rel}","templated":true}]}}