{"id":205931,"date":"2025-06-26T13:52:10","date_gmt":"2025-06-26T13:52:10","guid":{"rendered":"https:\/\/www.europesays.com\/fr\/205931\/"},"modified":"2025-06-26T13:52:10","modified_gmt":"2025-06-26T13:52:10","slug":"des-affiches-antisemites-missile-rabbin-placardees-a-toulon-et-la-seyne-sur-mer","status":"publish","type":"post","link":"https:\/\/www.europesays.com\/fr\/205931\/","title":{"rendered":"Des affiches antis\u00e9mites \u00ab\u00a0Missile Rabbin\u00a0\u00bb placard\u00e9es \u00e0 Toulon et La Seyne-sur-Mer"},"content":{"rendered":"<p>La branche Marseille-Provence du Conseil repr\u00e9sentatif des institutions juives de France (Crif) a <strong>d\u00e9pos\u00e9 une plainte<\/strong> \u00ab\u00a0pour provocation \u00e0 la <a href=\"https:\/\/www.laprovence.com\/article\/societe\/44488039688756\/un-rapport-de-la-commission-des-droits-de-lhomme-deplore-une-explosion-des-actes-racistes-et-antisemites\" target=\"_blank\" rel=\"noopener\">discrimination<\/a>, \u00e0 la haine ou \u00e0 la violence\u00a0\u00bb \u00e0 la suite d&rsquo;une affiche pr\u00e9sentant \u00ab\u00a0une <strong>caricature antis\u00e9mite<\/strong> explicitement dirig\u00e9e contre les juifs\u00a0\u00bb. Le Crif explique dans un post publi\u00e9 sur les r\u00e9seaux sociaux que ce visuel a \u00e9t\u00e9 placard\u00e9 par Michel-Ange Flori, un<strong> afficheur d\u00e9j\u00e0 controvers\u00e9<\/strong>, qui avait compar\u00e9 Emmanuel Macron \u00e0 Hitler en 2021.<\/p>\n<p>\u00ab\u00a0Un appel abject \u00e0 la haine\u00a0\u00bb<\/p>\n<p>\u00ab\u00a0Missile Rabbin pour \u00e9coles, h\u00f4pitaux, etc\u2026\u00a0\u00bb est inscrit sur les affiches expos\u00e9es sur<strong> deux panneaux<\/strong> implant\u00e9s \u00e0 <strong>Toulon<\/strong> et <strong>La Seyne-sur-Mer<\/strong>. On y voit par ailleurs un missile dont la t\u00eate est remplac\u00e9e par celle d&rsquo;un \u00ab\u00a0rabbin\u00a0\u00bb. Le Crif d\u00e9nonce \u00ab\u00a0une <a href=\"https:\/\/www.laprovence.com\/article\/societe\/1089458312107115\/les-personnes-victimes-de-racisme-voient-leur-sante-se-degrader-la-cncdh-publie-son-rapport-annuel\" target=\"_blank\" rel=\"noopener\">incitation \u00e0 la haine<\/a>, une manipulation des symboles religieux et un <strong>appel \u00e0 la violence<\/strong> contre les juifs\u00a0\u00bb. Le procureur de la R\u00e9publique de Toulon a depuis \u00e9t\u00e9 saisi.<\/p>\n<p>Pour le Crif, \u00ab\u00a0cette propagande digne des heures les plus sombres de l&rsquo;Histoire ne rel\u00e8ve ni de la caricature ni de la satire, mais bien d&rsquo;un <strong>appel abject \u00e0 la haine et \u00e0 la violence<\/strong>\u00ab\u00a0.<\/p>\n","protected":false},"excerpt":{"rendered":"La branche Marseille-Provence du Conseil repr\u00e9sentatif des institutions juives de France (Crif) a d\u00e9pos\u00e9 une plainte \u00ab\u00a0pour provocation&hellip;\n","protected":false},"author":2,"featured_media":205932,"comment_status":"","ping_status":"","sticky":false,"template":"","format":"standard","meta":{"footnotes":""},"categories":[9619],"tags":[17,1111,11,12340,34470,154,1777,674,274,1011,27,3343,12,34471,882,27904,25,2310],"class_list":{"0":"post-205931","1":"post","2":"type-post","3":"status-publish","4":"format-standard","5":"has-post-thumbnail","7":"category-toulon","8":"tag-17","9":"tag-actu","10":"tag-actualites","11":"tag-affiches","12":"tag-antisemites","13":"tag-des","14":"tag-eu","15":"tag-europe","16":"tag-faits-divers-justice","17":"tag-fr","18":"tag-france","19":"tag-missile","20":"tag-news","21":"tag-placardees","22":"tag-provence-alpes-cote-dazur","23":"tag-rabbin","24":"tag-republique-francaise","25":"tag-toulon"},"share_on_mastodon":{"url":"https:\/\/pubeurope.com\/@fr\/114749999876312997","error":""},"_links":{"self":[{"href":"https:\/\/www.europesays.com\/fr\/wp-json\/wp\/v2\/posts\/205931","targetHints":{"allow":["GET"]}}],"collection":[{"href":"https:\/\/www.europesays.com\/fr\/wp-json\/wp\/v2\/posts"}],"about":[{"href":"https:\/\/www.europesays.com\/fr\/wp-json\/wp\/v2\/types\/post"}],"author":[{"embeddable":true,"href":"https:\/\/www.europesays.com\/fr\/wp-json\/wp\/v2\/users\/2"}],"replies":[{"embeddable":true,"href":"https:\/\/www.europesays.com\/fr\/wp-json\/wp\/v2\/comments?post=205931"}],"version-history":[{"count":0,"href":"https:\/\/www.europesays.com\/fr\/wp-json\/wp\/v2\/posts\/205931\/revisions"}],"wp:featuredmedia":[{"embeddable":true,"href":"https:\/\/www.europesays.com\/fr\/wp-json\/wp\/v2\/media\/205932"}],"wp:attachment":[{"href":"https:\/\/www.europesays.com\/fr\/wp-json\/wp\/v2\/media?parent=205931"}],"wp:term":[{"taxonomy":"category","embeddable":true,"href":"https:\/\/www.europesays.com\/fr\/wp-json\/wp\/v2\/categories?post=205931"},{"taxonomy":"post_tag","embeddable":true,"href":"https:\/\/www.europesays.com\/fr\/wp-json\/wp\/v2\/tags?post=205931"}],"curies":[{"name":"wp","href":"https:\/\/api.w.org\/{rel}","templated":true}]}}