{"id":205939,"date":"2025-06-26T13:56:29","date_gmt":"2025-06-26T13:56:29","guid":{"rendered":"https:\/\/www.europesays.com\/fr\/205939\/"},"modified":"2025-06-26T13:56:29","modified_gmt":"2025-06-26T13:56:29","slug":"une-eglise-devastee-en-normandie-des-degats-aux-quatre-coins-du-pays","status":"publish","type":"post","link":"https:\/\/www.europesays.com\/fr\/205939\/","title":{"rendered":"Une \u00e9glise d\u00e9vast\u00e9e en Normandie, des d\u00e9g\u00e2ts aux quatre coins du pays&#8230;"},"content":{"rendered":"<p>Pr\u00e8s de 1.000 arbres touch\u00e9s \u00e0 Paris<\/p>\n<p>Dans la capitale, entre 500 et 1.000 arbres ont \u00e9t\u00e9 s\u00e9v\u00e8rement touch\u00e9s, \u00ab pour l&rsquo;essentiel des arbres matures, de 80 ans voire 100 ans, ce qui t\u00e9moigne de la violence et de la soudainet\u00e9 de l&rsquo;\u00e9pisode \u00bb, selon l&rsquo;adjoint aux espaces verts \u00e0 la maire de Paris, Christophe Nadjovski.<\/p>\n<p><img decoding=\"async\" alt=\"Pr\u00e8s d'un milier d'arbres ont \u00e9t\u00e9 touch\u00e9s \u00e0 Paris lors des orages du 26 juin.\" class=\"c-img\" loading=\"lazy\" fetchpriority=\"auto\" width=\"718\"  src=\"https:\/\/img.20mn.fr\/2TkUhgN_RBaxRZO-PDvygCk\/718x0\" \/>Pr\u00e8s d&rsquo;un milier d&rsquo;arbres ont \u00e9t\u00e9 touch\u00e9s \u00e0 Paris lors des orages du 26 juin.\u2002-\u00a0Antonin Louis\/SipaDes rafales \u00e0 140 km\/h enregistr\u00e9es dans l&rsquo;Oise<\/p>\n<p>M\u00e9t\u00e9o France a dress\u00e9 un premier bilan des intemp\u00e9ries d&rsquo;hier. Et il y a quelques chiffres d\u00e9coiffants. Les services m\u00e9t\u00e9o ont enregistr\u00e9 des rafales de vent \u00e0 140 km\/h lors du passage des orages dans l&rsquo;Oise. On peut aussi citer les 135 km\/h \u00e0 Montbeugny (Allier), les 134 km\/h \u00e0 Bessey-en-Chaume (C\u00f4te-d\u2019Or), les 126 km\/h \u00e0 Bernay (Eure) et les 120 km\/h \u00e0 Avr\u00e9e (Ni\u00e8vre).<\/p>\n<p class=\"mb-xxl@xs color-ultramarine font-weight-semi-bold@xs font-source-serif-pro heading-s@xs\">L\u2019acc\u00e8s \u00e0 ce contenu a \u00e9t\u00e9 bloqu\u00e9 afin de respecter votre choix de consentement<\/p>\n<p class=\"mb-m@xs text-l@xs\">En cliquant sur\u00ab J\u2019accepte \u00bb, vous acceptez le d\u00e9p\u00f4t de cookies par des services externes et aurez ainsi acc\u00e8s aux contenus de nos partenaires.<\/p>\n<p class=\"mb-xl@xs text-s@xs\">Plus d\u2019informations sur la page<a href=\"https:\/\/www.20minutes.fr\/gestion-cookies\" class=\"mx-xxs@xs color-ultramarine\" rel=\"nofollow noopener\" target=\"_blank\">Politique de gestion des cookies<\/a><\/p>\n<p>J\u2019accepteDes avions ont \u00e9t\u00e9 d\u00e9rout\u00e9s<\/p>\n<p>Avec des conditions aussi dantesques, les professionnels de l&rsquo;aviation ont d\u00fb s&rsquo;adapter. Mercredi soir, plusieurs avions ont \u00e9t\u00e9 d\u00e9rout\u00e9s, notamment vers Lille, quand ils ne pouvaient atterir \u00e0 Paris. <\/p>\n<p class=\"mb-xxl@xs color-ultramarine font-weight-semi-bold@xs font-source-serif-pro heading-s@xs\">L\u2019acc\u00e8s \u00e0 ce contenu a \u00e9t\u00e9 bloqu\u00e9 afin de respecter votre choix de consentement<\/p>\n<p class=\"mb-m@xs text-l@xs\">En cliquant sur\u00ab J\u2019accepte \u00bb, vous acceptez le d\u00e9p\u00f4t de cookies par des services externes et aurez ainsi acc\u00e8s aux contenus de nos partenaires.<\/p>\n<p class=\"mb-xl@xs text-s@xs\">Plus d\u2019informations sur la page<a href=\"https:\/\/www.20minutes.fr\/gestion-cookies\" class=\"mx-xxs@xs color-ultramarine\" rel=\"nofollow noopener\" target=\"_blank\">Politique de gestion des cookies<\/a><\/p>\n<p>J\u2019accepteLes \u00e9lus se pressent \u00e0 Valailles pour voir les d\u00e9g\u00e2ts<\/p>\n<p>La petite commune de l&rsquo;Eure semble l&rsquo;une des plus touch\u00e9es par les intemp\u00e9ries. Le monde se presse pour voir l&rsquo;\u00e9tendue des d\u00e9g\u00e2ts.<\/p>\n<blockquote class=\"twitter-tweet\" align=\"center\" data-lang=\"fr_FR\">\n<p lang=\"fr\" dir=\"ltr\"><a href=\"https:\/\/twitter.com\/hashtag\/Valailles?src=hash&amp;ref_src=twsrc%5Etfw\" rel=\"nofollow noopener\" target=\"_blank\">#Valailles<\/a> sid\u00e9ration devant l\u2019\u00e9glise de la commune, totalement d\u00e9vast\u00e9e par la chute du clocher. Bon courage \u00e0 Madame la maire et aux sinistr\u00e9s, habitants et agriculteurs. <a href=\"https:\/\/t.co\/g8ieWcIQYK\" rel=\"nofollow\">pic.twitter.com\/g8ieWcIQYK<\/a><\/p>\n<p>\u2014 Thomas Elexhauser (@telexhauser) <a href=\"https:\/\/twitter.com\/telexhauser\/status\/1938188880836252078?ref_src=twsrc%5Etfw\" rel=\"nofollow noopener\" target=\"_blank\">June 26, 2025<\/a><\/p><\/blockquote>\n<p class=\"mb-xxl@xs color-ultramarine font-weight-semi-bold@xs font-source-serif-pro heading-s@xs\">L\u2019acc\u00e8s \u00e0 ce contenu a \u00e9t\u00e9 bloqu\u00e9 afin de respecter votre choix de consentement<\/p>\n<p class=\"mb-m@xs text-l@xs\">En cliquant sur\u00ab J\u2019accepte \u00bb, vous acceptez le d\u00e9p\u00f4t de cookies par des services externes et aurez ainsi acc\u00e8s aux contenus de nos partenaires.<\/p>\n<p class=\"mb-xl@xs text-s@xs\">Plus d\u2019informations sur la page<a href=\"https:\/\/www.20minutes.fr\/gestion-cookies\" class=\"mx-xxs@xs color-ultramarine\" rel=\"nofollow noopener\" target=\"_blank\">Politique de gestion des cookies<\/a><\/p>\n<p>J\u2019accepteDans l&rsquo;Eure, l&rsquo;\u00e9glise de Valailles a \u00e9t\u00e9 tr\u00e8s touch\u00e9e<\/p>\n<p>A Valailles (Eure), la foudre est tomb\u00e9e sur le clocher d&rsquo;une \u00e9glise, \u00ab qui s&rsquo;est partiellement effondr\u00e9e \u00bb, selon un communiqu\u00e9 de la pr\u00e9fecture. A quelques dizaines de kilom\u00e8tres, dans le m\u00eame d\u00e9partement, la toiture de la salle des f\u00eates d&rsquo;Herqueville a \u00e9t\u00e9 lourdement endommag\u00e9e. Les d\u00e9g\u00e2ts sont tr\u00e8s cons\u00e9quents. <\/p>\n<p><img decoding=\"async\" alt=\"L'\u00e9glise de Valailles, dans l'Eure, a \u00e9t\u00e9 d\u00e9vast\u00e9e par la chute de son clocher, souffl\u00e9 par les vents violents et l'orage.\" class=\"c-img\" loading=\"lazy\" fetchpriority=\"auto\" width=\"718\"  src=\"https:\/\/img.20mn.fr\/GuuvHkQpRTC8uKAjgQu3Xyk\/718x0\" \/>L&rsquo;\u00e9glise de Valailles, dans l&rsquo;Eure, a \u00e9t\u00e9 d\u00e9vast\u00e9e par la chute de son clocher, souffl\u00e9 par les vents violents et l&rsquo;orage.\u2002-\u00a0Sdis 27 Et au-dessus des nuages, c\u2019est comment\u00a0?<\/p>\n<p>Un pilote de ligne a partag\u00e9 ses photos dans les airs, alors que les orages tombaient sur la France. Mieux vaut voler au-dessus que dedans\u00a0!<\/p>\n<blockquote class=\"twitter-tweet\" align=\"center\" data-lang=\"fr_FR\">\n<p lang=\"fr\" dir=\"ltr\">\u26a0\ufe0f Orages au-dessus de la France ce soir !\u2070Ce cumulonimbus, captur\u00e9 en vol, montre l\u2019ampleur de ces monstres !<br \/>\ud83d\udca5 \u00c0 l\u2019int\u00e9rieur : gr\u00eale, foudre, turbulences, vents puissants, givrage\u2026<br \/>\ud83c\udf21\ufe0f Au moins, \u00e7a va rafra\u00eechir un peu l\u2019atmosph\u00e8re&#8230; \ud83e\udd75 <a href=\"https:\/\/t.co\/6ns4sIoxkh\" rel=\"nofollow\">pic.twitter.com\/6ns4sIoxkh<\/a><\/p>\n<p>\u2014 Vols de Max \ud83d\udc68\ud83c\udffb\u200d\u2708\ufe0f (@volsdemax) <a href=\"https:\/\/twitter.com\/volsdemax\/status\/1937936397094293617?ref_src=twsrc%5Etfw\" rel=\"nofollow noopener\" target=\"_blank\">June 25, 2025<\/a><\/p><\/blockquote>\n<p class=\"mb-xxl@xs color-ultramarine font-weight-semi-bold@xs font-source-serif-pro heading-s@xs\">L\u2019acc\u00e8s \u00e0 ce contenu a \u00e9t\u00e9 bloqu\u00e9 afin de respecter votre choix de consentement<\/p>\n<p class=\"mb-m@xs text-l@xs\">En cliquant sur\u00ab J\u2019accepte \u00bb, vous acceptez le d\u00e9p\u00f4t de cookies par des services externes et aurez ainsi acc\u00e8s aux contenus de nos partenaires.<\/p>\n<p class=\"mb-xl@xs text-s@xs\">Plus d\u2019informations sur la page<a href=\"https:\/\/www.20minutes.fr\/gestion-cookies\" class=\"mx-xxs@xs color-ultramarine\" rel=\"nofollow noopener\" target=\"_blank\">Politique de gestion des cookies<\/a><\/p>\n<p>J\u2019accepteLes sandales, c&rsquo;est risqu\u00e9 pendant l&rsquo;orage<\/p>\n<p>C&rsquo;est une cons\u00e9quence bien improbable des pluies torrentielles qui se sont abattues hier. A Paris, o\u00f9 il avait fait tr\u00e8s chaud toute la journ\u00e9e, bon nombre de gens en sandales ont pataug\u00e9 dans les rues et les stations de m\u00e9tro inond\u00e9es. Avec un r\u00e9sultat parfois&#8230; Surprenant. En atteste cette photo de sandales qui d\u00e9teignent qui nous a \u00e9t\u00e9 transmise. On dirait un bronzage allemand.<\/p>\n<p><img decoding=\"async\" alt=\"L'un des effets inattendus des pluies d'orage hier \u00e0 Paris, les sandales qui d\u00e9teignent. \" class=\"c-img\" loading=\"lazy\" fetchpriority=\"auto\" width=\"718\"  src=\"https:\/\/img.20mn.fr\/uz2FhIYwSi2dMJ1wS1FW2ik\/718x0-0.1x33.75564279815336-99.90000592337715\" \/>L&rsquo;un des effets inattendus des pluies d&rsquo;orage hier \u00e0 Paris, les sandales qui d\u00e9teignent. \u2002-\u00a0A. L. B. Un ciel fou en Normandie !<\/p>\n<p>Les images du ciel de Rouen hier soir montrent qu&rsquo;il faisait quasiment nuit avant m\u00eame que le coucher du soleil quand l&rsquo;orage est arriv\u00e9 en Normandie. Que le ciel est noir !<\/p>\n<p class=\"mb-xxl@xs color-ultramarine font-weight-semi-bold@xs font-source-serif-pro heading-s@xs\">L\u2019acc\u00e8s \u00e0 ce contenu a \u00e9t\u00e9 bloqu\u00e9 afin de respecter votre choix de consentement<\/p>\n<p class=\"mb-m@xs text-l@xs\">En cliquant sur\u00ab J\u2019accepte \u00bb, vous acceptez le d\u00e9p\u00f4t de cookies par des services externes et aurez ainsi acc\u00e8s aux contenus de nos partenaires.<\/p>\n<p class=\"mb-xl@xs text-s@xs\">Plus d\u2019informations sur la page<a href=\"https:\/\/www.20minutes.fr\/gestion-cookies\" class=\"mx-xxs@xs color-ultramarine\" rel=\"nofollow noopener\" target=\"_blank\">Politique de gestion des cookies<\/a><\/p>\n<p>J\u2019accepteDans les communes, l&rsquo;heure est au bilan des d\u00e9g\u00e2ts<\/p>\n<p>De tr\u00e8s nombreuses communes fran\u00e7aises ont \u00e9t\u00e9 touch\u00e9es par les intemp\u00e9ries, quasiment aux quatre coins du pays. De l&rsquo;Eure au Pays Basque en passant par l&rsquo;Allier, les \u00e9lus, les pr\u00e9fectures et les secours font le tour des d\u00e9g\u00e2ts. <\/p>\n<p>Cette Parisienne a \u00e9chapp\u00e9 de peu \u00e0 l&rsquo;accident<\/p>\n<p>Une femme a film\u00e9 un arbre compl\u00e8tement ravag\u00e9 par le vent et qui s&rsquo;est effondr\u00e9 sur l&rsquo;entr\u00e9e de la station de m\u00e9tro Marcel Sembat, situ\u00e9e \u00e0 Boulogne-Billancourt. A quelques secondes pr\u00e8s&#8230;<\/p>\n<p class=\"mb-xxl@xs color-ultramarine font-weight-semi-bold@xs font-source-serif-pro heading-s@xs\">L\u2019acc\u00e8s \u00e0 ce contenu a \u00e9t\u00e9 bloqu\u00e9 afin de respecter votre choix de consentement<\/p>\n<p class=\"mb-m@xs text-l@xs\">En cliquant sur\u00ab J\u2019accepte \u00bb, vous acceptez le d\u00e9p\u00f4t de cookies par des services externes et aurez ainsi acc\u00e8s aux contenus de nos partenaires.<\/p>\n<p class=\"mb-xl@xs text-s@xs\">Plus d\u2019informations sur la page<a href=\"https:\/\/www.20minutes.fr\/gestion-cookies\" class=\"mx-xxs@xs color-ultramarine\" rel=\"nofollow noopener\" target=\"_blank\">Politique de gestion des cookies<\/a><\/p>\n<p>J\u2019accepteC\u2019est quoi, un d\u00e9r\u00e9cho, le ph\u00e9nom\u00e8ne qui a frapp\u00e9 la France\u00a0?<\/p>\n<p>Dans son bilan sur l\u2019\u00e9pisode orageux du 25\u00a0juin, Keraunos, l\u2019observatoire fran\u00e7ais des tornades et orages violents, \u00e9voque un d\u00e9r\u00e9cho qui a travers\u00e9 la France \u00ab\u00a0d\u2019Occitanie en Lorraine\u00a0\u00bb.<\/p>\n<p>Son nom vient de l\u2019espagnol, et se traduit par \u00ab\u00a0tout droit\u00a0\u00bb. Contrairement aux tornades ou aux cyclones (qui sont des ph\u00e9nom\u00e8nes circulaires), il se caract\u00e9rise par une longue ligne d\u2019orages et de microrafales.<\/p>\n<p>Quelque 58 rafales sup\u00e9rieures \u00e0 90\u00a0km\/h (dont une \u00e0 135\u00a0km\/h) ont \u00e9t\u00e9 relev\u00e9es sur les 700\u00a0km de cet axe sud-ouest\/nord-est, entre 17h30 et 22h30. Soit bien plus que les crit\u00e8res de puissance et de distance retenus pour la qualification d\u2019un d\u00e9r\u00e9cho.<\/p>\n<blockquote class=\"twitter-tweet\" align=\"center\" data-lang=\"fr_FR\">\n<p lang=\"fr\" dir=\"ltr\">Derecho du 25 juin 2025<br \/>Plus de 58 rafales convectives &gt; 90 km\/h relev\u00e9es sur pr\u00e8s de 700 km ce 25 juin.<br \/>Le derecho qui a frapp\u00e9 la France a g\u00e9n\u00e9r\u00e9 des rafales jusqu&rsquo;\u00e0 plus de 130 km\/h entre Midi-Pyr\u00e9n\u00e9es et Lorraine.<\/p>\n<p>Bilan de l&rsquo;\u00e9pisode : <a href=\"https:\/\/t.co\/Lb3l572KGO\" rel=\"nofollow\">https:\/\/t.co\/Lb3l572KGO<\/a> <a href=\"https:\/\/t.co\/2J7dd6IGHi\" rel=\"nofollow\">pic.twitter.com\/2J7dd6IGHi<\/a><\/p>\n<p>\u2014 Keraunos (@KeraunosObs) <a href=\"https:\/\/twitter.com\/KeraunosObs\/status\/1938102999802380407?ref_src=twsrc%5Etfw\" rel=\"nofollow noopener\" target=\"_blank\">June 26, 2025<\/a><\/p><\/blockquote>\n<p class=\"mb-xxl@xs color-ultramarine font-weight-semi-bold@xs font-source-serif-pro heading-s@xs\">L\u2019acc\u00e8s \u00e0 ce contenu a \u00e9t\u00e9 bloqu\u00e9 afin de respecter votre choix de consentement<\/p>\n<p class=\"mb-m@xs text-l@xs\">En cliquant sur\u00ab J\u2019accepte \u00bb, vous acceptez le d\u00e9p\u00f4t de cookies par des services externes et aurez ainsi acc\u00e8s aux contenus de nos partenaires.<\/p>\n<p class=\"mb-xl@xs text-s@xs\">Plus d\u2019informations sur la page<a href=\"https:\/\/www.20minutes.fr\/gestion-cookies\" class=\"mx-xxs@xs color-ultramarine\" rel=\"nofollow noopener\" target=\"_blank\">Politique de gestion des cookies<\/a><\/p>\n<p>J\u2019accepteToujours 70.000 foyers priv\u00e9s d\u2019\u00e9lectricit\u00e9<\/p>\n<p>Selon un dernier bilan de la S\u00e9curit\u00e9 civile, 70.000 personnes sont toujours priv\u00e9es d\u2019\u00e9lectricit\u00e9 \u00e0 la mi-journ\u00e9e. Un peu plus t\u00f4t, Enedis avait communiqu\u00e9 86.500 foyers sans courant, essentiellement dans le sud-ouest de la France.<\/p>\n<p>Quelques d\u00e9partements toujours en vigilance jaune<\/p>\n<p>Plus aucun d\u00e9partement fran\u00e7ais n&rsquo;est en vigilance orange aux orages. Mais plusieurs restent en vigilance jaune ce jeudi, notamment dans l&rsquo;est de la France. Des alertes \u00e0 la canicule sont \u00e9galement en vigueur dans le sud-est. Soyez prudents. <\/p>\n<p><img decoding=\"async\" alt=\"Voici la carte de vigilance \u00e9tablie pour le jeudi 26 juin 2025.\" class=\"c-img\" loading=\"lazy\" fetchpriority=\"auto\" width=\"718\"  src=\"https:\/\/img.20mn.fr\/Oig5ENCSRtarUU9p8_cCmCk\/718x0\" \/>Voici la carte de vigilance \u00e9tablie pour le jeudi 26 juin 2025.\u2002-\u00a0M\u00e9t\u00e9o FranceSept pyl\u00f4nes pli\u00e9s pr\u00e8s de Blois<\/p>\n<p>Les images tournent depuis ce matin sur les r\u00e9seaux sociaux. On peut y voir des pyl\u00f4nes pli\u00e9s sous la force du vent dans le Loir-et-Cher. D&rsquo;apr\u00e8s RTE, ce sont au total sept pyl\u00f4nes de tr\u00e8s haute tension qui ont \u00e9t\u00e9 endommag\u00e9s par un ph\u00e9nom\u00e8ne proche d\u2019une \u00ab mini-tornade \u00bb. <\/p>\n<p><img decoding=\"async\" alt=\"Sept pyl\u00f4nes d'un m\u00eame secteur, portant deux lignes \u00e0 tr\u00e8s haute tension 400.000 volts, ont \u00e9t\u00e9 couch\u00e9s par les vents violents mercredi soir, dans le Loir-et-Cher. \" class=\"c-img\" loading=\"lazy\" fetchpriority=\"auto\" width=\"718\"  src=\"https:\/\/img.20mn.fr\/Jmt0L7SST2uzcZhSjbs4Pyk\/718x0\" \/>Sept pyl\u00f4nes d&rsquo;un m\u00eame secteur, portant deux lignes \u00e0 tr\u00e8s haute tension 400.000 volts, ont \u00e9t\u00e9 couch\u00e9s par les vents violents mercredi soir, dans le Loir-et-Cher. \u2002-\u00a0F. Gerberon pour l&rsquo; @AssoMeteoCVDL <\/p>\n<p>Aucune coupure n\u2019est \u00e0 d\u00e9plorer. RTE est \u00e0 l\u2019\u0153uvre pour s\u00e9curiser la zone. Un ph\u00e9nom\u00e8ne \u00ab \u00ab tr\u00e8s rare \u00bb, selon RTE. On vous explique cela dans cet article.<\/p>\n<p>A Paris, les habitants ne quittent pas leurs terrasses<\/p>\n<p>Les images des pluies diluviennes sur Paris sont parfois amusantes. sur cette vid\u00e9o, on peut voir les clients d&rsquo;un bar rester en terrasse malgr\u00e9 les trombes d&rsquo;eau qui s&rsquo;abattent sur la capitale. En m\u00eame temps, au prix du demi, tu n&rsquo;as pas envie de le l\u00e2cher&#8230;<\/p>\n<p class=\"mb-xxl@xs color-ultramarine font-weight-semi-bold@xs font-source-serif-pro heading-s@xs\">L\u2019acc\u00e8s \u00e0 ce contenu a \u00e9t\u00e9 bloqu\u00e9 afin de respecter votre choix de consentement<\/p>\n<p class=\"mb-m@xs text-l@xs\">En cliquant sur\u00ab J\u2019accepte \u00bb, vous acceptez le d\u00e9p\u00f4t de cookies par des services externes et aurez ainsi acc\u00e8s aux contenus de nos partenaires.<\/p>\n<p class=\"mb-xl@xs text-s@xs\">Plus d\u2019informations sur la page<a href=\"https:\/\/www.20minutes.fr\/gestion-cookies\" class=\"mx-xxs@xs color-ultramarine\" rel=\"nofollow noopener\" target=\"_blank\">Politique de gestion des cookies<\/a><\/p>\n<p>J\u2019accepteDes gr\u00ealons \u00e9normes tomb\u00e9s dans les Landes !<\/p>\n<p>Les images sont impressionnantes. Dans les Landes, des gr\u00ealons de six centim\u00e8tres de diam\u00e8tre sont tomb\u00e9s dans plusieurs communes. Des images tourn\u00e9es \u00e0 Peyrehorade montrent les boules de glace s&rsquo;\u00e9crasant au sol dans un vacarme. <\/p>\n<p class=\"mb-xxl@xs color-ultramarine font-weight-semi-bold@xs font-source-serif-pro heading-s@xs\">L\u2019acc\u00e8s \u00e0 ce contenu a \u00e9t\u00e9 bloqu\u00e9 afin de respecter votre choix de consentement<\/p>\n<p class=\"mb-m@xs text-l@xs\">En cliquant sur\u00ab J\u2019accepte \u00bb, vous acceptez le d\u00e9p\u00f4t de cookies par des services externes et aurez ainsi acc\u00e8s aux contenus de nos partenaires.<\/p>\n<p class=\"mb-xl@xs text-s@xs\">Plus d\u2019informations sur la page<a href=\"https:\/\/www.20minutes.fr\/gestion-cookies\" class=\"mx-xxs@xs color-ultramarine\" rel=\"nofollow noopener\" target=\"_blank\">Politique de gestion des cookies<\/a><\/p>\n<p>J\u2019accepte<\/p>\n<p>Plusieurs communes du secteur ont \u00e9t\u00e9 touch\u00e9es. \u00ab De multiples impacts ont \u00e9t\u00e9 constat\u00e9s sur les voitures, les habitations, les cultures et m\u00eame les b\u00e2timents publics \u00bb,<a href=\"https:\/\/www.sudouest.fr\/landes\/peyrehorade\/chaleur-et-orages-il-y-a-d-enormes-degats-des-grelons-de-6-centimetres-tombent-dans-les-landes-24995659.php\" rel=\"nofollow noopener\" target=\"_blank\" class=\"color-ultramarine c-link\"> rapporte Sud-Ouest.<\/a> <\/p>\n<p>Le calme avant l&rsquo;orage<\/p>\n<p>Les images du ciel pr\u00e9c\u00e9dent l&rsquo;arriv\u00e9e des orages sont souvent spectaculaires. Ce fut le cas hier dans les C\u00f4tes-d&rsquo;Armor avec ce magnifique ph\u00e9nom\u00e8ne aper\u00e7u au-dessus de Lancieux, \u00e0 la fronti\u00e8re avec l&rsquo;Ille-et-Vilaine.<\/p>\n<p class=\"mb-xxl@xs color-ultramarine font-weight-semi-bold@xs font-source-serif-pro heading-s@xs\">L\u2019acc\u00e8s \u00e0 ce contenu a \u00e9t\u00e9 bloqu\u00e9 afin de respecter votre choix de consentement<\/p>\n<p class=\"mb-m@xs text-l@xs\">En cliquant sur\u00ab J\u2019accepte \u00bb, vous acceptez le d\u00e9p\u00f4t de cookies par des services externes et aurez ainsi acc\u00e8s aux contenus de nos partenaires.<\/p>\n<p class=\"mb-xl@xs text-s@xs\">Plus d\u2019informations sur la page<a href=\"https:\/\/www.20minutes.fr\/gestion-cookies\" class=\"mx-xxs@xs color-ultramarine\" rel=\"nofollow noopener\" target=\"_blank\">Politique de gestion des cookies<\/a><\/p>\n<p>J\u2019accepteDans l&rsquo;Allier aussi, des pyl\u00f4nes ont \u00e9t\u00e9 pli\u00e9s<\/p>\n<p>A en croire cette vigneronne de Saint-Pour\u00e7ain, le Loir-et-Cher n&rsquo;est pas le seul d\u00e9partement qui a vu des pyl\u00f4nes \u00e9lectriques \u00eatre pli\u00e9s sous la force du vent. Les vignes ont \u00e9t\u00e9 s\u00e9rieusement endommag\u00e9es dans l&rsquo;Allier.<\/p>\n<p class=\"mb-xxl@xs color-ultramarine font-weight-semi-bold@xs font-source-serif-pro heading-s@xs\">L\u2019acc\u00e8s \u00e0 ce contenu a \u00e9t\u00e9 bloqu\u00e9 afin de respecter votre choix de consentement<\/p>\n<p class=\"mb-m@xs text-l@xs\">En cliquant sur\u00ab J\u2019accepte \u00bb, vous acceptez le d\u00e9p\u00f4t de cookies par des services externes et aurez ainsi acc\u00e8s aux contenus de nos partenaires.<\/p>\n<p class=\"mb-xl@xs text-s@xs\">Plus d\u2019informations sur la page<a href=\"https:\/\/www.20minutes.fr\/gestion-cookies\" class=\"mx-xxs@xs color-ultramarine\" rel=\"nofollow noopener\" target=\"_blank\">Politique de gestion des cookies<\/a><\/p>\n<p>J\u2019accepteLes trois s\u0153urs de l\u2019adolescent tu\u00e9 sont hospitalis\u00e9es<\/p>\n<p>Les trois s\u0153urs du gar\u00e7on mort \u00e0 Piquecos (Tarn-et-Garonne) ont \u00e9t\u00e9 prises en charge par les secours et transport\u00e9es \u00e0 l\u2019h\u00f4pital de Montauban, a pr\u00e9cis\u00e9 la maire du village sur BFM TV.<\/p>\n<p>L&rsquo;adolescent tu\u00e9 \u00e9tait parti pique-niquer<\/p>\n<p>Interrog\u00e9e <a href=\"https:\/\/www.bfmtv.com\/meteo\/video-orages-les-s-urs-de-l-enfant-de-12-ans-tue-par-la-chute-d-un-arbre-ont-ete-prises-en-charge-au-chu-de-montauban-affirme-la-maire-de-piquecos_VN-202506260309.html\" rel=\"nofollow noopener\" target=\"_blank\" class=\"color-ultramarine c-link\">par nos confr\u00e8res de BFM TV<\/a>, la maire de la commune de Piquecos (Tarn-et-Garonne) est revenu sur les circonstances de la mort d&rsquo;un adolescent de 12 ans mercredi soir. \u00ab Aux alentours de 20 heures, ce jeune homme se trouvait accompagn\u00e9 de trois petites soeurs \u00bb pr\u00e8s d&rsquo;un cours d&rsquo;eau, a t\u00e9moign\u00e9 Christ\u00e8le Garcia sur la cha\u00eene d&rsquo;info en continu. Ils comptaient passer la soir\u00e9e \u00e0 piqueniquer mais avec la temp\u00eate, la pluie et le vent, deux arbres sont tomb\u00e9s sur lui \u00bb, a expliqu\u00e9 la maire du village de 500 habitants.<\/p>\n<p><script async src=\"https:\/\/platform.twitter.com\/widgets.js\" charset=\"utf-8\"><\/script><\/p>\n","protected":false},"excerpt":{"rendered":"Pr\u00e8s de 1.000 arbres touch\u00e9s \u00e0 Paris Dans la capitale, entre 500 et 1.000 arbres ont \u00e9t\u00e9 s\u00e9v\u00e8rement&hellip;\n","protected":false},"author":2,"featured_media":205940,"comment_status":"","ping_status":"","sticky":false,"template":"","format":"standard","meta":{"footnotes":""},"categories":[9587],"tags":[1111,47,11,13208,1777,674,1011,27,662,12,5161,4594,626,25,9590,104],"class_list":{"0":"post-205939","1":"post","2":"type-post","3":"status-publish","4":"format-standard","5":"has-post-thumbnail","7":"category-rouen","8":"tag-actu","9":"tag-actualite","10":"tag-actualites","11":"tag-chaleur","12":"tag-eu","13":"tag-europe","14":"tag-fr","15":"tag-france","16":"tag-ile-de-france","17":"tag-news","18":"tag-normandie","19":"tag-orages","20":"tag-paris","21":"tag-republique-francaise","22":"tag-rouen","23":"tag-societe"},"share_on_mastodon":{"url":"https:\/\/pubeurope.com\/@fr\/114750015856024230","error":""},"_links":{"self":[{"href":"https:\/\/www.europesays.com\/fr\/wp-json\/wp\/v2\/posts\/205939","targetHints":{"allow":["GET"]}}],"collection":[{"href":"https:\/\/www.europesays.com\/fr\/wp-json\/wp\/v2\/posts"}],"about":[{"href":"https:\/\/www.europesays.com\/fr\/wp-json\/wp\/v2\/types\/post"}],"author":[{"embeddable":true,"href":"https:\/\/www.europesays.com\/fr\/wp-json\/wp\/v2\/users\/2"}],"replies":[{"embeddable":true,"href":"https:\/\/www.europesays.com\/fr\/wp-json\/wp\/v2\/comments?post=205939"}],"version-history":[{"count":0,"href":"https:\/\/www.europesays.com\/fr\/wp-json\/wp\/v2\/posts\/205939\/revisions"}],"wp:featuredmedia":[{"embeddable":true,"href":"https:\/\/www.europesays.com\/fr\/wp-json\/wp\/v2\/media\/205940"}],"wp:attachment":[{"href":"https:\/\/www.europesays.com\/fr\/wp-json\/wp\/v2\/media?parent=205939"}],"wp:term":[{"taxonomy":"category","embeddable":true,"href":"https:\/\/www.europesays.com\/fr\/wp-json\/wp\/v2\/categories?post=205939"},{"taxonomy":"post_tag","embeddable":true,"href":"https:\/\/www.europesays.com\/fr\/wp-json\/wp\/v2\/tags?post=205939"}],"curies":[{"name":"wp","href":"https:\/\/api.w.org\/{rel}","templated":true}]}}