{"id":20594,"date":"2025-04-12T21:08:20","date_gmt":"2025-04-12T21:08:20","guid":{"rendered":"https:\/\/www.europesays.com\/fr\/20594\/"},"modified":"2025-04-12T21:08:20","modified_gmt":"2025-04-12T21:08:20","slug":"un-homme-tue-par-balles-sur-fond-de-trafic-de-drogue","status":"publish","type":"post","link":"https:\/\/www.europesays.com\/fr\/20594\/","title":{"rendered":"un homme tu\u00e9 par balles sur fond de trafic de drogue"},"content":{"rendered":"<p>Un homme a \u00e9t\u00e9 tu\u00e9 par balles dans la nuit du vendredi\u00a011 au samedi 12\u00a0avril \u00e0 Nice (Alpes-Maritimes), apparemment sur fond de trafic de stup\u00e9fiants, a-t-on appris aupr\u00e8s du parquet de la ville. L\u2019homicide a \u00e9t\u00e9 commis dans le quartier Pasteur, a indiqu\u00e9 dans un communiqu\u00e9 le procureur de la R\u00e9publique, Damien Martinelli, pr\u00e9cisant que la victime, \u00e2g\u00e9e de 28\u00a0ans, \u00e9tait \u00ab\u00a0porteuse d\u2019\u00e9l\u00e9ments susceptibles d\u2019\u00eatre en lien avec des faits de trafic de stup\u00e9fiants\u00a0\u00bb.<\/p>\n<p>\u00ab\u00a0Les premi\u00e8res constatations m\u00e9dico-l\u00e9gales permettaient la mise en \u00e9vidence de six impacts l\u00e9sionnels par balle, dix \u00e9tuis de calibre 9\u00a0mm \u00e9tant retrouv\u00e9s sur place\u00a0\u00bb, poursuit le magistrat. D\u2019apr\u00e8s une source polici\u00e8re, l\u2019homme a \u00e9t\u00e9 tu\u00e9 vers\u00a000\u00a0h\u00a045 par deux personnes circulant \u00e0 scooter qui l\u2019ont mortellement touch\u00e9 au torse et \u00e0 la gorge.<\/p>\n<p>Un quartier proche de points de deal<\/p>\n<p>La victime a d\u00e9j\u00e0 \u00e9t\u00e9 condamn\u00e9e \u00e0 plusieurs reprises, notamment pour des d\u00e9lits routiers, des faits de violences aggrav\u00e9es et des infractions \u00e0 la l\u00e9gislation sur les stup\u00e9fiants, d\u2019apr\u00e8s le procureur. L\u2019enqu\u00eate pour homicide en bande organis\u00e9e et association de malfaiteurs\u00a0a \u00e9t\u00e9 confi\u00e9e \u00e0 la police judiciaire locale.<\/p>\n<p>Le quartier Pasteur, situ\u00e9 dans l\u2019est de la ville, se trouve non loin de points de deal. Ceux-ci ont \u00e9t\u00e9 des th\u00e9\u00e2tres r\u00e9cents de r\u00e8glements de comptes.<\/p>\n","protected":false},"excerpt":{"rendered":"Un homme a \u00e9t\u00e9 tu\u00e9 par balles dans la nuit du vendredi\u00a011 au samedi 12\u00a0avril \u00e0 Nice (Alpes-Maritimes),&hellip;\n","protected":false},"author":2,"featured_media":20595,"comment_status":"","ping_status":"","sticky":false,"template":"","format":"standard","meta":{"footnotes":""},"categories":[2819],"tags":[328,1111,11,1052,1777,674,274,1011,27,329,12,2401,882,25],"class_list":{"0":"post-20594","1":"post","2":"type-post","3":"status-publish","4":"format-standard","5":"has-post-thumbnail","7":"category-nice","8":"tag-a-la-une","9":"tag-actu","10":"tag-actualites","11":"tag-drogue","12":"tag-eu","13":"tag-europe","14":"tag-faits-divers-justice","15":"tag-fr","16":"tag-france","17":"tag-france-monde","18":"tag-news","19":"tag-nice","20":"tag-provence-alpes-cote-dazur","21":"tag-republique-francaise"},"share_on_mastodon":{"url":"https:\/\/pubeurope.com\/@fr\/114327041078323476","error":""},"_links":{"self":[{"href":"https:\/\/www.europesays.com\/fr\/wp-json\/wp\/v2\/posts\/20594","targetHints":{"allow":["GET"]}}],"collection":[{"href":"https:\/\/www.europesays.com\/fr\/wp-json\/wp\/v2\/posts"}],"about":[{"href":"https:\/\/www.europesays.com\/fr\/wp-json\/wp\/v2\/types\/post"}],"author":[{"embeddable":true,"href":"https:\/\/www.europesays.com\/fr\/wp-json\/wp\/v2\/users\/2"}],"replies":[{"embeddable":true,"href":"https:\/\/www.europesays.com\/fr\/wp-json\/wp\/v2\/comments?post=20594"}],"version-history":[{"count":0,"href":"https:\/\/www.europesays.com\/fr\/wp-json\/wp\/v2\/posts\/20594\/revisions"}],"wp:featuredmedia":[{"embeddable":true,"href":"https:\/\/www.europesays.com\/fr\/wp-json\/wp\/v2\/media\/20595"}],"wp:attachment":[{"href":"https:\/\/www.europesays.com\/fr\/wp-json\/wp\/v2\/media?parent=20594"}],"wp:term":[{"taxonomy":"category","embeddable":true,"href":"https:\/\/www.europesays.com\/fr\/wp-json\/wp\/v2\/categories?post=20594"},{"taxonomy":"post_tag","embeddable":true,"href":"https:\/\/www.europesays.com\/fr\/wp-json\/wp\/v2\/tags?post=20594"}],"curies":[{"name":"wp","href":"https:\/\/api.w.org\/{rel}","templated":true}]}}