{"id":205942,"date":"2025-06-26T13:59:19","date_gmt":"2025-06-26T13:59:19","guid":{"rendered":"https:\/\/www.europesays.com\/fr\/205942\/"},"modified":"2025-06-26T13:59:19","modified_gmt":"2025-06-26T13:59:19","slug":"isere-letat-donne-son-feu-vert-a-ce-projet-de-mega-usine-conteste-pres-de-grenoble","status":"publish","type":"post","link":"https:\/\/www.europesays.com\/fr\/205942\/","title":{"rendered":"Is\u00e8re. L&rsquo;\u00c9tat donne son feu vert \u00e0 ce projet de m\u00e9ga-usine contest\u00e9 pr\u00e8s de Grenoble"},"content":{"rendered":"<p>            Par<br \/>\n        <strong><br \/>\n            <a href=\"https:\/\/actu.fr\/auteur\/lisa-rodrigues\" title=\"Consulter tous les articles de Lisa Rodrigues\" rel=\"nofollow noopener\" target=\"_blank\">Lisa Rodrigues<\/a><br \/>\n        <\/strong><\/p>\n<p>        Publi\u00e9 le<\/p>\n<p>            26 juin 2025 \u00e0 15h21        <\/p>\n<p>Le d\u00e9partement de l\u2019<a href=\"https:\/\/actu.fr\/auvergne-rhone-alpes\/isere_38\" rel=\"nofollow noopener\" target=\"_blank\">Is\u00e8re<\/a> compte un certain nombre de<strong> sites industriels<\/strong> <strong>consid\u00e9r\u00e9s comme potentiellement dangereux<\/strong> pour les populations et l\u2019environnement en cas d\u2019accident majeur. Des sites fr\u00e9quemment contr\u00f4l\u00e9s par les services de l\u2019\u00c9tat pour s\u2019assurer du respect de la loi par ces entreprises.<\/p>\n<p class=\" wall-content\">En ce sens, la pr\u00e9fecture de R\u00e9gion a r\u00e9cemment publi\u00e9 son <a href=\"https:\/\/www.auvergne-rhone-alpes.developpement-durable.gouv.fr\/securite-et-controle-des-sites-industriels-en-a23977.html\" rel=\"nofollow noopener\" target=\"_blank\">rapport annuel 2024<\/a> concernant les contr\u00f4les effectu\u00e9s de ces industries. Voici le r\u00e9sultat pour l\u2019Is\u00e8re.<\/p>\n<p>Les chiffres des contr\u00f4les en Is\u00e8re<\/p>\n<p class=\" wall-content\">C\u2019est la Dreal (Direction r\u00e9gionale de l\u2019environnement, de l\u2019am\u00e9nagement et du logement) qui a en charge la pr\u00e9vention et le contr\u00f4le des sites industriels \u00e0 risque.<\/p>\n<p class=\" wall-content\">En 2024, l\u2019Is\u00e8re comptait un certain nombre d\u2019industries \u00e0 surveiller, notamment <strong>55 sites Seveso<\/strong>. Sur la m\u00eame ann\u00e9e, la Dreal a r\u00e9alis\u00e9 424 inspections et 62 \u00ab\u00a0contr\u00f4les inopin\u00e9s\u00a0\u00bb.<\/p>\n<p class=\" wall-content\">Un total de 50 mises en demeure de sites industriels a \u00e9t\u00e9 prononc\u00e9. Ce sont 4 amendes administratives qui ont \u00e9t\u00e9 donn\u00e9es, ainsi que 16 astreintes financi\u00e8res \u00e0 divers industriels is\u00e9rois.<\/p>\n<p>Vid\u00e9os : en ce moment sur ActuUn projet \u00e0 7 milliards d\u2019euros<\/p>\n<p class=\" wall-content\">La Dreal a \u00e9galement rendu plusieurs d\u00e9cisions concernant des projets de sites industriels \u00e0 risque. Parmi celles-ci, un dossier concerne l\u2019usine de semi-conducteurs <a href=\"https:\/\/actu.fr\/auvergne-rhone-alpes\/crolles_38140\/pres-de-grenoble-300-a-400-emplois-menaces-dans-cette-usine-les-salaries-tres-inquiets_62557012.html\" rel=\"nofollow noopener\" target=\"_blank\">ST Microelectronics<\/a> de Crolles, pr\u00e8s de Grenoble.<\/p>\n<p>    <a href=\"https:\/\/www.google.com\/maps\/embed?pb=!1m18!1m12!1m3!1d5616.074085784977!2d5.881377176139977!3d45.26726197107142!2m3!1f0!2f0!3f0!3m2!1i1024!2i768!4f13.1!3m3!1m2!1s0x478a599bc746f64f%3A0xcb05e1c6c99656a3!2sSTMicroelectronics%20Crolles!5e0!3m2!1sfr!2sfr!4v1750939845404!5m2!1sfr!2sfr\" title=\"Ouvrie le lien\" rel=\"nofollow noopener\" target=\"_blank\">Cliquez ici pour visualiser le contenu<\/a><\/p>\n<p class=\" wall-content\">Une autorisation environnementale a \u00e9t\u00e9 donn\u00e9e en mai 2022 pour augmenter les capacit\u00e9s de production de l\u2019entreprise \u2013 dont le site est class\u00e9 Seveso seuil haut \u2013 avec <a href=\"https:\/\/actu.fr\/auvergne-rhone-alpes\/crolles_38140\/usine-de-semi-conducteurs-a-crolles-l-etat-met-2-9-milliards-1-000-emplois-crees_59689920.html\" rel=\"nofollow noopener\" target=\"_blank\">la construction d\u2019une m\u00e9ga-usine<\/a>. Un projet estim\u00e9 \u00e0 <strong>7 milliards d\u2019euros<\/strong>, chiffrent les services de l\u2019\u00c9tat.<\/p>\n<p class=\" wall-content\">L\u2019int\u00e9r\u00eat de la Dreal est notamment tourn\u00e9 vers la consommation d\u2019eau demand\u00e9e par l\u2019industriel. Un pr\u00e9l\u00e8vement de 34,6 millions de m3 d\u2019eau par an a \u00e9t\u00e9 estim\u00e9, contre moins de 5,2 millions de m3\/an aujourd\u2019hui (\u00ab\u00a0l\u2019\u00e9quivalent de la consommation d\u2019eau d\u2019Annecy, d\u2019Amiens ou encore de Brest\u00a0\u00bb, pr\u00e9cisent les services de l\u2019\u00c9tat).<\/p>\n<p class=\" wall-content\">L\u2019enqu\u00eate publique lanc\u00e9e en 2024 est termin\u00e9e et \u00ab\u00a0le <strong>projet a \u00e9t\u00e9 autoris\u00e9<\/strong> par la pr\u00e9f\u00e8te de l\u2019Is\u00e8re le 20 mars 2025\u2033, pr\u00e9cise la Dreal. Une d\u00e9cision qui ne va pas ravir les <a href=\"https:\/\/actu.fr\/auvergne-rhone-alpes\/grenoble_38185\/une-mega-usine-va-sortir-de-terre-pres-de-grenoble-des-habitants-s-insurgent_59787129.html\" rel=\"nofollow noopener\" target=\"_blank\">opposants au projet<\/a>, qui d\u00e9non\u00e7aient d\u00e8s 2023 sur actu Grenoble une aberration \u00e9cologique\u2026<\/p>\n<p class=\" wall-content\">Suivez toute l\u2019actualit\u00e9 de vos villes et m\u00e9dias favoris en vous inscrivant \u00e0 <a href=\"https:\/\/moncompte.actu.fr\" title=\"D\u00e9couvez Mon Actu\" rel=\"nofollow noopener\" data-trk=\"{&quot;cta&quot;:{&quot;action&quot;:&quot;https:\\\/\\\/moncompte.actu.fr&quot;,&quot;category&quot;:&quot;mon compte&quot;,&quot;from&quot;:&quot;article footer&quot;,&quot;name&quot;:&quot;Mon actu&quot;,&quot;type&quot;:&quot;cta&quot;}}\" target=\"_blank\">Mon Actu<\/a>.<\/p>\n","protected":false},"excerpt":{"rendered":"Par Lisa Rodrigues Publi\u00e9 le 26 juin 2025 \u00e0 15h21 Le d\u00e9partement de l\u2019Is\u00e8re compte un certain nombre&hellip;\n","protected":false},"author":2,"featured_media":51888,"comment_status":"","ping_status":"","sticky":false,"template":"","format":"standard","meta":{"footnotes":""},"categories":[9566],"tags":[1111,11,2430,33,436,1777,674,1011,27,2731,693,12,25],"class_list":{"0":"post-205942","1":"post","2":"type-post","3":"status-publish","4":"format-standard","5":"has-post-thumbnail","7":"category-grenoble","8":"tag-actu","9":"tag-actualites","10":"tag-auvergne-rhone-alpes","11":"tag-economie","12":"tag-environnement","13":"tag-eu","14":"tag-europe","15":"tag-fr","16":"tag-france","17":"tag-grenoble","18":"tag-industrie","19":"tag-news","20":"tag-republique-francaise"},"share_on_mastodon":{"url":"https:\/\/pubeurope.com\/@fr\/114750027495643375","error":""},"_links":{"self":[{"href":"https:\/\/www.europesays.com\/fr\/wp-json\/wp\/v2\/posts\/205942","targetHints":{"allow":["GET"]}}],"collection":[{"href":"https:\/\/www.europesays.com\/fr\/wp-json\/wp\/v2\/posts"}],"about":[{"href":"https:\/\/www.europesays.com\/fr\/wp-json\/wp\/v2\/types\/post"}],"author":[{"embeddable":true,"href":"https:\/\/www.europesays.com\/fr\/wp-json\/wp\/v2\/users\/2"}],"replies":[{"embeddable":true,"href":"https:\/\/www.europesays.com\/fr\/wp-json\/wp\/v2\/comments?post=205942"}],"version-history":[{"count":0,"href":"https:\/\/www.europesays.com\/fr\/wp-json\/wp\/v2\/posts\/205942\/revisions"}],"wp:featuredmedia":[{"embeddable":true,"href":"https:\/\/www.europesays.com\/fr\/wp-json\/wp\/v2\/media\/51888"}],"wp:attachment":[{"href":"https:\/\/www.europesays.com\/fr\/wp-json\/wp\/v2\/media?parent=205942"}],"wp:term":[{"taxonomy":"category","embeddable":true,"href":"https:\/\/www.europesays.com\/fr\/wp-json\/wp\/v2\/categories?post=205942"},{"taxonomy":"post_tag","embeddable":true,"href":"https:\/\/www.europesays.com\/fr\/wp-json\/wp\/v2\/tags?post=205942"}],"curies":[{"name":"wp","href":"https:\/\/api.w.org\/{rel}","templated":true}]}}