{"id":205949,"date":"2025-06-26T14:03:32","date_gmt":"2025-06-26T14:03:32","guid":{"rendered":"https:\/\/www.europesays.com\/fr\/205949\/"},"modified":"2025-06-26T14:03:32","modified_gmt":"2025-06-26T14:03:32","slug":"madame-c-decouvrez-en-images-ce-nouveau-cocon-a-lombre-de-la-cathedrale","status":"publish","type":"post","link":"https:\/\/www.europesays.com\/fr\/205949\/","title":{"rendered":"\u00ab\u00a0Madame C\u00a0\u00bb, d\u00e9couvrez en images ce nouveau cocon \u00e0 l\u2019ombre de la cath\u00e9drale"},"content":{"rendered":"<p>Au 10, rue des S\u0153urs, aucune enseigne accrocheuse ne vient troubler la qui\u00e9tude des passants. Il n\u2019y a gu\u00e8re que les deux petites lanternes rouges qui accrochent les regards, \u00e0 c\u00f4t\u00e9 du bar am\u00e9ricain des Aviateurs &#8211; haut lieu de la vie des noctambules strasbourgeois. Seuls le bouche-\u00e0-oreille et la curiosit\u00e9, piqu\u00e9e par une sobre plaque de laiton \u00e0 l\u2019inscription \u00e9quivoque \u00ab\u00a0Madame C, maison de plaisirs\u00a0\u00bb, invitent les plus t\u00e9m\u00e9raires \u00e0 franchir le seuil de la porte.<\/p>\n<p>L\u2019entr\u00e9e \u2013 qui donne sur le puits de lumi\u00e8re d\u2019un \u00e9l\u00e9gant patio \u2013 donne le ton des lieux, r\u00e9solument Belle \u00e9poque. Tout a \u00e9t\u00e9 soigneusement \u00e9tudi\u00e9 pour plonger les visiteurs en dehors du temps et de l\u2019agitation, dans cette maison bourgeoise b\u00e2tie en 1785 et r\u00e9nov\u00e9e avec go\u00fbt, sous l\u2019\u00e9troite surveillance de l\u2019architecte des b\u00e2timents de France, avec aussi des fouilles arch\u00e9ologiques. R\u00e9sultat\u00a0: apr\u00e8s trois ans de travaux et de d\u00e9marches administratives, \u00ab\u00a0un nouveau lieu de vie ouvre enfin\u00a0\u00bb, glisse <a href=\"https:\/\/www.dna.fr\/magazine-cuisine-et-vins\/2024\/01\/15\/chez-bravo-rue-du-vieux-marche-aux-vins-la-gastronomie-italienne-ovationnee\" target=\"_blank\" rel=\"noopener\">Franck Meunier<\/a> , soulag\u00e9.<\/p>\n<p>  Avec un C comme cath\u00e9drale<\/p>\n<p>Pour ce faire, l\u2019entrepreneur (\u00e0 la t\u00eate <a href=\"https:\/\/www.dna.fr\/actualite\/2017\/03\/03\/franck-meunier-et-la-brasserie-meteor-reprennent-les-locaux-et-le-personnel-d-intersport\" target=\"_blank\" rel=\"noopener\">d\u2019une douzaine de bars<\/a> et restaurants \u00e0 th\u00e8me \u00e0 Strasbourg et ailleurs) a d\u00fb investir lourdement et se montrer patient. Le lieu au nom un brin suggestif et provocateur &#8211; \u00ab\u00a0Madame C, maison des plaisirs\u00a0\u00bb &#8211; n\u2019est pas ce que vous croyez. \u00ab\u00a0On se trouve dans la rue des S\u0153urs, c\u2019est le C du mot cath\u00e9drale \u00e9videmment\u00a0\u00bb, souligne, avec le regard qui p\u00e9tille, le patron du bar, restaurant et h\u00f4tel. Sous-entendu\u00a0: ce n\u2019est en aucun cas celui <a href=\"https:\/\/www.dna.fr\/faits-divers\/2015\/12\/23\/madame-claude-part-avec-ses-carnets-secrets\" target=\"_blank\" rel=\"noopener\">d\u2019une patronne de maison close parisienne devenue c\u00e9l\u00e8bre<\/a>.<\/p>\n<p>Les apparences \u2013 l\u2019allusion aux lanternes rouges comme dans les quartiers rouges (les c\u00e9l\u00e8bres \u00ab\u00a0red-light districts \u00bb) de certaines villes flamandes ou hollandaises \u2013 sont donc trompeuses. Ici, l\u2019on vient se d\u00e9tendre pour profiter de plaisirs simples quoique sophistiqu\u00e9s, pour boire des cocktails originaux, manger un morceau (la carte est soign\u00e9e et les cuisines sont neuves en sous-sol) et, pourquoi pas, profiter de l\u2019atmosph\u00e8re enveloppante de l\u2019une des 12 superbes chambres \u2013 qui ont chacune une ambiance particuli\u00e8re &#8211; r\u00e9parties autour du patio.<\/p>\n<p>  Un palmier, embl\u00e8me de l\u2019exotisme du lieu<\/p>\n<p>Dorures raffin\u00e9es, teintes rouge bordeaux, papiers peints exotiques, velours sur les si\u00e8ges, photos anciennes et objets vintage pars\u00e8ment les lieux qui peuvent accueillir une soixantaine de clients, sans compter les huit places dans le patio. Pour les clich\u00e9s anciens, on notera une constante\u00a0: le nu ou le d\u00e9shabill\u00e9, version ann\u00e9es 1930, avec des postures langoureuses, \u00e0 faire rougir les \u00e2mes sensibles. On note aussi une chambre pour personnes \u00e0 mobilit\u00e9 r\u00e9duite et un ascenseur.<\/p>\n<p>Pour le reste, au c\u0153ur du patio, un arbre totem d\u00e9ploie toute son envergure\u00a0: le palmier, point culminant de l\u2019exotisme v\u00e9g\u00e9tal, tutoie les toits \u00e0 pr\u00e8s de dix m\u00e8tres de haut. Deux jours ont \u00e9t\u00e9 n\u00e9cessaires \u00e0 une \u00e9quipe d\u2019une douzaine de personnes pour hisser ce g\u00e9ant, dont la cime parvient \u00e0 capter les derni\u00e8res lueurs du soleil d\u00e9clinant. Pile poil le moment de la d\u00e9tente, au c\u0153ur de cette \u00ab\u00a0maison de plaisirs\u00a0\u00bb.<\/p>\n<p class=\"note\">\u00ab Madame C, maison de plaisirs \u00bb\u00a0: bar \u00e0 cocktails, restaurant et h\u00f4tel particulier (chambres de 190 \u00e0 290\u00a0\u20ac) au 10 rue des S\u0153urs \u00e0 Strasbourg.<\/p>\n","protected":false},"excerpt":{"rendered":"Au 10, rue des S\u0153urs, aucune enseigne accrocheuse ne vient troubler la qui\u00e9tude des passants. Il n\u2019y a&hellip;\n","protected":false},"author":2,"featured_media":205950,"comment_status":"","ping_status":"","sticky":false,"template":"","format":"standard","meta":{"footnotes":""},"categories":[2820],"tags":[1111,11,2389,2649,4406,130,33,2880,1777,674,107,1011,27,775,12,25,640,2879],"class_list":{"0":"post-205949","1":"post","2":"type-post","3":"status-publish","4":"format-standard","5":"has-post-thumbnail","7":"category-strasbourg","8":"tag-actu","9":"tag-actualites","10":"tag-alsace","11":"tag-bas-rhin","12":"tag-commerce-et-services","13":"tag-consommation","14":"tag-economie","15":"tag-edition-strasbourg","16":"tag-eu","17":"tag-europe","18":"tag-fil-info","19":"tag-fr","20":"tag-france","21":"tag-grand-est","22":"tag-news","23":"tag-republique-francaise","24":"tag-strasbourg","25":"tag-strasbourg-ville"},"share_on_mastodon":{"url":"https:\/\/pubeurope.com\/@fr\/114750043294447799","error":""},"_links":{"self":[{"href":"https:\/\/www.europesays.com\/fr\/wp-json\/wp\/v2\/posts\/205949","targetHints":{"allow":["GET"]}}],"collection":[{"href":"https:\/\/www.europesays.com\/fr\/wp-json\/wp\/v2\/posts"}],"about":[{"href":"https:\/\/www.europesays.com\/fr\/wp-json\/wp\/v2\/types\/post"}],"author":[{"embeddable":true,"href":"https:\/\/www.europesays.com\/fr\/wp-json\/wp\/v2\/users\/2"}],"replies":[{"embeddable":true,"href":"https:\/\/www.europesays.com\/fr\/wp-json\/wp\/v2\/comments?post=205949"}],"version-history":[{"count":0,"href":"https:\/\/www.europesays.com\/fr\/wp-json\/wp\/v2\/posts\/205949\/revisions"}],"wp:featuredmedia":[{"embeddable":true,"href":"https:\/\/www.europesays.com\/fr\/wp-json\/wp\/v2\/media\/205950"}],"wp:attachment":[{"href":"https:\/\/www.europesays.com\/fr\/wp-json\/wp\/v2\/media?parent=205949"}],"wp:term":[{"taxonomy":"category","embeddable":true,"href":"https:\/\/www.europesays.com\/fr\/wp-json\/wp\/v2\/categories?post=205949"},{"taxonomy":"post_tag","embeddable":true,"href":"https:\/\/www.europesays.com\/fr\/wp-json\/wp\/v2\/tags?post=205949"}],"curies":[{"name":"wp","href":"https:\/\/api.w.org\/{rel}","templated":true}]}}