{"id":205957,"date":"2025-06-26T14:07:23","date_gmt":"2025-06-26T14:07:23","guid":{"rendered":"https:\/\/www.europesays.com\/fr\/205957\/"},"modified":"2025-06-26T14:07:23","modified_gmt":"2025-06-26T14:07:23","slug":"orages-peu-de-degats-dans-les-vignes-du-muscadet-la-qualite-du-vin-nantais-devrait-etre","status":"publish","type":"post","link":"https:\/\/www.europesays.com\/fr\/205957\/","title":{"rendered":"Orages\u00a0: peu de d\u00e9g\u00e2ts dans les vignes du muscadet, la qualit\u00e9 du vin nantais devrait \u00eatre"},"content":{"rendered":"<p>Apr\u00e8s le passage d\u2019un \u00e9pisode orageux bref mais intense, mercredi 25 juin, la F\u00e9d\u00e9ration des vins de Nantes se veut rassurante sur l\u2019\u00e9tat des vignes. Dans un communiqu\u00e9 le groupement de vignerons du muscadet revient sur le ph\u00e9nom\u00e8ne qui, vers 18 h a touch\u00e9 les zones situ\u00e9es \u00e0 l\u2019est du S\u00e8vre et Maine jusqu\u2019\u00e0 la limite de la Loire-Atlantique, vers l\u2019Anjou dans les Coteaux de la Loire. L\u2019orage a touch\u00e9 les communes de Clisson, Monni\u00e8res, Le Pallet, Mouzillon, Vallet, La Remaudi\u00e8re. Les Vignerons ont enregistr\u00e9 45 mm de pr\u00e9cipitation.<\/p>\n<p>Quelques vignes (\u00e0 l\u2019\u00e9tat de fermeture de grappes pour certaines) ont pu \u00eatre sporadiquement touch\u00e9es sans grand d\u00e9g\u00e2t d\u2019ampleur constat\u00e9 \u00e0 ce stade, rassure la f\u00e9d\u00e9ration qui anticipe le beau temps des jours \u00e0 venir. L\u2019\u00e9tat sanitaire exceptionnel, le beau temps annonc\u00e9 ces jours prochains et la protection qui va \u00eatre assur\u00e9 par les vignerons ne devraient pas, \u00e0 l\u2019\u00e9chelle du vignoble, avoir de cons\u00e9quences significatives sur les volumes et la qualit\u00e9 du mill\u00e9sime 2025.<\/p>\n<p>\u00a0<\/p>\n","protected":false},"excerpt":{"rendered":"Apr\u00e8s le passage d\u2019un \u00e9pisode orageux bref mais intense, mercredi 25 juin, la F\u00e9d\u00e9ration des vins de Nantes&hellip;\n","protected":false},"author":2,"featured_media":205958,"comment_status":"","ping_status":"","sticky":false,"template":"","format":"standard","meta":{"footnotes":""},"categories":[2818],"tags":[1111,11,34472,1777,674,1011,27,4187,4715,766,12,4594,2636,34473,20185,25,4802,1662],"class_list":{"0":"post-205957","1":"post","2":"type-post","3":"status-publish","4":"format-standard","5":"has-post-thumbnail","7":"category-nantes","8":"tag-actu","9":"tag-actualites","10":"tag-degats","11":"tag-eu","12":"tag-europe","13":"tag-fr","14":"tag-france","15":"tag-muscadet","16":"tag-nantais","17":"tag-nantes","18":"tag-news","19":"tag-orages","20":"tag-pays-de-la-loire","21":"tag-preservee","22":"tag-qualite","23":"tag-republique-francaise","24":"tag-vignes","25":"tag-vin"},"share_on_mastodon":{"url":"https:\/\/pubeurope.com\/@fr\/114750058923686312","error":""},"_links":{"self":[{"href":"https:\/\/www.europesays.com\/fr\/wp-json\/wp\/v2\/posts\/205957","targetHints":{"allow":["GET"]}}],"collection":[{"href":"https:\/\/www.europesays.com\/fr\/wp-json\/wp\/v2\/posts"}],"about":[{"href":"https:\/\/www.europesays.com\/fr\/wp-json\/wp\/v2\/types\/post"}],"author":[{"embeddable":true,"href":"https:\/\/www.europesays.com\/fr\/wp-json\/wp\/v2\/users\/2"}],"replies":[{"embeddable":true,"href":"https:\/\/www.europesays.com\/fr\/wp-json\/wp\/v2\/comments?post=205957"}],"version-history":[{"count":0,"href":"https:\/\/www.europesays.com\/fr\/wp-json\/wp\/v2\/posts\/205957\/revisions"}],"wp:featuredmedia":[{"embeddable":true,"href":"https:\/\/www.europesays.com\/fr\/wp-json\/wp\/v2\/media\/205958"}],"wp:attachment":[{"href":"https:\/\/www.europesays.com\/fr\/wp-json\/wp\/v2\/media?parent=205957"}],"wp:term":[{"taxonomy":"category","embeddable":true,"href":"https:\/\/www.europesays.com\/fr\/wp-json\/wp\/v2\/categories?post=205957"},{"taxonomy":"post_tag","embeddable":true,"href":"https:\/\/www.europesays.com\/fr\/wp-json\/wp\/v2\/tags?post=205957"}],"curies":[{"name":"wp","href":"https:\/\/api.w.org\/{rel}","templated":true}]}}