{"id":205965,"date":"2025-06-26T14:11:08","date_gmt":"2025-06-26T14:11:08","guid":{"rendered":"https:\/\/www.europesays.com\/fr\/205965\/"},"modified":"2025-06-26T14:11:08","modified_gmt":"2025-06-26T14:11:08","slug":"cette-kermesse-gourmande-va-celebrer-lete-et-le-stade-toulousain","status":"publish","type":"post","link":"https:\/\/www.europesays.com\/fr\/205965\/","title":{"rendered":"cette kermesse gourmande va c\u00e9l\u00e9brer l&rsquo;\u00e9t\u00e9 (et le Stade Toulousain)"},"content":{"rendered":"<p>            Par<br \/>\n        <strong><br \/>\n            <a href=\"https:\/\/actu.fr\/auteur\/nina-hossein-zadeh\" title=\"Consulter tous les articles de Nina Hossein-Zadeh\" rel=\"nofollow noopener\" target=\"_blank\">Nina Hossein-Zadeh<\/a><br \/>\n        <\/strong><\/p>\n<p>        Publi\u00e9 le<\/p>\n<p>            26 juin 2025 \u00e0 15h09        <\/p>\n<p>L\u2019\u00e9t\u00e9 est l\u2019occasion de se r\u00e9unir et de partager dans une ambiance conviviale. Et quoi de mieux qu<strong>\u2019une kermesse autour des plaisirs gustatifs<\/strong> pour passer un bon moment\u2009? Le rendez-vous est donn\u00e9 aux habitants de <a href=\"https:\/\/actu.fr\/occitanie\/colomiers_31149\" rel=\"nofollow noopener\" target=\"_blank\"><strong>Colomiers<\/strong><\/a>, pr\u00e8s de <a href=\"https:\/\/actu.fr\/toulouse\/\" rel=\"nofollow noopener\" target=\"_blank\"><strong>Toulouse<\/strong><\/a>, pour la kermesse gourmande les 28 et 29\u00a0juin 2025. Au programme\u2009? Une ribambelle d\u2019ateliers\u2009!<\/p>\n<p>Manger dans une ambiance festive<\/p>\n<p class=\" wall-content\">C\u2019est pour c\u00e9l\u00e9brer l\u2019\u00e9t\u00e9 que la nouvelle \u00e9dition de la kermesse gourmande va prendre ses quartiers chez <strong>Plan B, une ancienne \u00e9cole reconvertie en tiers-lieu d\u00e9di\u00e9 \u00e0 l\u2019exp\u00e9rimentation et \u00e0 la transmission.<\/strong><\/p>\n<p class=\" wall-content\">Ces deux journ\u00e9es seront propices \u00e0 la rencontre et \u00e0 la d\u00e9couverte\u2026 Mais surtout \u00e0 la gourmandise\u2009! Brunch, foodtruck, march\u00e9 des producteurs, tous se r\u00e9uniront pour vous faire go\u00fbter de bons produits.<\/p>\n<p class=\" wall-content\">Le tout dans une ambiance festive avec des animations musicales et d\u2019autres surprises.<\/p>\n<p>Ateliers, spectacles et concerts au programme<\/p>\n<p class=\" wall-content\">Chaque jour, des ateliers vont \u00e9galement rythmer l\u2019\u00e9v\u00e9nement.<strong> Cuisine, bouturage, arts cr\u00e9atifs<\/strong>, voici la liste de ce qui est propos\u00e9 le <strong>samedi 28\u00a0juin<\/strong> de 10\u00a0heures \u00e0 23\u00a0heures\u2009:<\/p>\n<p>Vid\u00e9os : en ce moment sur Actu<\/p>\n<ul class=\" wall-content\">\n<li>Atelier bouturage de menthe tout public\u2009: 10h-18h<\/li>\n<li>Atelier d\u2019arts cr\u00e9atifs pour enfants d\u00e8s 7\u00a0ans (moulin \u00e0 vent)\u2009: 10h30-11h30<\/li>\n<li>Atelier cuisine surprise adultes\u2009: 11h-12h30<\/li>\n<li>Atelier d\u2019art floral en bin\u00f4mes enfant\/parent (cadre photo d\u00e9coratif)\u2009: 11h30-12h15<\/li>\n<li>Animation musicale du groupe \u00ab\u2009The blues peel\u2009\u00bb\u2009: 11h30-13h30<\/li>\n<li>Blind test\u2009: 14h-14h30<\/li>\n<li>Atelier p\u00e2tisseries orientales en bin\u00f4mes enfant\/parent (makrouts)\u2009: 14h-15h<\/li>\n<li>Atelier pyrogravure pour enfants d\u00e8s 8\u00a0ans (accompagn\u00e9 d\u2019un adulte)\u2009: 14h-17h<\/li>\n<li>Atelier fabrication de nids \u00e0 hirondelles\u2009: 14h-18h<\/li>\n<li>Atelier d\u2019arts cr\u00e9atifs pour enfants d\u00e8s 7\u00a0ans (montgolfi\u00e8re \u00e0 suspendre)\u2009: 14h30-15h30<\/li>\n<li>Atelier pyrogravure pour enfants d\u00e8s 8\u00a0ans (accompagn\u00e9 d\u2019un adulte)\u2009: 14h30-16h<\/li>\n<li>Atelier p\u00e2tisseries orientales en bin\u00f4mes enfant\/parent (bricks aux amandes et noisettes)\u2009: 16h-17h<\/li>\n<li>Spectacle chant\u00e9 du groupe \u00ab\u2009Les F\u00e9es Paillettes\u2009\u00bb\u2009: 18h-19h<\/li>\n<li>Concert chanson fran\u00e7aise r\u00e9tro par Sonia la Brune\u2009: 19h-20h<\/li>\n<li><a href=\"https:\/\/actu.fr\/occitanie\/toulouse_31555\/le-stade-toulousain-en-finale-du-top-14-il-y-aura-bien-un-ecran-geant-place-du-capitole-a-toulouse_62806047.html\" rel=\"nofollow noopener\" target=\"_blank\">Retransmission de la finale du Top\u00a014\u2009: 21h-23h<\/a><\/li>\n<\/ul>\n<p class=\" wall-content\">Les visiteurs du <strong>dimanche<\/strong> ne seront pas en reste et pourront participer \u00e0 ces ateliers et \u00e9v\u00e9nements\u2009:<\/p>\n<ul class=\" wall-content\">\n<li>Atelier bouturage de menthe tout public\u2009: 10h-18h<\/li>\n<li>Atelier d\u2019arts cr\u00e9atifs pour enfants d\u00e8s 7\u00a0ans (cadre de famille en galets)\u2009: 10h30-11h30<\/li>\n<li>Atelier cuisine surprise adultes\u2009: 11h-12h30<\/li>\n<li>Atelier d\u2019art floral adultes (jardin stabilis\u00e9 en pot)\u2009: 11h30-12h15<\/li>\n<li>Atelier cuisine adultes (cheesecake framboise chocolat blanc)\u2009: 14h-16h<\/li>\n<li>Atelier d\u2019arts cr\u00e9atifs pour enfants d\u00e8s 7\u00a0ans (fleurs en papier)\u2009: 14h30-15h30<\/li>\n<li>Concert de musique gypsy par Tony\u2009: 11h30-13h30<\/li>\n<li>Blind test\u2009: 14h-14h30<\/li>\n<li>Concert guitare et flamenco par Kenzo et Nicolas\u2009: 14h30-16h30<\/li>\n<\/ul>\n<p class=\" wall-content\">Il faudra n\u00e9anmoins penser \u00e0<strong> s\u2019inscrire par mail\u2009: <a href=\"http:\/\/actu.fr\/cdn-cgi\/l\/email-protection#64060b0a0e0b111608010805062409050d160d0149070b080b090d0116174a0216\" rel=\"nofollow noopener\" target=\"_blank\">[email\u00a0protected]<\/a><\/strong> ou sur place le jour J. La participation est limit\u00e9e \u00e0 deux ateliers par personne.<\/p>\n<p class=\" wall-content\">Suivez toute l\u2019actualit\u00e9 de vos villes et m\u00e9dias favoris en vous inscrivant \u00e0 <a href=\"https:\/\/moncompte.actu.fr\" title=\"D\u00e9couvez Mon Actu\" rel=\"nofollow noopener\" data-trk=\"{&quot;cta&quot;:{&quot;action&quot;:&quot;https:\\\/\\\/moncompte.actu.fr&quot;,&quot;category&quot;:&quot;mon compte&quot;,&quot;from&quot;:&quot;article footer&quot;,&quot;name&quot;:&quot;Mon actu&quot;,&quot;type&quot;:&quot;cta&quot;}}\" target=\"_blank\">Mon Actu<\/a>.<\/p>\n","protected":false},"excerpt":{"rendered":"Par Nina Hossein-Zadeh Publi\u00e9 le 26 juin 2025 \u00e0 15h09 L\u2019\u00e9t\u00e9 est l\u2019occasion de se r\u00e9unir et de&hellip;\n","protected":false},"author":2,"featured_media":205966,"comment_status":"","ping_status":"","sticky":false,"template":"","format":"standard","meta":{"footnotes":""},"categories":[2816],"tags":[1111,11,1777,674,1011,27,12,2680,25,104,1341,2312],"class_list":{"0":"post-205965","1":"post","2":"type-post","3":"status-publish","4":"format-standard","5":"has-post-thumbnail","7":"category-toulouse","8":"tag-actu","9":"tag-actualites","10":"tag-eu","11":"tag-europe","12":"tag-fr","13":"tag-france","14":"tag-news","15":"tag-occitanie","16":"tag-republique-francaise","17":"tag-societe","18":"tag-sortir-a-toulouse","19":"tag-toulouse"},"share_on_mastodon":{"url":"https:\/\/pubeurope.com\/@fr\/114750075041124434","error":""},"_links":{"self":[{"href":"https:\/\/www.europesays.com\/fr\/wp-json\/wp\/v2\/posts\/205965","targetHints":{"allow":["GET"]}}],"collection":[{"href":"https:\/\/www.europesays.com\/fr\/wp-json\/wp\/v2\/posts"}],"about":[{"href":"https:\/\/www.europesays.com\/fr\/wp-json\/wp\/v2\/types\/post"}],"author":[{"embeddable":true,"href":"https:\/\/www.europesays.com\/fr\/wp-json\/wp\/v2\/users\/2"}],"replies":[{"embeddable":true,"href":"https:\/\/www.europesays.com\/fr\/wp-json\/wp\/v2\/comments?post=205965"}],"version-history":[{"count":0,"href":"https:\/\/www.europesays.com\/fr\/wp-json\/wp\/v2\/posts\/205965\/revisions"}],"wp:featuredmedia":[{"embeddable":true,"href":"https:\/\/www.europesays.com\/fr\/wp-json\/wp\/v2\/media\/205966"}],"wp:attachment":[{"href":"https:\/\/www.europesays.com\/fr\/wp-json\/wp\/v2\/media?parent=205965"}],"wp:term":[{"taxonomy":"category","embeddable":true,"href":"https:\/\/www.europesays.com\/fr\/wp-json\/wp\/v2\/categories?post=205965"},{"taxonomy":"post_tag","embeddable":true,"href":"https:\/\/www.europesays.com\/fr\/wp-json\/wp\/v2\/tags?post=205965"}],"curies":[{"name":"wp","href":"https:\/\/api.w.org\/{rel}","templated":true}]}}