{"id":205975,"date":"2025-06-26T14:16:11","date_gmt":"2025-06-26T14:16:11","guid":{"rendered":"https:\/\/www.europesays.com\/fr\/205975\/"},"modified":"2025-06-26T14:16:11","modified_gmt":"2025-06-26T14:16:11","slug":"a-marseille-la-fondation-le-refuge-est-une-famille-pour-la-communaute-lgbtqia","status":"publish","type":"post","link":"https:\/\/www.europesays.com\/fr\/205975\/","title":{"rendered":"\u00c0 Marseille, la fondation le Refuge est une famille pour la communaut\u00e9 LGBTQIA +"},"content":{"rendered":"<p>En\u00a02025, les violences envers les <a href=\"https:\/\/www.laprovence.com\/article\/region\/3153759234356514\/journee-internationale-de-lutte-contre-lhomophobie-samedi-alerte-sur-la-sante-des-personnes-lgbt-a-marseille\" target=\"_blank\" rel=\"nofollow noopener\">personnes LGBTQIA +\u00a0(lesbienne, gay, bisexuel, trans, queer, intersexe et asexuel)<\/a> persistent et de plus en plus de jeunes se retrouvent \u00e0 la rue car rejet\u00e9s par leur famille. Selon un r\u00e9cent rapport de l\u2019Observatoire des vuln\u00e9rabilit\u00e9s queer, 69% des 16-26\u00a0ans ont d\u00e9j\u00e0 pens\u00e9 au suicide et 34% l\u2019ont d\u00e9j\u00e0 tent\u00e9. Face \u00e0 cette situation alarmante, la <a href=\"https:\/\/www.laprovence.com\/article\/region\/3168029200234415\/je-comptais-garder-le-secret-toute-ma-vie-a-marseille-ces-jeunes-lgbt-sauves-par-le-refuge\" target=\"_blank\" rel=\"nofollow noopener\">fondation le Refuge de Marseille<\/a> est un repaire\u00a0: l\u2019association offre un h\u00e9bergement temporaire et un tremplin \u00e0 ces jeunes vers la r\u00e9insertion.<\/p>\n<p>Cours de yoga g\u00e9ant et drag show<\/p>\n<p>Dans ce centre marseillais, on compte 60\u00a0places d\u2019accompagnements et 40 d\u2019h\u00e9bergements. \u00ab\u00a0Notre mission\u00a0: les aider \u00e0 se r\u00e9ins\u00e9rer et \u00e0 se reconstruire\u00a0\u00bb, pose la psychologue de l\u2019association, Angela. Depuis douze ans au Refuge, elle accueille la parole de ces jeunes, entre 18 et 25\u00a0ans, et les guide vers une autonomie financi\u00e8re, psychologique et morale. Particuli\u00e8rement vuln\u00e9rables, les victimes de violences vivent un \u00ab\u00a0rejet ext\u00e9rieur et int\u00e9rieur\u00a0\u00bb estime Angela.<\/p>\n<p>\u00ab\u00a0Avant, je ne vivais pas, je survivais\u00a0\u00bb, confie ainsi Ilia, 24\u00a0ans, qui a trouv\u00e9 ici une \u00ab\u00a0nouvelle vie\u00a0\u00bb apr\u00e8s avoir v\u00e9cu dans la rue. \u00ab\u00a0Les jeunes subissent encore trop de violences, il y a un reflux depuis un an\u00a0\u00bb, t\u00e9moigne Fr\u00e9d\u00e9rique, b\u00e9n\u00e9vole du centre, qui s\u2019inqui\u00e8te de voir les fonds de la structure r\u00e9duits.<\/p>\n<p>Mani\u00e8re de promouvoir son action, d\u2019inviter au regard bienveillant et d\u2019appeler \u00e0 faire des dons, le Refuge propose ce jeudi 26\u00a0juin, dans le cadre du mois des fiert\u00e9s, un cours de yoga g\u00e9ant au Pharo (7e) \u00e0 17\u00a0h 30, suivi d\u2019un \u00ab\u00a0drag show\u00a0\u00bb au centre LGBT de la rue du chevalier Roze (2e) \u00e0 19h. Les jeunes d\u00e9fileront aussi le 5\u00a0juillet dans leur propre char pour la Pride.<\/p>\n","protected":false},"excerpt":{"rendered":"En\u00a02025, les violences envers les personnes LGBTQIA +\u00a0(lesbienne, gay, bisexuel, trans, queer, intersexe et asexuel) persistent et de&hellip;\n","protected":false},"author":2,"featured_media":205976,"comment_status":"","ping_status":"","sticky":false,"template":"","format":"standard","meta":{"footnotes":""},"categories":[2814],"tags":[17,1111,11,932,1777,674,652,13042,1011,27,884,12,471,882,16132,25,104,96],"class_list":{"0":"post-205975","1":"post","2":"type-post","3":"status-publish","4":"format-standard","5":"has-post-thumbnail","7":"category-marseille","8":"tag-17","9":"tag-actu","10":"tag-actualites","11":"tag-est","12":"tag-eu","13":"tag-europe","14":"tag-famille","15":"tag-fondation","16":"tag-fr","17":"tag-france","18":"tag-marseille","19":"tag-news","20":"tag-pour","21":"tag-provence-alpes-cote-dazur","22":"tag-refuge","23":"tag-republique-francaise","24":"tag-societe","25":"tag-une"},"share_on_mastodon":{"url":"https:\/\/pubeurope.com\/@fr\/114750094241002112","error":""},"_links":{"self":[{"href":"https:\/\/www.europesays.com\/fr\/wp-json\/wp\/v2\/posts\/205975","targetHints":{"allow":["GET"]}}],"collection":[{"href":"https:\/\/www.europesays.com\/fr\/wp-json\/wp\/v2\/posts"}],"about":[{"href":"https:\/\/www.europesays.com\/fr\/wp-json\/wp\/v2\/types\/post"}],"author":[{"embeddable":true,"href":"https:\/\/www.europesays.com\/fr\/wp-json\/wp\/v2\/users\/2"}],"replies":[{"embeddable":true,"href":"https:\/\/www.europesays.com\/fr\/wp-json\/wp\/v2\/comments?post=205975"}],"version-history":[{"count":0,"href":"https:\/\/www.europesays.com\/fr\/wp-json\/wp\/v2\/posts\/205975\/revisions"}],"wp:featuredmedia":[{"embeddable":true,"href":"https:\/\/www.europesays.com\/fr\/wp-json\/wp\/v2\/media\/205976"}],"wp:attachment":[{"href":"https:\/\/www.europesays.com\/fr\/wp-json\/wp\/v2\/media?parent=205975"}],"wp:term":[{"taxonomy":"category","embeddable":true,"href":"https:\/\/www.europesays.com\/fr\/wp-json\/wp\/v2\/categories?post=205975"},{"taxonomy":"post_tag","embeddable":true,"href":"https:\/\/www.europesays.com\/fr\/wp-json\/wp\/v2\/tags?post=205975"}],"curies":[{"name":"wp","href":"https:\/\/api.w.org\/{rel}","templated":true}]}}