{"id":205979,"date":"2025-06-26T14:18:08","date_gmt":"2025-06-26T14:18:08","guid":{"rendered":"https:\/\/www.europesays.com\/fr\/205979\/"},"modified":"2025-06-26T14:18:08","modified_gmt":"2025-06-26T14:18:08","slug":"un-homme-condamne-a-un-an-de-prison-ferme-pour-apologie-du-terrorisme","status":"publish","type":"post","link":"https:\/\/www.europesays.com\/fr\/205979\/","title":{"rendered":"un homme condamn\u00e9 \u00e0 un an de prison ferme pour apologie du terrorisme"},"content":{"rendered":"<p itemprop=\"description\"><strong>Un homme condamn\u00e9 \u00e0 quatre ans de prison, dont un ferme apr\u00e8s avoir fait l\u2019apologie du terrorisme sur les r\u00e9seaux sociaux.<\/strong><\/p>\n<p>Il postait de nombreux postes sur les r\u00e9seaux sociaux en se r\u00e9jouissant des attentats survenus sur le sol fran\u00e7ais et tenait des propos antis\u00e9mites. Un homme franco-alg\u00e9rien de 26 ans a \u00e9t\u00e9 condamn\u00e9 ce mercredi 25 juin \u00e0 quatre ans de prison, dont un an ferme, pour apologie du terrorisme.<\/p>\n<p>De nombreux \u00e9l\u00e9ments sur sa personnalit\u00e9 ont sem\u00e9 des inqui\u00e9tudes chez les enqu\u00eateurs. L\u2019individu pratiquait le tir sportif une fois par semaine dans un club fr\u00e9quent\u00e9 par des policiers alors que celui-ci tenait des propos incitant la violence envers les forces de l\u2019ordre. Il d\u00e9tenait \u00e9galement deux armes \u00e0 feu, trois t\u00e9l\u00e9phones et ne r\u00e9alisait aucune transaction en carte bleue.<\/p>\n<p>L\u2019homme \u00e9tait alternant dans une entreprise de climatisation et n\u2019avait jamais fait parler de lui aupr\u00e8s de la justice.<\/p>\n<p>La procureure a redout\u00e9 un processus de radicalisation, mais aucune r\u00e9ponse d\u00e9finitive n\u2019a pu \u00e9t\u00e9 donn\u00e9e lors de l\u2019audience.<\/p>\n","protected":false},"excerpt":{"rendered":"Un homme condamn\u00e9 \u00e0 quatre ans de prison, dont un ferme apr\u00e8s avoir fait l\u2019apologie du terrorisme sur&hellip;\n","protected":false},"author":2,"featured_media":205980,"comment_status":"","ping_status":"","sticky":false,"template":"","format":"standard","meta":{"footnotes":""},"categories":[1889],"tags":[1111,11,2813,2190,2430,1109,251,1112,2811,1777,674,118,1011,27,1922,1110,1114,2428,2810,12,241,316,25,2812,517,800],"class_list":{"0":"post-205979","1":"post","2":"type-post","3":"status-publish","4":"format-standard","5":"has-post-thumbnail","7":"category-lyon","8":"tag-actu","9":"tag-actualites","10":"tag-article","11":"tag-asvel","12":"tag-auvergne-rhone-alpes","13":"tag-breves","14":"tag-culture","15":"tag-depeches","16":"tag-economique","17":"tag-eu","18":"tag-europe","19":"tag-faits-divers","20":"tag-fr","21":"tag-france","22":"tag-info","23":"tag-informations","24":"tag-infos","25":"tag-lyon","26":"tag-lyonmag","27":"tag-news","28":"tag-ol","29":"tag-politique","30":"tag-republique-francaise","31":"tag-sociale","32":"tag-sport","33":"tag-transports"},"share_on_mastodon":{"url":"https:\/\/pubeurope.com\/@fr\/114750102171218941","error":""},"_links":{"self":[{"href":"https:\/\/www.europesays.com\/fr\/wp-json\/wp\/v2\/posts\/205979","targetHints":{"allow":["GET"]}}],"collection":[{"href":"https:\/\/www.europesays.com\/fr\/wp-json\/wp\/v2\/posts"}],"about":[{"href":"https:\/\/www.europesays.com\/fr\/wp-json\/wp\/v2\/types\/post"}],"author":[{"embeddable":true,"href":"https:\/\/www.europesays.com\/fr\/wp-json\/wp\/v2\/users\/2"}],"replies":[{"embeddable":true,"href":"https:\/\/www.europesays.com\/fr\/wp-json\/wp\/v2\/comments?post=205979"}],"version-history":[{"count":0,"href":"https:\/\/www.europesays.com\/fr\/wp-json\/wp\/v2\/posts\/205979\/revisions"}],"wp:featuredmedia":[{"embeddable":true,"href":"https:\/\/www.europesays.com\/fr\/wp-json\/wp\/v2\/media\/205980"}],"wp:attachment":[{"href":"https:\/\/www.europesays.com\/fr\/wp-json\/wp\/v2\/media?parent=205979"}],"wp:term":[{"taxonomy":"category","embeddable":true,"href":"https:\/\/www.europesays.com\/fr\/wp-json\/wp\/v2\/categories?post=205979"},{"taxonomy":"post_tag","embeddable":true,"href":"https:\/\/www.europesays.com\/fr\/wp-json\/wp\/v2\/tags?post=205979"}],"curies":[{"name":"wp","href":"https:\/\/api.w.org\/{rel}","templated":true}]}}