{"id":205982,"date":"2025-06-26T14:20:13","date_gmt":"2025-06-26T14:20:13","guid":{"rendered":"https:\/\/www.europesays.com\/fr\/205982\/"},"modified":"2025-06-26T14:20:13","modified_gmt":"2025-06-26T14:20:13","slug":"observatoire-des-data-centers-en-ile-de-france","status":"publish","type":"post","link":"https:\/\/www.europesays.com\/fr\/205982\/","title":{"rendered":"Observatoire des data centers en \u00cele-de-France"},"content":{"rendered":"<p>Essentiels au fonctionnement du num\u00e9rique, les data centers se sont impos\u00e9s, depuis les ann\u00e9es 2000, comme des infrastructures indispensables, port\u00e9es par l\u2019essor de la virtualisation, du cloud, des plateformes\u2026 et d\u00e9sormais de l\u2019intelligence artificielle. Encore largement invisibles pour le grand public et peu connus des acteurs publics, ces \u00e9quipements sont pourtant devenus centraux pour la transition num\u00e9rique des entreprises et des administrations. En \u00cele-de-France, comme dans d\u2019autres grandes m\u00e9tropoles, les centres de donn\u00e9es \u00e9mergent aujourd\u2019hui comme un nouvel objet de politiques publiques et de d\u00e9bat local, \u00e0 la crois\u00e9e des enjeux num\u00e9riques, \u00e9nerg\u00e9tiques, urbains et environnementaux.\u00a0<\/p>\n<p><strong>Face \u00e0 ces enjeux, l\u2019Institut Paris R\u00e9gion propose un observatoire d\u00e9di\u00e9 aux data centers, afin de structurer et renforcer la connaissance territoriale sur ces infrastructures et leurs dynamiques d\u2019implantation. Il permettra aux d\u00e9cideurs d\u2019engager des r\u00e9flexions sur les impacts et les leviers d\u2019action propres \u00e0 chaque territoire, et offrira un cadre de dialogue pour approfondir collectivement les enjeux \u00e9mergents, comme ceux li\u00e9s aux besoins en calcul intensif.\u00a0<\/strong><\/p>\n<p>Fort d\u2019une base de donn\u00e9es sur les data centers constitu\u00e9e depuis 2017, l\u2019Institut Paris Region recense aujourd\u2019hui plus de 160 centres de donn\u00e9es r\u00e9partis sur 109 sites en \u00cele-de-France, avec une dynamique en constante progression. La r\u00e9gion francilienne concentre environ un tiers des data centers en France, et accueille la majorit\u00e9 des grandes infrastructures. Ce positionnement s\u2019explique par la pr\u00e9sence de p\u00f4les d\u2019innovation, d\u2019un tissu \u00e9conomique dense et d\u2019un environnement attractif pour les entreprises du num\u00e9rique. Les data centers, y compris les centres de calculs pour les entreprises et les edge data centers, sont devenus \u00e0 la fois des catalyseurs de transition num\u00e9rique et des leviers d\u2019attractivit\u00e9 pour les territoires. Leur d\u00e9veloppement soul\u00e8ve cependant des enjeux importants en mati\u00e8re de consommation \u00e9nerg\u00e9tique et de pression fonci\u00e8re.\u00a0<\/p>\n<p>Au-del\u00e0 de la simple localisation de ces infrastructures, notre r\u00e9f\u00e9rentiel fournit des informations sur la puissance de raccordement \u00e9lectrique (Classes de puissance) de chaque site et, lorsque disponible, sur la surface des salles informatiques. Chaque implantation a \u00e9galement \u00e9t\u00e9 analys\u00e9e au regard du tissu urbain dans lequel elle s\u2019ins\u00e8re : ancien site d\u2019activit\u00e9s, friche reconvertie, zone agricole urbanis\u00e9e&#8230; Ce travail permet ainsi de mieux qualifier les dynamiques d\u2019implantation \u00e0 l\u2019\u0153uvre.\u00a0<\/p>\n<p>La base de donn\u00e9es permet en outre d\u2019identifier les principaux op\u00e9rateurs pr\u00e9sents en \u00cele-de-France, de rep\u00e9rer l\u2019\u00e9mergence des edge data centers \u2013 ces centres plus compacts et distribu\u00e9s \u2013 et de mieux cerner les logiques de concentration ou de diffusion des acteurs sur le territoire. Elle int\u00e8gre \u00e9galement des informations sur le raccordement \u00e9ventuel des sites \u00e0 un r\u00e9seau de chaleur urbain, en s&rsquo;appuyant notamment sur les donn\u00e9es de l\u2019AREC, sur la base des donn\u00e9es FEDENE.\u00a0<\/p>\n<p>Cette base s\u2019est progressivement enrichie gr\u00e2ce aux \u00e9changes r\u00e9guliers avec de nombreux partenaires de l\u2019Institut, tels que la DRIEAT, RTE, Enedis, Choose Paris Region ou encore l\u2019ADEME, qui contribuent \u00e0 affiner la connaissance territoriale sur ces infrastructures complexes et en pleine \u00e9volution.\u00a0<\/p>\n<p>Accessible sur cette page, une carte interactive mise \u00e0 jour r\u00e9guli\u00e8rement permet de visualiser les implantations de data centers et d\u2019acc\u00e9der \u00e0 des informations cl\u00e9s sur les diff\u00e9rents sites d\u2019\u00cele-de-France.\u00a0<\/p>\n","protected":false},"excerpt":{"rendered":"Essentiels au fonctionnement du num\u00e9rique, les data centers se sont impos\u00e9s, depuis les ann\u00e9es 2000, comme des infrastructures&hellip;\n","protected":false},"author":2,"featured_media":205983,"comment_status":"","ping_status":"","sticky":false,"template":"","format":"standard","meta":{"footnotes":""},"categories":[1592],"tags":[1111,11,1777,674,1011,27,662,1577,12,626,25],"class_list":{"0":"post-205982","1":"post","2":"type-post","3":"status-publish","4":"format-standard","5":"has-post-thumbnail","7":"category-ile-de-france","8":"tag-actu","9":"tag-actualites","10":"tag-eu","11":"tag-europe","12":"tag-fr","13":"tag-france","14":"tag-ile-de-france","15":"tag-l","16":"tag-news","17":"tag-paris","18":"tag-republique-francaise"},"share_on_mastodon":{"url":"https:\/\/pubeurope.com\/@fr\/114750109994297495","error":""},"_links":{"self":[{"href":"https:\/\/www.europesays.com\/fr\/wp-json\/wp\/v2\/posts\/205982","targetHints":{"allow":["GET"]}}],"collection":[{"href":"https:\/\/www.europesays.com\/fr\/wp-json\/wp\/v2\/posts"}],"about":[{"href":"https:\/\/www.europesays.com\/fr\/wp-json\/wp\/v2\/types\/post"}],"author":[{"embeddable":true,"href":"https:\/\/www.europesays.com\/fr\/wp-json\/wp\/v2\/users\/2"}],"replies":[{"embeddable":true,"href":"https:\/\/www.europesays.com\/fr\/wp-json\/wp\/v2\/comments?post=205982"}],"version-history":[{"count":0,"href":"https:\/\/www.europesays.com\/fr\/wp-json\/wp\/v2\/posts\/205982\/revisions"}],"wp:featuredmedia":[{"embeddable":true,"href":"https:\/\/www.europesays.com\/fr\/wp-json\/wp\/v2\/media\/205983"}],"wp:attachment":[{"href":"https:\/\/www.europesays.com\/fr\/wp-json\/wp\/v2\/media?parent=205982"}],"wp:term":[{"taxonomy":"category","embeddable":true,"href":"https:\/\/www.europesays.com\/fr\/wp-json\/wp\/v2\/categories?post=205982"},{"taxonomy":"post_tag","embeddable":true,"href":"https:\/\/www.europesays.com\/fr\/wp-json\/wp\/v2\/tags?post=205982"}],"curies":[{"name":"wp","href":"https:\/\/api.w.org\/{rel}","templated":true}]}}