{"id":205984,"date":"2025-06-26T14:21:10","date_gmt":"2025-06-26T14:21:10","guid":{"rendered":"https:\/\/www.europesays.com\/fr\/205984\/"},"modified":"2025-06-26T14:21:10","modified_gmt":"2025-06-26T14:21:10","slug":"cette-chaine-de-restaurants-bien-connus-a-paris-debarque-a-bruxelles-elle-met-a-lhonneur-les-nouilles-geantes","status":"publish","type":"post","link":"https:\/\/www.europesays.com\/fr\/205984\/","title":{"rendered":"Cette cha\u00eene de restaurants bien connus \u00e0 Paris d\u00e9barque \u00e0 Bruxelles: elle met \u00e0 l&rsquo;honneur les nouilles \u00ab\u00a0g\u00e9antes\u00a0\u00bb"},"content":{"rendered":"<p class=\"ap-StoryElement ap-StoryElement--mb ap-StoryText\">Bien implant\u00e9e en France, La Taverne de Zhao a d\u00e9barqu\u00e9 \u00e0 Bruxelles. Pr\u00e9sent \u00e0 Paris depuis 2011, ce restaurant chinois dispose de huit \u00e9tablissements dans la capitale fran\u00e7aise, d&rsquo;une enseigne \u00e0 Boulogne et s&rsquo;appr\u00eate \u00e0 en ouvrir une suppl\u00e9mentaire \u00e0 Paris et une \u00e0 Levallois.<\/p>\n<p class=\"ap-StoryElement ap-StoryElement--mb ap-StoryText\">\u00c0 Bruxelles, c&rsquo;est rue Saint-Boniface, \u00e0 Ixelles, que la cha\u00eene s&rsquo;est implant\u00e9e fin de ce printemps. \u00c0 la carte, on retrouve notamment ce qui fait la r\u00e9putation du restaurant sur les r\u00e9seaux sociaux : les fameuses \u00ab\u00a0nouilles g\u00e9antes\u00a0\u00bb, de 2 m\u00e8tres. Comptez environ 15 \u20ac pour ces p\u00e2tes \u00ab\u00a0biang biang\u00a0\u00bb.<\/p>\n","protected":false},"excerpt":{"rendered":"Bien implant\u00e9e en France, La Taverne de Zhao a d\u00e9barqu\u00e9 \u00e0 Bruxelles. Pr\u00e9sent \u00e0 Paris depuis 2011, ce&hellip;\n","protected":false},"author":2,"featured_media":205985,"comment_status":"","ping_status":"","sticky":false,"template":"","format":"standard","meta":{"footnotes":""},"categories":[1888],"tags":[1111,1928,11,1927,3057,1777,674,1011,27,1227,12,1926,626,1925,25,16865],"class_list":{"0":"post-205984","1":"post","2":"type-post","3":"status-publish","4":"format-standard","5":"has-post-thumbnail","7":"category-paris","8":"tag-actu","9":"tag-actu-paris","10":"tag-actualites","11":"tag-actualites-paris","12":"tag-essential","13":"tag-eu","14":"tag-europe","15":"tag-fr","16":"tag-france","17":"tag-horizontal","18":"tag-news","19":"tag-news-paris","20":"tag-paris","21":"tag-paris-news","22":"tag-republique-francaise","23":"tag-royals"},"share_on_mastodon":{"url":"https:\/\/pubeurope.com\/@fr\/114750114068897836","error":""},"_links":{"self":[{"href":"https:\/\/www.europesays.com\/fr\/wp-json\/wp\/v2\/posts\/205984","targetHints":{"allow":["GET"]}}],"collection":[{"href":"https:\/\/www.europesays.com\/fr\/wp-json\/wp\/v2\/posts"}],"about":[{"href":"https:\/\/www.europesays.com\/fr\/wp-json\/wp\/v2\/types\/post"}],"author":[{"embeddable":true,"href":"https:\/\/www.europesays.com\/fr\/wp-json\/wp\/v2\/users\/2"}],"replies":[{"embeddable":true,"href":"https:\/\/www.europesays.com\/fr\/wp-json\/wp\/v2\/comments?post=205984"}],"version-history":[{"count":0,"href":"https:\/\/www.europesays.com\/fr\/wp-json\/wp\/v2\/posts\/205984\/revisions"}],"wp:featuredmedia":[{"embeddable":true,"href":"https:\/\/www.europesays.com\/fr\/wp-json\/wp\/v2\/media\/205985"}],"wp:attachment":[{"href":"https:\/\/www.europesays.com\/fr\/wp-json\/wp\/v2\/media?parent=205984"}],"wp:term":[{"taxonomy":"category","embeddable":true,"href":"https:\/\/www.europesays.com\/fr\/wp-json\/wp\/v2\/categories?post=205984"},{"taxonomy":"post_tag","embeddable":true,"href":"https:\/\/www.europesays.com\/fr\/wp-json\/wp\/v2\/tags?post=205984"}],"curies":[{"name":"wp","href":"https:\/\/api.w.org\/{rel}","templated":true}]}}