{"id":2060,"date":"2025-04-04T06:38:18","date_gmt":"2025-04-04T06:38:18","guid":{"rendered":"https:\/\/www.europesays.com\/fr\/2060\/"},"modified":"2025-04-04T06:38:18","modified_gmt":"2025-04-04T06:38:18","slug":"volley-ball-le-volley-mulhouse-alsace-a-presente-son-trophee-a-ses-supporters","status":"publish","type":"post","link":"https:\/\/www.europesays.com\/fr\/2060\/","title":{"rendered":"Volley-ball. Le Volley Mulhouse Alsace a pr\u00e9sent\u00e9 son troph\u00e9e \u00e0 ses supporters"},"content":{"rendered":"<p>Drapeau de la ville de Mulhouse, perruque tricolore, masque du club, klaxon, feuille A4 avec deux \u00e9toiles (pour deux victoires en Coupe) et le portrait de toutes les joueuses pour la faire d\u00e9dicacer\u00a0: l\u2019attirail du parfait supporter du VMA. \u00ab\u00a0En 2021, j\u2019\u00e9tais l\u00e0 aussi\u00a0\u00bb, sourit le Mulhousien de 55 ans en pointant le sol de la place de la R\u00e9union. \u00ab\u00a0En plus, c\u2019est la revanche de l\u2019an pass\u00e9 (Nantes avait battu le VMA en finale). Je suis heureux, \u00e7a fait chaud au c\u0153ur. C\u2019est le 5e troph\u00e9e de Fran\u00e7ois Salvagni [le coach du VMA], et en plus, on est qualifi\u00e9s pour la coupe d\u2019Europe. Maintenant, il faut aller chercher le titre (sourire).\u00a0\u00bb Alors quand il a vu sa chouchoute L\u00e9a Soldner soulever le troph\u00e9e au balcon de l&rsquo;h\u00f4tel de ville face \u00e0 la foule apr\u00e8s un magnifique clapping, forc\u00e9ment, \u00e7a lui a fait un petit quelque chose. D\u2019autant plus que samedi, il n\u2019a pas pu se rendre \u00e0 Chartres, mais a regard\u00e9 le match en famille. \u00ab\u00a0Il \u00e9tait \u00e0 fond, festif, joyeux, heureux\u00a0\u00bb, raconte son fils Anthony.<\/p>\n<p>Dans la foule, un autre aficionado, Dylan. Lui, il s\u2019y est rendu, \u00e0 Chartres, en train. \u00ab\u00a0C\u2019\u00e9tait une ambiance de folie, on les a pouss\u00e9es par les cris.\u00a0\u00bb Alors qu\u2019il s\u2019\u00e9tait \u00e9loign\u00e9 du volley ces derni\u00e8res ann\u00e9es, il a replong\u00e9 il y a deux ans. Comme une madeleine de Proust. \u00ab\u00a0Je suivais l\u2019ASPTT avec mon grand-p\u00e8re. \u00c7a me rappelle des souvenirs. J\u2019adore l\u2019ambiance, les amis qu\u2019on se fait l\u00e0-bas.\u00a0\u00bb La suite de la saison\u00a0? Il la voit belle. \u00ab\u00a0Elles sont en confiance pour la suite.\u00a0\u00bb<\/p>\n<p>&#13;<br \/>\n  Bernard, papa de Magali et Christophe Magail : \u00abElles se sont battues comme des lionnes. On est tr\u00e8s fiers\u00a0!\u00a0\u00bb<\/p>\n<p>Au milieu des 300 supporters r\u00e9unis, il y en avait un peut-\u00eatre encore un peu plus \u00e9mu que les autres. Bernard, qui n\u2019est autre que le papa de Magali (embl\u00e9matique joueuse, coach, manager\u2026) et Christophe Magail. \u00ab\u00a0On y est all\u00e9 en bus. C\u2019\u00e9tait g\u00e9nial. Elles se sont battues comme des lionnes. On est tr\u00e8s fiers\u00a0!\u00a0\u00bb<\/p>\n<p>Maintenant, tous n\u2019ont qu\u2019un r\u00eave, et il se dessine en bleu-blanc-rouge. C\u2019est l\u2019une des enfants du pays et benjamine du groupe, Julia Casade\u00ef, qui a remport\u00e9 son premier troph\u00e9e avec son club formateur, qui l\u2019exprime\u00a0: \u00ab\u00a0Quoi de mieux que de ramener un troph\u00e9e \u00e0 la maison, avec mes proches, ma famille, dans ma ville, avec un club extraordinaire. On n\u2019a pas eu le temps de faire la f\u00eate, on est rentr\u00e9e en bus directement. On se pr\u00e9pare pour les play-offs, pour revenir faire la f\u00eate le 5\u00a0mai. On est pr\u00eates, motiv\u00e9es, \u00e7a nous a donn\u00e9 un coup de boost\u00a0!\u00a0\u00bb Si f\u00eate le 5\u00a0mai il y a, ce sera parce que les Mulhousiennes sont sur le toit de France.<\/p>\n<p>La premi\u00e8re \u00e9tape, c\u2019est ce samedi 5\u00a0avril \u00e0\u2026 Nantes, pour un quart de finale de play-offs du championnat de France. Il y flottera comme un air de revanche. \u00ab\u00a0Tout le monde se soutient, \u00e7a joue collectif, on est des copines. Les supporters, les b\u00e9n\u00e9voles, s\u2019ils ne sont pas l\u00e0, on n\u2019est rien. On est une grande famille\u00a0!\u00a0\u00bb<\/p>\n","protected":false},"excerpt":{"rendered":"Drapeau de la ville de Mulhouse, perruque tricolore, masque du club, klaxon, feuille A4 avec deux \u00e9toiles (pour&hellip;\n","protected":false},"author":2,"featured_media":2061,"comment_status":"","ping_status":"","sticky":false,"template":"","format":"standard","meta":{"footnotes":""},"categories":[1417],"tags":[1636,107,1011,27,1637,1634,1635,104,517,60,1631,1470,1633,1632,1469],"class_list":{"0":"post-2060","1":"post","2":"type-post","3":"status-publish","4":"format-standard","5":"has-post-thumbnail","7":"category-volley","8":"tag-edition-mulhouse-thann","9":"tag-fil-info","10":"tag-fr","11":"tag-france","12":"tag-haut-rhin","13":"tag-mulhouse","14":"tag-secteur-de-mulhouse","15":"tag-societe","16":"tag-sport","17":"tag-sports","18":"tag-vie-associative","19":"tag-volley","20":"tag-volley-mulhouse-alsace","21":"tag-volley-ball","22":"tag-volleyball"},"share_on_mastodon":{"url":"https:\/\/pubeurope.com\/@fr\/114278321616086450","error":""},"_links":{"self":[{"href":"https:\/\/www.europesays.com\/fr\/wp-json\/wp\/v2\/posts\/2060","targetHints":{"allow":["GET"]}}],"collection":[{"href":"https:\/\/www.europesays.com\/fr\/wp-json\/wp\/v2\/posts"}],"about":[{"href":"https:\/\/www.europesays.com\/fr\/wp-json\/wp\/v2\/types\/post"}],"author":[{"embeddable":true,"href":"https:\/\/www.europesays.com\/fr\/wp-json\/wp\/v2\/users\/2"}],"replies":[{"embeddable":true,"href":"https:\/\/www.europesays.com\/fr\/wp-json\/wp\/v2\/comments?post=2060"}],"version-history":[{"count":0,"href":"https:\/\/www.europesays.com\/fr\/wp-json\/wp\/v2\/posts\/2060\/revisions"}],"wp:featuredmedia":[{"embeddable":true,"href":"https:\/\/www.europesays.com\/fr\/wp-json\/wp\/v2\/media\/2061"}],"wp:attachment":[{"href":"https:\/\/www.europesays.com\/fr\/wp-json\/wp\/v2\/media?parent=2060"}],"wp:term":[{"taxonomy":"category","embeddable":true,"href":"https:\/\/www.europesays.com\/fr\/wp-json\/wp\/v2\/categories?post=2060"},{"taxonomy":"post_tag","embeddable":true,"href":"https:\/\/www.europesays.com\/fr\/wp-json\/wp\/v2\/tags?post=2060"}],"curies":[{"name":"wp","href":"https:\/\/api.w.org\/{rel}","templated":true}]}}