{"id":206000,"date":"2025-06-26T14:29:11","date_gmt":"2025-06-26T14:29:11","guid":{"rendered":"https:\/\/www.europesays.com\/fr\/206000\/"},"modified":"2025-06-26T14:29:11","modified_gmt":"2025-06-26T14:29:11","slug":"friedrich-merz-une-voix-dissonante-au-sein-de-la-diplomatie-europeenne-interview","status":"publish","type":"post","link":"https:\/\/www.europesays.com\/fr\/206000\/","title":{"rendered":"Friedrich Merz, une voix dissonante au sein de la diplomatie europ\u00e9enne\u00a0? INTERVIEW"},"content":{"rendered":"<p>        <img decoding=\"async\" loading=\"lazy\" src=\"https:\/\/www.europesays.com\/fr\/wp-content\/uploads\/2025\/06\/2da2775_sirius-fs-upload-1-mvstuf2hph5l-1746541188621-000-44mn3ve.jpg\"  width=\"728\" height=\"409\" alt=\"Friedrich Merz a \u00e9t\u00e9 investi chancelier allemand le 6\u00a0mai dernier. \"\/>  <\/p>\n<p>RALF HIRSCHBERGER \/ AFP<\/p>\n<p>Friedrich Merz a \u00e9t\u00e9 investi chancelier allemand le 6\u00a0mai dernier. <\/p>\n<p class=\"asset asset-text\">ALLEMAGNE &#8211; Au milieu de la ti\u00e9deur diplomatique europ\u00e9enne, sa voix d\u00e9tonne. Alors qu\u2019il participe ces jeudi\u00a026 et vendredi 27\u00a0juin \u00e0 son premier Conseil europ\u00e9en, le chancelier allemand <a href=\"https:\/\/www.huffingtonpost.fr\/international\/article\/en-allemagne-friedrich-merz-resiste-a-un-second-tour-de-vote-et-devient-le-nouveau-chancelier_249690.html\" target=\"_blank\" rel=\"noopener\">Friedrich Merz<\/a> multiplie ces derni\u00e8res semaines les d\u00e9clarations tranch\u00e9es sur les questions internationales, et notamment <a href=\"https:\/\/www.huffingtonpost.fr\/international\/article\/sur-l-iran-le-chancelier-allemand-friedrich-merz-approuve-le-sale-boulot-qu-israel-fait-pour-nous-tous_251476.html\" target=\"_blank\" rel=\"noopener\">sur l\u2019escalade militaire en Iran<\/a>. Au point d\u2019\u00eatre affubl\u00e9 du surnom de \u00ab\u00a0chancelier des Affaires \u00e9trang\u00e8res\u00a0\u00bb par la presse germanophone.<\/p>\n<p class=\"asset asset-text\">Seulement quelques jours apr\u00e8s le d\u00e9but de l\u2019offensive isra\u00e9lienne en Iran, Friedrich Merz remerciait le 17\u00a0juin dernier l\u2019\u00c9tat h\u00e9breu de faire \u00ab\u00a0le sale boulot pour nous tous\u00a0\u00bb. Lundi 23\u00a0juin, au lendemain des frappes am\u00e9ricaines sur des sites nucl\u00e9aires iraniens, le chef du gouvernement allemand estimait qu\u2019il n\u2019y avait \u00ab\u00a0aucune raison de critiquer ce qui a \u00e9t\u00e9 fait par les \u00c9tats-Unis\u00a0\u00bb.<\/p>\n<p class=\"asset asset-text\">Au m\u00eame moment, la France appelait pourtant \u00e0 \u00e9viter une \u00ab\u00a0escalade incontr\u00f4l\u00e9e au Moyen-Orient\u00a0\u00bb, affirmant qu\u2019\u00ab\u00a0aucune r\u00e9ponse strictement militaire ne (pouvait) produire les effets recherch\u00e9s\u00a0\u00bb. Sur la m\u00eame ligne, la cheffe de la diplomatie europ\u00e9enne Kaja Kallas encourageait toutes les parties \u00e0 \u00ab\u00a0revenir \u00e0 la table des n\u00e9gociations et \u00e0 \u00e9viter toute escalade suppl\u00e9mentaire\u00a0\u00bb.<\/p>\n<p class=\"asset asset-text\">Aupr\u00e8s du HuffPost, Paul Maurice, secr\u00e9taire g\u00e9n\u00e9ral du Comit\u00e9 d\u2019\u00e9tudes des relations franco-allemandes (Cerfa) \u00e0 l\u2019Institut fran\u00e7ais des relations internationales (Ifri), d\u00e9crypte cette position singuli\u00e8re, au sein de l\u2019UE, du chef de file de la CDU (l\u2019Union chr\u00e9tienne-d\u00e9mocrate d\u2019Allemagne).<\/p>\n<p class=\"asset asset-text\"><strong>Le HuffPost<\/strong><strong>\u00a0: Comment expliquer ces prises de position singuli\u00e8res de Friedrich Merz\u00a0?<\/strong><\/p>\n<p class=\"asset asset-text\">Ces d\u00e9clarations peuvent para\u00eetre surprenantes au vu des engagements europ\u00e9ens de Friedrich Merz. Mais il est pris entre plusieurs injonctions contradictoires. Comme le veut l\u2019h\u00e9ritage de la CDU, il cherche \u00e0 la fois une int\u00e9gration transatlantique et une int\u00e9gration europ\u00e9enne, ce qui peut expliquer ses prises de position soutenant l\u2019intervention am\u00e9ricaine en Iran.<\/p>\n<p class=\"asset asset-text\">Par ailleurs, on a vu ces derni\u00e8res semaines l\u2019isolement <a href=\"https:\/\/www.huffingtonpost.fr\/international\/article\/ils-n-aident-pas-donald-trump-balaye-le-role-des-europeens-apres-leurs-discussions-avec-l-iran_251618.html\" target=\"_blank\" rel=\"noopener\">de la diplomatie europ\u00e9enne<\/a>. En adoptant un discours fort, Merz tente de la faire exister.<\/p>\n<p class=\"asset asset-text\">La question est de savoir si, en se positionnant ainsi, Merz ne cherche pas \u00e0 passer pour le bon \u00e9l\u00e8ve face aux \u00c9tats-Unis, notamment en vue des n\u00e9gociations commerciales [avec la <a href=\"https:\/\/www.huffingtonpost.fr\/international\/article\/donald-trump-finit-par-accorder-a-l-ue-un-sursis-de-plusieurs-semaines-sur-les-droits-de-douane_250506.html\" target=\"_blank\" rel=\"noopener\">menace des droits de douane<\/a> de Donald Trump]. Au-del\u00e0 de l\u2019Iran, lors du sommet de l\u2019Otan, il s\u2019est \u00e9galement montr\u00e9 tr\u00e8s favorable \u00e0 l\u2019engagement par les pays membres de <a href=\"https:\/\/www.huffingtonpost.fr\/international\/article\/pourquoi-cette-question-des-5-du-pib-est-au-c-ur-du-sommet-de-l-otan_251705.html\" target=\"_blank\" rel=\"noopener\">consacrer l\u2019\u00e9quivalent de 5\u00a0% de leur PIB \u00e0 la d\u00e9fense<\/a>, comme le voulait le pr\u00e9sident am\u00e9ricain. On peut imaginer qu\u2019il cherche \u00e0 positionner l\u2019Allemagne comme le futur interlocuteur privil\u00e9gi\u00e9 de Trump en Europe. C\u2019est une fa\u00e7on de dire \u00ab\u00a0Germany is back\u00a0\u00bb (\u00ab\u00a0L\u2019Allemagne est de retour\u00a0\u00bb), ce n\u2019est plus une nation \u00e0 laquelle on ne peut pas faire confiance, mais un leader.<\/p>\n<p class=\"asset asset-text\"><strong>Est-ce que ses d\u00e9clarations rompent avec les positions de ses pr\u00e9d\u00e9cesseurs\u00a0?<\/strong><\/p>\n<p class=\"asset asset-text\">Pour la premi\u00e8re fois depuis 1966, il y a en Allemagne un r\u00e9alignement entre les affaires \u00e9trang\u00e8res et la Chancellerie, avec un ministre issu du m\u00eame parti que le chancelier. Cela permet \u00e0 Merz d\u2019afficher une volont\u00e9 de reprendre en main la politique \u00e9trang\u00e8re et europ\u00e9enne.<\/p>\n<p class=\"asset asset-text\">Il fait preuve d\u2019une plus grande fermet\u00e9 diplomatique que ses pr\u00e9d\u00e9cesseurs, \u00e0 la fois sur le Moyen-Orient et sur l\u2019Ukraine, notamment si on le compare \u00e0 Olaf Scholz [chancellier de 2021\u00a0\u00e0 2025], \u00e0 qui il \u00e9tait reproch\u00e9 de ne pas savoir trancher sur la politique \u00e9trang\u00e8re.<\/p>\n<p class=\"asset asset-text\">Lorsque Friedrich Merz remercie les forces arm\u00e9es isra\u00e9liennes pour \u00ab\u00a0le sale boulot\u00a0\u00bb, il revient \u00e0 une doctrine classique de l\u2019Allemagne et surtout de la CDU de d\u00e9fense de l\u2019\u00c9tat isra\u00e9lien \u2013 pas forc\u00e9ment de son gouvernement \u2013 quoi qu\u2019il arrive. Il s\u2019agit d\u2019une ligne qui s\u2019explique par des raisons historiques, mais qui avait fait l\u2019objet de l\u00e9g\u00e8res \u00e9volutions sous Scholz.<\/p>\n<p class=\"asset asset-text\">De m\u00eame, sur l\u2019Ukraine Scholz \u00e9tait bien plus mesur\u00e9, notamment parce qu\u2019une branche de son parti (Parti social-d\u00e9mocrate d\u2019Allemagne, SPD) est plus russophile ou pacifiste.<\/p>\n<p class=\"asset asset-text\"><strong>Les prises de positions de Friedich Merz peuvent-elle conduire \u00e0 des divisions au sein de l\u2019Union europ\u00e9enne\u00a0?<\/strong><\/p>\n<p class=\"asset asset-text\">Pour l\u2019instant il n\u2019y a pas de conflit franco-allemand, ni de situation de blocage au sein de l\u2019Union europ\u00e9enne. Il faut voir les d\u00e9clarations de Merz comme une sorte de soutien moral aux actions am\u00e9ricaines et isra\u00e9liennes plus que comme un soutien concret. Il a une personnalit\u00e9 assez prudente, et le r\u00e9flexe de consulter ses partenaires europ\u00e9ens.<\/p>\n","protected":false},"excerpt":{"rendered":"RALF HIRSCHBERGER \/ AFP Friedrich Merz a \u00e9t\u00e9 investi chancelier allemand le 6\u00a0mai dernier. ALLEMAGNE &#8211; Au milieu&hellip;\n","protected":false},"author":2,"featured_media":206001,"comment_status":"","ping_status":"","sticky":false,"template":"","format":"standard","meta":{"footnotes":""},"categories":[1587],"tags":[11,672,1804,18787,1805,1803,1777,674,1801,14,3019,12,1802,364],"class_list":{"0":"post-206000","1":"post","2":"type-post","3":"status-publish","4":"format-standard","5":"has-post-thumbnail","7":"category-allemagne","8":"tag-actualites","9":"tag-allemagne","10":"tag-bundesrepublik-deutschland","11":"tag-conseil-europeen","12":"tag-de","13":"tag-deutschland","14":"tag-eu","15":"tag-europe","16":"tag-germany","17":"tag-international","18":"tag-iran","19":"tag-news","20":"tag-republique-federale-dallemagne","21":"tag-union-europeenne"},"share_on_mastodon":{"url":"https:\/\/pubeurope.com\/@fr\/114750145747077286","error":""},"_links":{"self":[{"href":"https:\/\/www.europesays.com\/fr\/wp-json\/wp\/v2\/posts\/206000","targetHints":{"allow":["GET"]}}],"collection":[{"href":"https:\/\/www.europesays.com\/fr\/wp-json\/wp\/v2\/posts"}],"about":[{"href":"https:\/\/www.europesays.com\/fr\/wp-json\/wp\/v2\/types\/post"}],"author":[{"embeddable":true,"href":"https:\/\/www.europesays.com\/fr\/wp-json\/wp\/v2\/users\/2"}],"replies":[{"embeddable":true,"href":"https:\/\/www.europesays.com\/fr\/wp-json\/wp\/v2\/comments?post=206000"}],"version-history":[{"count":0,"href":"https:\/\/www.europesays.com\/fr\/wp-json\/wp\/v2\/posts\/206000\/revisions"}],"wp:featuredmedia":[{"embeddable":true,"href":"https:\/\/www.europesays.com\/fr\/wp-json\/wp\/v2\/media\/206001"}],"wp:attachment":[{"href":"https:\/\/www.europesays.com\/fr\/wp-json\/wp\/v2\/media?parent=206000"}],"wp:term":[{"taxonomy":"category","embeddable":true,"href":"https:\/\/www.europesays.com\/fr\/wp-json\/wp\/v2\/categories?post=206000"},{"taxonomy":"post_tag","embeddable":true,"href":"https:\/\/www.europesays.com\/fr\/wp-json\/wp\/v2\/tags?post=206000"}],"curies":[{"name":"wp","href":"https:\/\/api.w.org\/{rel}","templated":true}]}}