{"id":206004,"date":"2025-06-26T14:31:10","date_gmt":"2025-06-26T14:31:10","guid":{"rendered":"https:\/\/www.europesays.com\/fr\/206004\/"},"modified":"2025-06-26T14:31:10","modified_gmt":"2025-06-26T14:31:10","slug":"la-suisse-et-lunion-europeenne-sinquietent-des-interferences-russes-sur-leurs-satellites","status":"publish","type":"post","link":"https:\/\/www.europesays.com\/fr\/206004\/","title":{"rendered":"La Suisse et l\u2019Union europ\u00e9enne s\u2019inqui\u00e8tent des interf\u00e9rences russes sur leurs satellites"},"content":{"rendered":"<p>La Suisse et 29 Etats europ\u00e9ens sont tr\u00e8s inquiets des interf\u00e9rences \u00abd\u00e9lib\u00e9r\u00e9es\u00bb venant de la Russie sur les communications satellitaires et les signaux de radionavigation par satellite. Jeudi \u00e0 Gen\u00e8ve, ils ont d\u00e9nonc\u00e9 une \u00abviolation grave du droit international\u00bb.<\/p>\n<p>Devant le Conseil de l\u2019Union internationale des t\u00e9l\u00e9communications (UIT), la Suisse a soutenu une d\u00e9claration conjointe qui demande \u00e0 cet organe d\u2019\u0153uvrer. Depuis 2023, avec une intensit\u00e9 grandissante l\u2019ann\u00e9e derni\u00e8re, \u00abun brouillage syst\u00e9matique et cibl\u00e9\u00bb et des interf\u00e9rences ont affect\u00e9 les r\u00e9seaux satellitaires civils europ\u00e9ens, affirment ces diff\u00e9rents Etats.<\/p>\n<p>Ces man\u0153uvres \u00abnuisibles\u00bb ont \u00e9t\u00e9 identifi\u00e9es depuis plusieurs villes russes et depuis la Crim\u00e9e, r\u00e9gion annex\u00e9e par Moscou. Ces interf\u00e9rences compromettent la s\u00e9curit\u00e9 publique, de m\u00eame que la s\u00e9curit\u00e9 de navigation a\u00e9rienne et maritime, affirme la d\u00e9claration.<\/p>\n<p>La Pologne et la Lituanie en premi\u00e8re ligne<\/p>\n<p>La situation s\u2019est consid\u00e9rablement d\u00e9t\u00e9rior\u00e9e en juin, estiment ces diff\u00e9rents pays. Presque la totalit\u00e9 du territoire polonais et lituanien sont victimes de ces difficult\u00e9s. D\u2019autres pays sont affect\u00e9s.<\/p>\n<p>Notre reportage: <a href=\"https:\/\/www.letemps.ch\/articles\/en-lituanie-une-prison-secrete-de-la-cia-dans-un-coin-perdu-symbole-des-relations-complexes-avec-les-etats-unis\" rel=\"nofollow noopener\" target=\"_blank\">En Lituanie, une prison secr\u00e8te de la CIA dans un coin perdu, symbole des relations complexes avec les Etats-Unis<\/a>  <\/p>\n<p>Ces interf\u00e9rences violent le r\u00e8glement de l\u2019UIT et sapent la confiance entre Etats membres, dit \u00e9galement la d\u00e9claration. Elle d\u00e9plore que les efforts de plusieurs organisations internationales, dont l\u2019UIT, et de pays pour dialoguer avec la Russie \u00abont \u00e9t\u00e9 ignor\u00e9s ou n\u2019ont abouti \u00e0 aucun changement\u00bb.<\/p>\n<p>Des plaintes avaient \u00e9t\u00e9 d\u00e9pos\u00e9es aupr\u00e8s d\u2019un comit\u00e9 de l\u2019UIT. Aucune adaptation cr\u00e9dible n\u2019a \u00e9t\u00e9 faite depuis la Russie, d\u00e9noncent \u00e9galement les dizaines d\u2019Etats qui se sont associ\u00e9s \u00e0 la d\u00e9claration. Le Conseil de l\u2019organisation doit \u00abreconna\u00eetre la gravit\u00e9\u00bb de ces interf\u00e9rences et r\u00e9pondre pour pr\u00e9server la cr\u00e9dibilit\u00e9 et la s\u00e9curit\u00e9 des t\u00e9l\u00e9communications dans les diff\u00e9rents pays, ont-ils encore affirm\u00e9.<\/p>\n","protected":false},"excerpt":{"rendered":"La Suisse et 29 Etats europ\u00e9ens sont tr\u00e8s inquiets des interf\u00e9rences \u00abd\u00e9lib\u00e9r\u00e9es\u00bb venant de la Russie sur les&hellip;\n","protected":false},"author":2,"featured_media":206005,"comment_status":"","ping_status":"","sticky":false,"template":"","format":"standard","meta":{"footnotes":""},"categories":[1586],"tags":[11,1777,674,1779,1011,27,4438,12,25,1778,364],"class_list":{"0":"post-206004","1":"post","2":"type-post","3":"status-publish","4":"format-standard","5":"has-post-thumbnail","7":"category-europe","8":"tag-actualites","9":"tag-eu","10":"tag-europe","11":"tag-european-union","12":"tag-fr","13":"tag-france","14":"tag-free","15":"tag-news","16":"tag-republique-francaise","17":"tag-ue","18":"tag-union-europeenne"},"share_on_mastodon":{"url":"https:\/\/pubeurope.com\/@fr\/114750153598353618","error":""},"_links":{"self":[{"href":"https:\/\/www.europesays.com\/fr\/wp-json\/wp\/v2\/posts\/206004","targetHints":{"allow":["GET"]}}],"collection":[{"href":"https:\/\/www.europesays.com\/fr\/wp-json\/wp\/v2\/posts"}],"about":[{"href":"https:\/\/www.europesays.com\/fr\/wp-json\/wp\/v2\/types\/post"}],"author":[{"embeddable":true,"href":"https:\/\/www.europesays.com\/fr\/wp-json\/wp\/v2\/users\/2"}],"replies":[{"embeddable":true,"href":"https:\/\/www.europesays.com\/fr\/wp-json\/wp\/v2\/comments?post=206004"}],"version-history":[{"count":0,"href":"https:\/\/www.europesays.com\/fr\/wp-json\/wp\/v2\/posts\/206004\/revisions"}],"wp:featuredmedia":[{"embeddable":true,"href":"https:\/\/www.europesays.com\/fr\/wp-json\/wp\/v2\/media\/206005"}],"wp:attachment":[{"href":"https:\/\/www.europesays.com\/fr\/wp-json\/wp\/v2\/media?parent=206004"}],"wp:term":[{"taxonomy":"category","embeddable":true,"href":"https:\/\/www.europesays.com\/fr\/wp-json\/wp\/v2\/categories?post=206004"},{"taxonomy":"post_tag","embeddable":true,"href":"https:\/\/www.europesays.com\/fr\/wp-json\/wp\/v2\/tags?post=206004"}],"curies":[{"name":"wp","href":"https:\/\/api.w.org\/{rel}","templated":true}]}}