{"id":206012,"date":"2025-06-26T14:37:09","date_gmt":"2025-06-26T14:37:09","guid":{"rendered":"https:\/\/www.europesays.com\/fr\/206012\/"},"modified":"2025-06-26T14:37:09","modified_gmt":"2025-06-26T14:37:09","slug":"dis-comment-on-fait-lubb-le-rugby-a-bordeaux-de-la-fusion-a-lemancipation","status":"publish","type":"post","link":"https:\/\/www.europesays.com\/fr\/206012\/","title":{"rendered":"Dis, comment on fait l&rsquo;UBB ? Le rugby \u00e0 Bordeaux, de la fusion \u00e0 l&rsquo;\u00e9mancipation"},"content":{"rendered":"<p>Centre trente-six ans d&rsquo;histoire et neuf titres<\/p>\n<p>Le <b>Stade Bordelais<\/b> a \u00e9t\u00e9 cr\u00e9\u00e9 en 1889, dix ans avant son premier titre de champion de France, en 1899. Il va dominer le d\u00e9but du XXe\u00a0si\u00e8cle, ne ratant qu&rsquo;une seule finale entre 1899 et 1911&#8230; date de son 7e et dernier titre (pour cinq d\u00e9faites) mais aussi de la derni\u00e8re finale de son histoire jusqu&rsquo;\u00e0 la fusion en 2006.<br \/>Cr\u00e9\u00e9 en 1907, le <b>Club Athl\u00e9tique Bordeaux-B\u00e8gles<\/b> a remport\u00e9 deux titres de champions, en 1969 et 1991, \u00e0 chaque fois contre le Stade Toulousain, apr\u00e8s une premi\u00e8re finale perdue, en 1967 contre Montauban.<\/p>\n","protected":false},"excerpt":{"rendered":"Centre trente-six ans d&rsquo;histoire et neuf titres Le Stade Bordelais a \u00e9t\u00e9 cr\u00e9\u00e9 en 1889, dix ans avant&hellip;\n","protected":false},"author":2,"featured_media":206013,"comment_status":"","ping_status":"","sticky":false,"template":"","format":"standard","meta":{"footnotes":""},"categories":[1416],"tags":[1011,27,479,1468,60],"class_list":{"0":"post-206012","1":"post","2":"type-post","3":"status-publish","4":"format-standard","5":"has-post-thumbnail","7":"category-rugby","8":"tag-fr","9":"tag-france","10":"tag-rugby","11":"tag-rugby-football","12":"tag-sports"},"share_on_mastodon":{"url":"https:\/\/pubeurope.com\/@fr\/114750176857070527","error":""},"_links":{"self":[{"href":"https:\/\/www.europesays.com\/fr\/wp-json\/wp\/v2\/posts\/206012","targetHints":{"allow":["GET"]}}],"collection":[{"href":"https:\/\/www.europesays.com\/fr\/wp-json\/wp\/v2\/posts"}],"about":[{"href":"https:\/\/www.europesays.com\/fr\/wp-json\/wp\/v2\/types\/post"}],"author":[{"embeddable":true,"href":"https:\/\/www.europesays.com\/fr\/wp-json\/wp\/v2\/users\/2"}],"replies":[{"embeddable":true,"href":"https:\/\/www.europesays.com\/fr\/wp-json\/wp\/v2\/comments?post=206012"}],"version-history":[{"count":0,"href":"https:\/\/www.europesays.com\/fr\/wp-json\/wp\/v2\/posts\/206012\/revisions"}],"wp:featuredmedia":[{"embeddable":true,"href":"https:\/\/www.europesays.com\/fr\/wp-json\/wp\/v2\/media\/206013"}],"wp:attachment":[{"href":"https:\/\/www.europesays.com\/fr\/wp-json\/wp\/v2\/media?parent=206012"}],"wp:term":[{"taxonomy":"category","embeddable":true,"href":"https:\/\/www.europesays.com\/fr\/wp-json\/wp\/v2\/categories?post=206012"},{"taxonomy":"post_tag","embeddable":true,"href":"https:\/\/www.europesays.com\/fr\/wp-json\/wp\/v2\/tags?post=206012"}],"curies":[{"name":"wp","href":"https:\/\/api.w.org\/{rel}","templated":true}]}}