{"id":206023,"date":"2025-06-26T14:44:16","date_gmt":"2025-06-26T14:44:16","guid":{"rendered":"https:\/\/www.europesays.com\/fr\/206023\/"},"modified":"2025-06-26T14:44:16","modified_gmt":"2025-06-26T14:44:16","slug":"jeff-bezos-physique-look-sa-spectaculaire-evolution-jusqua-son-mariage-avec-lauren-sanchez","status":"publish","type":"post","link":"https:\/\/www.europesays.com\/fr\/206023\/","title":{"rendered":"Jeff Bezos : physique, look&#8230; Sa spectaculaire \u00e9volution jusqu&rsquo;\u00e0 son mariage avec Lauren Sanchez"},"content":{"rendered":"<p>Entrepreneur et industriel am\u00e9ricain connu pour \u00eatre le<br \/>\nfondateur et l&rsquo;actionnaire principal d&rsquo;Amazon, le geek le plus<br \/>\nconnu du monde a bien chang\u00e9. <strong>Du 26 au 28 juin, Jeff Bezos<br \/>\nse marie avec l&rsquo;animatrice t\u00e9l\u00e9 Lauren Sanchez \u00e0 Venise<\/strong>.<br \/>\nUne c\u00e9r\u00e9monie en grande pompe o\u00f9 il est apparu ultra chic. \u00c0 la Mad<br \/>\nmen, il porte des lunettes de soleil aviator et une veste de<br \/>\ncostume sur un tee-shirt cintr\u00e9 mettant en valeur son torse plut\u00f4t<br \/>\nmuscl\u00e9.<\/p>\n<p>Muscl\u00e9, <a href=\"https:\/\/www.closermag.fr\/people\/mariage-de-jeff-bezos-et-lauren-sanchez-pas-de-cadeaux-mais-cette-demande-archi-demago-3558251\" rel=\"nofollow noopener\" target=\"_blank\"><br \/>\nJeff Bezo<\/a>s ne l&rsquo;a pas cependant toujours \u00e9t\u00e9. Sa transformation<br \/>\ns&rsquo;est faite au fil des ann\u00e9es. \u00c0 ses d\u00e9buts, <strong>Jeff Bezos,<br \/>\nqui a partag\u00e9 pendant vingt-cinq ans la vie de<\/strong> <a href=\"https:\/\/www.closermag.fr\/people\/jeff-bezos-qui-est-mackenzie-scott-sa-premiere-femme-3557730\" rel=\"nofollow noopener\" target=\"_blank\"><br \/>\nMacKenzie Scott,<\/a> affichait une silhouette fr\u00eale. Niveau style,<br \/>\nl&rsquo;am\u00e9ricain prodigue \u00e9tait entre sylvain Muller de Cam\u00e9ra<br \/>\nCaf\u00e9 et informaticien poussi\u00e9reux. Il lui est arriv\u00e9 de porter<br \/>\ndes vestes de costume \u00e0 carreaux et des vans sans chaussettes. On<br \/>\nne juge pas&#8230; D&rsquo;autant qu&rsquo;apr\u00e8s sa rencontre avec Laurent Sanchez,<br \/>\nil s&rsquo;est m\u00e9tamorphos\u00e9. Salle de sport et chemises ouvertes,<br \/>\nl&rsquo;apparence est devenue un sujet.<\/p>\n<blockquote class=\"instagram-media\" style=\"background: #ffffff;border: 0;margin: 1px;width: 100%;padding: 0;max-width: 500px;\" data-instgrm-permalink=\"https:\/\/www.instagram.com\/p\/CvFQHs7tnzS\/?utm_source=ig_embed\" data-instgrm-version=\"14\"\/><p>\nJeff Bezos : des looks d&rsquo;informaticien<br \/>\naux muscles saillants<\/p>\n<p>Alors, sa spectaculaire m\u00e9tamorphose est-elle due \u00e0 sa<br \/>\nbride-to-be ? Sur les r\u00e9seaux, cette derni\u00e8re n&rsquo;h\u00e9site pas \u00e0<br \/>\npartager des clich\u00e9s de son cher et tendre. On voit l&rsquo;homme<br \/>\nd&rsquo;affaire en maillot de bain, tout en muscle, remonter fi\u00e8rement<br \/>\nles escaliers d&rsquo;un yacht. <strong>Lauren Sanchez n&rsquo;est visiblement<br \/>\npas peu fi\u00e8re<\/strong> de celui \u00e0 qui elle vient de passer la bague<br \/>\nau doigt. Leur mariage, critiqu\u00e9 pour sa d\u00e9mesure, est rempli de<br \/>\nstars. Bill Gates, <a href=\"https:\/\/www.closermag.fr\/people\/kim-kardashian-tandis-quelle-va-diner-en-soutien-gorge-sexy-sa-fille-north-devoile-un-nouveau-look-surprenant-3554306\" rel=\"nofollow noopener\" target=\"_blank\"><br \/>\nKim Kardashian<\/a>, ou encore Leornado DiCaprio, sont notamment de<br \/>\nla partie.<\/p>\n<p>Diaporama<br \/>\n<img decoding=\"async\" class=\"diapo_img img-responsive lazy-load\" loading=\"lazy\" src=\"https:\/\/www.europesays.com\/fr\/wp-content\/uploads\/2025\/06\/bestimage_00438671_000002-scaled.jpeg\"\/><\/p>\n<p>Jacovides \/ Moreau \/ Bestimage<\/p>\n<p>1\/6 Jeff Bezos : physique, look&#8230; Sa<br \/>\nspectaculaire \u00e9volution jusqu&rsquo;\u00e0 son mariage avec Lauren<br \/>\nSanchez<\/p>\n<p>\u00c0 ses d\u00e9buts, Jeff Bedos n&rsquo;avait rien d&rsquo;un beau gosse.\u00a0<\/p>\n<p><img decoding=\"async\" class=\"diapo_img img-responsive lazy-load\" loading=\"lazy\" src=\"https:\/\/www.europesays.com\/fr\/wp-content\/uploads\/2025\/06\/bestimage_00088552_000006.jpeg\"\/><\/p>\n<p>Bestimage<\/p>\n<p>2\/6 Jeff Bezos : physique, look&#8230; Sa<br \/>\nspectaculaire \u00e9volution jusqu&rsquo;\u00e0 son mariage avec Lauren<br \/>\nSanchez<\/p>\n<p>Il avait visiblement d\u00e9cid\u00e9 de ne miser que sur l&rsquo;intellect.<\/p>\n<p><img decoding=\"async\" class=\"diapo_img img-responsive lazy-load\" loading=\"lazy\" src=\"https:\/\/www.europesays.com\/fr\/wp-content\/uploads\/2025\/06\/bestimage_00392102_000008-scaled.jpeg\"\/><\/p>\n<p>Bestimage<\/p>\n<p>3\/6 Jeff Bezos : physique, look&#8230; Sa<br \/>\nspectaculaire \u00e9volution jusqu&rsquo;\u00e0 son mariage avec Lauren<br \/>\nSanchez<\/p>\n<p>Silhouette fluette et looks l\u00e9g\u00e8rement (d\u00e9)pass\u00e9s, le<br \/>\nmilliardaire se rend ici, en 2018, dans un restaurant de West<br \/>\nHollywood.\u00a0<\/p>\n<p><img decoding=\"async\" class=\"diapo_img img-responsive lazy-load\" loading=\"lazy\" src=\"https:\/\/www.europesays.com\/fr\/wp-content\/uploads\/2025\/06\/bestimage_00392102_000006-scaled.jpeg\"\/><\/p>\n<p>Bestimage<\/p>\n<p>4\/6 Jeff Bezos : physique, look&#8230; Sa<br \/>\nspectaculaire \u00e9volution jusqu&rsquo;\u00e0 son mariage avec Lauren<br \/>\nSanchez<\/p>\n<p>Peu \u00e0 peu, son look \u00e9volue. En 2019, il divorce de sa femme,<br \/>\nMacKenzie Scott.\u00a0<\/p>\n<p><img decoding=\"async\" class=\"diapo_img img-responsive lazy-load\" loading=\"lazy\" src=\"https:\/\/www.europesays.com\/fr\/wp-content\/uploads\/2025\/06\/bestimage_00513105_000010-scaled.jpeg\"\/><\/p>\n<p>Bestimage<\/p>\n<p>5\/6 Jeff Bezos : physique, look&#8230; Sa<br \/>\nspectaculaire \u00e9volution jusqu&rsquo;\u00e0 son mariage avec Lauren<br \/>\nSanchez<\/p>\n<p>S&rsquo;ensuit alors une incroyable remontada physique pour l&rsquo;homme<br \/>\nd&rsquo;affaires am\u00e9ricain<\/p>\n<p><img decoding=\"async\" class=\"diapo_img img-responsive lazy-load\" loading=\"lazy\" src=\"https:\/\/www.europesays.com\/fr\/wp-content\/uploads\/2025\/06\/bestimage_00445913_000001-scaled.jpeg\"\/><\/p>\n<p>Bestimage<\/p>\n<p>6\/6 Jeff Bezos : physique, look&#8230; Sa<br \/>\nspectaculaire \u00e9volution jusqu&rsquo;\u00e0 son mariage avec Lauren<br \/>\nSanchez<\/p>\n<p>Si bien qu&rsquo;en 2019, il s&rsquo;affiche clairement avec sa future femme<br \/>\nLauren Sanchez (et ses muscles) \u00e0 Saint Tropez. Son \u00e9pouse \u00e0<br \/>\nl&rsquo;origine de sa transformation physique ?<\/p>\n<p><script async src=\"\/\/www.instagram.com\/embed.js\"><\/script><\/p>\n","protected":false},"excerpt":{"rendered":"Entrepreneur et industriel am\u00e9ricain connu pour \u00eatre le fondateur et l&rsquo;actionnaire principal d&rsquo;Amazon, le geek le plus connu&hellip;\n","protected":false},"author":2,"featured_media":206024,"comment_status":"","ping_status":"","sticky":false,"template":"","format":"standard","meta":{"footnotes":""},"categories":[1359],"tags":[58,59,1011,27,1638,697,973],"class_list":{"0":"post-206023","1":"post","2":"type-post","3":"status-publish","4":"format-standard","5":"has-post-thumbnail","7":"category-people","8":"tag-divertissement","9":"tag-entertainment","10":"tag-fr","11":"tag-france","12":"tag-has_diapo","13":"tag-jeff-bezos","14":"tag-people"},"share_on_mastodon":{"url":"https:\/\/pubeurope.com\/@fr\/114750205365925825","error":""},"_links":{"self":[{"href":"https:\/\/www.europesays.com\/fr\/wp-json\/wp\/v2\/posts\/206023","targetHints":{"allow":["GET"]}}],"collection":[{"href":"https:\/\/www.europesays.com\/fr\/wp-json\/wp\/v2\/posts"}],"about":[{"href":"https:\/\/www.europesays.com\/fr\/wp-json\/wp\/v2\/types\/post"}],"author":[{"embeddable":true,"href":"https:\/\/www.europesays.com\/fr\/wp-json\/wp\/v2\/users\/2"}],"replies":[{"embeddable":true,"href":"https:\/\/www.europesays.com\/fr\/wp-json\/wp\/v2\/comments?post=206023"}],"version-history":[{"count":0,"href":"https:\/\/www.europesays.com\/fr\/wp-json\/wp\/v2\/posts\/206023\/revisions"}],"wp:featuredmedia":[{"embeddable":true,"href":"https:\/\/www.europesays.com\/fr\/wp-json\/wp\/v2\/media\/206024"}],"wp:attachment":[{"href":"https:\/\/www.europesays.com\/fr\/wp-json\/wp\/v2\/media?parent=206023"}],"wp:term":[{"taxonomy":"category","embeddable":true,"href":"https:\/\/www.europesays.com\/fr\/wp-json\/wp\/v2\/categories?post=206023"},{"taxonomy":"post_tag","embeddable":true,"href":"https:\/\/www.europesays.com\/fr\/wp-json\/wp\/v2\/tags?post=206023"}],"curies":[{"name":"wp","href":"https:\/\/api.w.org\/{rel}","templated":true}]}}