{"id":206027,"date":"2025-06-26T14:46:14","date_gmt":"2025-06-26T14:46:14","guid":{"rendered":"https:\/\/www.europesays.com\/fr\/206027\/"},"modified":"2025-06-26T14:46:14","modified_gmt":"2025-06-26T14:46:14","slug":"george-r-r-martin-demotive-et-pret-a-abandonner-les-livres-avant-la-fin-un-proche-lache-une-bombe","status":"publish","type":"post","link":"https:\/\/www.europesays.com\/fr\/206027\/","title":{"rendered":"George R.R. Martin d\u00e9motiv\u00e9 et pr\u00eat \u00e0 abandonner les livres avant la fin ? Un proche l\u00e2che une bombe"},"content":{"rendered":"<p>Et si la saga litt\u00e9raire A Song of Ice and Fire (Le Tr\u00f4ne de Fer, VF) &#8211; dont \u00e9tait adapt\u00e9e la s\u00e9rie Game of Thrones, n&rsquo;avait jamais de fin ? Alors que les fans attendent encore les deux derniers livres (A Song of Ice and Fire (Le Tr\u00f4ne de Fer, VF), un proche de George R.R. Martin laisse entendre qu&rsquo;il serait d\u00e9motiv\u00e9.<\/p>\n<p>C&rsquo;est le 12 juillet 2011 que <strong>George R.R. Martin<\/strong> d\u00e9voilait (aux USA) A Dance with Dragons, le 5\u00e8me Tome de la saga litt\u00e9raire A Song of Ice and Fire (Le Tr\u00f4ne de Fer, VF). Et depuis ? Plus rien. Alors que l&rsquo;histoire doit encore se raconter \u00e0 travers deux tomes (The Winds of Winter et A Dream of Spring), l&rsquo;auteur n&rsquo;a toujours publi\u00e9 aucune nouvelle page.<\/p>\n<p>Pire, comme on peut le d\u00e9couvrir r\u00e9guli\u00e8rement, il est loin de passer ses journ\u00e9es \u00e0 \u00e9crire cette suite. Au contraire, il profite de son temps libre pour participer \u00e0 la production de spin-offs de Game of Thrones &#8211; s\u00e9rie HBO adapt\u00e9e de ses livres, ou \u00e9crire des romans d\u00e9riv\u00e9s de cet univers.<\/p>\n<p>Pourquoi George R.R. Martin n&rsquo;\u00e9crit pas la fin de Game of Thrones<\/p>\n<p>Une d\u00e9ception pour les lecteurs, mais une situation in\u00e9vitable d&rsquo;apr\u00e8s son ami Andrzej Sapkowski, le cr\u00e9ateur de The Witcher. Pr\u00e9sent lors de l&rsquo;Opole book festival, l&rsquo;\u00e9crivain a r\u00e9v\u00e9l\u00e9 que cette attente interminable ne serait pas tant caus\u00e9e par un syndrome de la page blanche du c\u00f4t\u00e9 de GRRM, que par&#8230; une d\u00e9motivation totale.<\/p>\n<p>\u00ab\u00a0Juste entre nous, je dois dire que je le comprends [sur ces d\u00e9lais], a-t-il confi\u00e9 face aux spectateurs. Car si quelqu&rsquo;un m&rsquo;avait fait un coup comme \u00e7a, c&rsquo;est-\u00e0-dire de filmer une s\u00e9rie adapt\u00e9e de mes livres et <strong>ensuite d&rsquo;aller au-del\u00e0 de ce que j&rsquo;avais pr\u00e9vu d&rsquo;\u00e9crire<\/strong>&#8230; Moi aussi, je me demanderais s&rsquo;il y&#8230;<a href=\"https:\/\/www.purebreak.com\/news\/game-of-thrones-george-rr-martin-demotive-et-pret-a-abandonner-les-livres-avant-la-fin-un-proche-lache-une-bombe\/254144\" rel=\"nofollow noopener\" target=\"_blank\" data-ylk=\"slk:Lire la suite;elm:context_link;itc:0;sec:content-canvas\" class=\"link \">Lire la suite<\/a><br \/>\u00c0 lire aussi<br \/><a href=\"https:\/\/www.purebreak.com\/news\/lm\/252618\" rel=\"nofollow noopener\" target=\"_blank\" data-ylk=\"slk:&quot;Pas de dragon, pas de bataille\u2026&quot; : George R.R Martin cash, il donne son avis sur la nouvelle s\u00e9rie Game of Thrones;elm:context_link;itc:0;sec:content-canvas\" class=\"link \">\u00ab\u00a0Pas de dragon, pas de bataille\u2026\u00a0\u00bb : George R.R Martin cash, il donne son avis sur la nouvelle s\u00e9rie Game of Thrones<\/a><br \/><a href=\"https:\/\/www.purebreak.com\/news\/15-ans-plus-tard-l-une-des-meilleures-series-de-ces-derniers-temps-touche-a-sa-fin-son-dernier-film-met-fin-a-six-saisons-et-a-une-trilogie\/253377\" rel=\"nofollow noopener\" target=\"_blank\" data-ylk=\"slk:15 ans plus tard, l&#039;une des meilleures s\u00e9ries de ces derniers temps touche \u00e0 sa fin : son dernier film met fin \u00e0 six saisons et \u00e0 une trilogie;elm:context_link;itc:0;sec:content-canvas\" class=\"link \">15 ans plus tard, l&rsquo;une des meilleures s\u00e9ries de ces derniers temps touche \u00e0 sa fin : son dernier film met fin \u00e0 six saisons et \u00e0 une trilogie<\/a><br \/><a href=\"https:\/\/www.purebreak.com\/news\/le-premier-gros-flop-de-netflix-etait-une-reponse-ambitieuse-a-game-of-thrones-200-millions-de-pertes-pour-une-serie-que-tout-le-monde-a-oubliee\/253835\" rel=\"nofollow noopener\" target=\"_blank\" data-ylk=\"slk:Le premier gros flop de Netflix \u00e9tait une r\u00e9ponse ambitieuse \u00e0 Game Of Thrones : 200 millions de pertes pour une s\u00e9rie que tout le monde a oubli\u00e9e;elm:context_link;itc:0;sec:content-canvas\" class=\"link \">Le premier gros flop de Netflix \u00e9tait une r\u00e9ponse ambitieuse \u00e0 Game Of Thrones : 200 millions de pertes pour une s\u00e9rie que tout le monde a oubli\u00e9e<\/a><\/p>\n","protected":false},"excerpt":{"rendered":"Et si la saga litt\u00e9raire A Song of Ice and Fire (Le Tr\u00f4ne de Fer, VF) &#8211; dont&hellip;\n","protected":false},"author":2,"featured_media":206028,"comment_status":"","ping_status":"","sticky":false,"template":"","format":"standard","meta":{"footnotes":""},"categories":[1357],"tags":[1379,58,59,1011,27,34478,34476,34480,34479,1380,34477],"class_list":{"0":"post-206027","1":"post","2":"type-post","3":"status-publish","4":"format-standard","5":"has-post-thumbnail","7":"category-livres","8":"tag-books","9":"tag-divertissement","10":"tag-entertainment","11":"tag-fr","12":"tag-france","13":"tag-game-of-thrones","14":"tag-george-r-r-martin","15":"tag-la-saga-litteraire","16":"tag-le-trone-de-fer","17":"tag-livres","18":"tag-vf"},"share_on_mastodon":{"url":"https:\/\/pubeurope.com\/@fr\/114750212401430195","error":""},"_links":{"self":[{"href":"https:\/\/www.europesays.com\/fr\/wp-json\/wp\/v2\/posts\/206027","targetHints":{"allow":["GET"]}}],"collection":[{"href":"https:\/\/www.europesays.com\/fr\/wp-json\/wp\/v2\/posts"}],"about":[{"href":"https:\/\/www.europesays.com\/fr\/wp-json\/wp\/v2\/types\/post"}],"author":[{"embeddable":true,"href":"https:\/\/www.europesays.com\/fr\/wp-json\/wp\/v2\/users\/2"}],"replies":[{"embeddable":true,"href":"https:\/\/www.europesays.com\/fr\/wp-json\/wp\/v2\/comments?post=206027"}],"version-history":[{"count":0,"href":"https:\/\/www.europesays.com\/fr\/wp-json\/wp\/v2\/posts\/206027\/revisions"}],"wp:featuredmedia":[{"embeddable":true,"href":"https:\/\/www.europesays.com\/fr\/wp-json\/wp\/v2\/media\/206028"}],"wp:attachment":[{"href":"https:\/\/www.europesays.com\/fr\/wp-json\/wp\/v2\/media?parent=206027"}],"wp:term":[{"taxonomy":"category","embeddable":true,"href":"https:\/\/www.europesays.com\/fr\/wp-json\/wp\/v2\/categories?post=206027"},{"taxonomy":"post_tag","embeddable":true,"href":"https:\/\/www.europesays.com\/fr\/wp-json\/wp\/v2\/tags?post=206027"}],"curies":[{"name":"wp","href":"https:\/\/api.w.org\/{rel}","templated":true}]}}