{"id":206041,"date":"2025-06-26T14:53:07","date_gmt":"2025-06-26T14:53:07","guid":{"rendered":"https:\/\/www.europesays.com\/fr\/206041\/"},"modified":"2025-06-26T14:53:07","modified_gmt":"2025-06-26T14:53:07","slug":"casques-ecouteurs-barre-de-son-un-tas-de-references-audio-sont-a-un-prix-casses-lors-des-soldes-frandroid","status":"publish","type":"post","link":"https:\/\/www.europesays.com\/fr\/206041\/","title":{"rendered":"Casques, \u00e9couteurs, barre de son&#8230; un tas de r\u00e9f\u00e9rences audio sont \u00e0 un prix cass\u00e9s lors des soldes &#8211; Frandroid"},"content":{"rendered":"<ol>\n<li><a href=\"https:\/\/news.google.com\/rss\/articles\/CBMi-wFBVV95cUxPcGdqZGtyUENjYm5Xb0tGZlk5WGQyZ0R4emg2SUdIYWFjbFN2cENpQ0dEaVlwN2U5UTYxcGpSMmhINEpkSVAtNUo3MmpMNnBKSkJ6MWJETy1JQVFWWjlMTmhKckVJdVNleHd0azVLWW5WT3JVVlZ4ajYzV0ZVMHFkc1l1UC1NODZfQlZNcGNoaEczeTJ4N0tWaUJ5bmVpdVNYUENjQldxbThxSVd3T19ybXlXcDk0cnNwRTdlbFhXRDFISkVuOHpSbkJPTnBpRHFuZFQzRTFqdVd2UE1GTDRKQUdpaF9qTk5yb1pvUmpOdzVVTU9WS193MWw5RQ?oc=5\" target=\"_blank\" rel=\"nofollow noopener\">Casques, \u00e9couteurs, barre de son&#8230; un tas de r\u00e9f\u00e9rences audio sont \u00e0 un prix cass\u00e9s lors des soldes<\/a>&nbsp;&nbsp;Frandroid<\/li>\n<li><a href=\"https:\/\/news.google.com\/rss\/articles\/CBMi-wFBVV95cUxObk5jTGk1RFM0UnFPQlRTRXRubGpFRUU4d1JuUDZhZkczZ0hQNllKNTAyWHhYQkJTUXRZUy0tV3lQSWZlNmFiRmxtOF9xWmhveXVMWTNzLWV1eXcxN2R5S1k5dEhPQUFkNWhmbWZmR2ZneURzXzZWdWVGQW5sYUZSTFJzbm80V09nekpQMU0yOGNxRVAzRHJJUHo0WlprMUhIZlZMYUV6elBQNjd5UmxzVWNYSDJuQjFPQkV6YUNUNFZmQWtNSU9STU90ekdxbnZfR19jV0dDT3VzQXN4ZWFvN2djbUxsRVpnT2dLVVJzZ0w4aXptVE92WWZjbw?oc=5\" target=\"_blank\" rel=\"nofollow noopener\">Soldes \/ Bon plan \u2013 Le casque Bluetooth Bose QuietComfort Ultra (QC Ultra Headphones) Blanc \u00ab\u00a05 \u00e9toiles\u00a0\u00bb \u00e0 229,99 \u20ac (-40%)<\/a>&nbsp;&nbsp;Les Num\u00e9riques<\/li>\n<li><a href=\"https:\/\/news.google.com\/rss\/articles\/CBMiugFBVV95cUxQTk5WeGo2ZThtTHBrUE9WME5KRldnRXNsRFlQWE9xQzExR01HaDQ1alhsS29jWHpDRnZuN1REay1Xam1EWWJrcmVqT3UyUmxIZWF0ZVp1UzlVdlJmTWZPbVdPS0ZOaF9xXzVXUHY1YndPYWNRTDBQb1ItN1JkdnFnYnJCM1ljSkNqNzU2WUY4ZkU5OXVnNmJaQlJsRURIaUExcXRjX3JxRVVscG9pQkNTSUJhR1NfQ3JIZUE?oc=5\" target=\"_blank\" rel=\"nofollow noopener\">Sony WF-1000XM6 : la nouvelle g\u00e9n\u00e9ration d\u2019\u00e9couteurs sans fil se rapproche<\/a>&nbsp;&nbsp;Frandroid<\/li>\n<li><a href=\"https:\/\/news.google.com\/rss\/articles\/CBMivgFBVV95cUxOdXRmaGZVakVXNk1oMUJzQi1Oa1BsTFozZHAyVl9JOElRMHFNM3g2d1JMaFc4YlhURU41T2tXUG96RHJOMzBnXzZKTl9mT0Q0NXJKdTVid2cySjl1ZHVTN08ySC1TTkxUWk1fc0hNX1FJMnVlQll5cWp2cFVxeGl1SUdpVlpxTzFLMEd3LThNWmRrUTNEVmtTMzY3UUFwZ09hSGRPRlpLRkxUdWp5Nl9Fc1RpY2VZcjRhX200YzJn?oc=5\" target=\"_blank\" rel=\"nofollow noopener\">Amazon frappe fort avec une r\u00e9duction limit\u00e9e sur le casque Bluetooth Sony WH1000XM4<\/a>&nbsp;&nbsp;Capital.fr<\/li>\n<li><a href=\"https:\/\/news.google.com\/rss\/articles\/CBMi4wFBVV95cUxNTEtLem41SGp5eW5MeWI2cHVpY3FxUzduZklyRnZsbU40U29pZWh2b1g5LTlVcHhwOGRJU3VLR2dZRFd5dDVrNGYzejAtWVI1Q2xrZFNaWG44X0NiQlRJOFJPWlZtc3VRdnhIYU9Ybkx5UDRyd3k3V241WkRwVnpqWDNwbUc2OVdLaXRHM2J0NE1XX3JMVFI5ZGhtbXJ4VmMtVEJMOGR1c2lTdWNISjB4Zm9zc3VBRVFucEd0QkxQWDdpbk5LSXFQRUtJZE9GcU1RekZxUm83Mlp2UnBQcW5rUUUtOA?oc=5\" target=\"_blank\" rel=\"nofollow noopener\">Soldes audiophiles d&rsquo;\u00e9t\u00e9 : elles s&rsquo;annoncent tr\u00e8s int\u00e9ressantes sur la Hifi et le home cin\u00e9ma<\/a>&nbsp;&nbsp;ON-mag.fr<\/li>\n<\/ol>\n","protected":false},"excerpt":{"rendered":"Casques, \u00e9couteurs, barre de son&#8230; un tas de r\u00e9f\u00e9rences audio sont \u00e0 un prix cass\u00e9s lors des soldes&nbsp;&nbsp;Frandroid&hellip;\n","protected":false},"author":2,"featured_media":1445,"comment_status":"","ping_status":"","sticky":false,"template":"","format":"standard","meta":{"footnotes":""},"categories":[7],"tags":[1011,27,43,40,41,39,42,44],"class_list":{"0":"post-206041","1":"post","2":"type-post","3":"status-publish","4":"format-standard","5":"has-post-thumbnail","7":"category-sciences-et-technologies","8":"tag-fr","9":"tag-france","10":"tag-science","11":"tag-science-and-technology","12":"tag-sciences","13":"tag-sciences-et-technologies","14":"tag-technologies","15":"tag-technology"},"share_on_mastodon":{"url":"https:\/\/pubeurope.com\/@fr\/114750241329887188","error":""},"_links":{"self":[{"href":"https:\/\/www.europesays.com\/fr\/wp-json\/wp\/v2\/posts\/206041","targetHints":{"allow":["GET"]}}],"collection":[{"href":"https:\/\/www.europesays.com\/fr\/wp-json\/wp\/v2\/posts"}],"about":[{"href":"https:\/\/www.europesays.com\/fr\/wp-json\/wp\/v2\/types\/post"}],"author":[{"embeddable":true,"href":"https:\/\/www.europesays.com\/fr\/wp-json\/wp\/v2\/users\/2"}],"replies":[{"embeddable":true,"href":"https:\/\/www.europesays.com\/fr\/wp-json\/wp\/v2\/comments?post=206041"}],"version-history":[{"count":0,"href":"https:\/\/www.europesays.com\/fr\/wp-json\/wp\/v2\/posts\/206041\/revisions"}],"wp:featuredmedia":[{"embeddable":true,"href":"https:\/\/www.europesays.com\/fr\/wp-json\/wp\/v2\/media\/1445"}],"wp:attachment":[{"href":"https:\/\/www.europesays.com\/fr\/wp-json\/wp\/v2\/media?parent=206041"}],"wp:term":[{"taxonomy":"category","embeddable":true,"href":"https:\/\/www.europesays.com\/fr\/wp-json\/wp\/v2\/categories?post=206041"},{"taxonomy":"post_tag","embeddable":true,"href":"https:\/\/www.europesays.com\/fr\/wp-json\/wp\/v2\/tags?post=206041"}],"curies":[{"name":"wp","href":"https:\/\/api.w.org\/{rel}","templated":true}]}}