{"id":206044,"date":"2025-06-26T14:55:09","date_gmt":"2025-06-26T14:55:09","guid":{"rendered":"https:\/\/www.europesays.com\/fr\/206044\/"},"modified":"2025-06-26T14:55:09","modified_gmt":"2025-06-26T14:55:09","slug":"pourquoi-donald-trump-menace-lespagne-apres-le-sommet-de-lotan","status":"publish","type":"post","link":"https:\/\/www.europesays.com\/fr\/206044\/","title":{"rendered":"pourquoi Donald Trump menace l&rsquo;Espagne apr\u00e8s le sommet de l\u2019Otan"},"content":{"rendered":"<p>Le pr\u00e9sident am\u00e9ricain veut faire \u00abpayer\u00bb \u00e9conomiquement \u00e0 Madrid ses r\u00e9ticences sur l\u2019augmentation des d\u00e9penses militaires, a-t-il d\u00e9clar\u00e9 mercredi \u00e0 l\u2019issue du sommet de l\u2019Otan \u00e0 La Haye, aux Pays-Bas.<\/p>\n<p class=\"fig-paragraph\">Le\u00a0<a href=\"http:\/\/www.lefigaro.fr\/flash-actu\/je-veux-en-rapporter-avec-moi-au-sommet-de-l-otan-l-etonnante-passion-de-trump-pour-les-arbres-neerlandais-20250625\" data-fig-type=\"NewsFlash\" data-gtm-custom-categorie=\"navigation\" data-gtm-custom-action=\"crossclick\" data-gtm-custom-label=\"Contextuel\" data-gtm-event=\"customEventSPE\" data-fig-domain=\"LEFIGARO\" target=\"_blank\" rel=\"noopener\">sommet de l\u2019Otan<\/a>\u00a0a \u00e9t\u00e9 c\u00e9l\u00e9br\u00e9 mercredi 25 juin comme \u00abune grande victoire pour tout le monde\u00bb, dixit\u00a0<a href=\"http:\/\/www.lefigaro.fr\/international\/papa-doit-parfois-hausser-le-ton-le-surprenant-surnom-donne-a-donald-trump-par-mark-rutte-lors-du-sommet-de-l-otan-20250625\" data-fig-type=\"NewsFlash\" data-gtm-custom-categorie=\"navigation\" data-gtm-custom-action=\"crossclick\" data-gtm-custom-label=\"Contextuel\" data-gtm-event=\"customEventSPE\" data-fig-domain=\"LEFIGARO\" target=\"_blank\" rel=\"noopener\">Donald Trump<\/a>. Vraiment pour tous\u00a0? Si les pays membres de l\u2019organisation\u00a0<a href=\"http:\/\/www.lefigaro.fr\/international\/les-pays-de-l-otan-s-engagent-a-investir-5-de-leur-pib-pour-leur-securite-en-2035-donald-trump-salue-un-sommet-fantastique-20250625\" data-fig-type=\"NewsFlash\" data-gtm-custom-categorie=\"navigation\" data-gtm-custom-action=\"crossclick\" data-gtm-custom-label=\"Contextuel\" data-gtm-event=\"customEventSPE\" data-fig-domain=\"LEFIGARO\" target=\"_blank\" rel=\"noopener\">ont promis d\u2019investir 5% de leur Produit int\u00e9rieur brut<\/a>\u00a0(PIB) annuel en faveur de leur s\u00e9curit\u00e9 \u00e0 l\u2019horizon 2035, un s\u2019y est toutefois oppos\u00e9\u00a0: l\u2019Espagne, et son premier ministre\u00a0<a href=\"http:\/\/www.lefigaro.fr\/international\/espagne-pedro-sanchez-demande-pardon-et-assure-qu-il-ne-savait-rien-d-une-affaire-de-corruption-dans-son-parti-20250612\" data-fig-type=\"Article\" data-gtm-custom-categorie=\"navigation\" data-gtm-custom-action=\"crossclick\" data-gtm-custom-label=\"Contextuel\" data-gtm-event=\"customEventSPE\" data-fig-domain=\"LEFIGARO\" target=\"_blank\" rel=\"noopener\">Pedro Sanchez<\/a>\u00a0en t\u00eate.<\/p>\n<p class=\"fig-paragraph\">Le dirigeant socialiste aurait accept\u00e9 d\u2019engager seulement 2,1 % du PIB du pays. \u00abUn investissement suffisant, r\u00e9aliste et compatible avec notre mod\u00e8le social et notre \u00c9tat providence\u00bb, a-t-il affirm\u00e9 dans une d\u00e9claration rapport\u00e9e\u00a0<a href=\"https:\/\/www.lavanguardia.com\/politica\/20250625\/10826050\/sanchez-culmina-cumbre-otan-saludar-trump-hemos-salvaguardado-interes-espana.html\" target=\"_blank\" rel=\"nofollow noopener\" data-gtm-custom-categorie=\"navigation\" data-gtm-custom-action=\"crossclick\" data-gtm-custom-label=\"Contextuel\" data-gtm-event=\"customEventSPE\">par le m\u00e9dia de Barcelone La Vanguardia<\/a> . De quoi imm\u00e9diatement susciter l\u2019ire du pr\u00e9sident am\u00e9ricain. \u00abC&rsquo;est le seul pays qui refuse\u00bb d&rsquo;atteindre les 5% du PIB en mati\u00e8re de d\u00e9penses de s\u00e9curit\u00e9 en 2035, a-t-il d\u00e9plor\u00e9.<\/p>\n<p class=\"fig-body-link\">\n            \u00c0 lire aussi<br \/>\n        <a class=\"fig-body-link__link fig-premium-mark\" href=\"http:\/\/www.lefigaro.fr\/international\/au-sommet-de-l-otan-donald-trump-imperial-face-a-la-docilite-des-allies-20250625\" data-fig-type=\"Article\" data-gtm-custom-categorie=\"navigation\" data-gtm-custom-action=\"crossclick\" data-gtm-custom-label=\"Contextuel\" data-gtm-event=\"customEventSPE\" data-fig-domain=\"LEFIGARO\" target=\"_blank\" rel=\"noopener\">Au sommet de l\u2019Otan, Donald Trump imp\u00e9rial face \u00e0 la docilit\u00e9 des alli\u00e9s<br \/>\n    <\/a>\n<\/p>\n<p>\u00abIls ne se sont m\u00eame pas salu\u00e9s\u00bb<\/p>\n<p class=\"fig-paragraph\">\u00abJe trouve \u00e7a terrible\u00bb, a-t-il ajout\u00e9, mentionnant que l&rsquo;\u00e9conomie de l&rsquo;Espagne \u00abpourrait \u00eatre compl\u00e8tement d\u00e9truite. Vous savez, on va n\u00e9gocier un accord commercial avec l&rsquo;Espagne. On va leur faire payer le double\u00bb, Une menace \u00e0 peine voil\u00e9e, alors que\u00a0<a href=\"http:\/\/www.lefigaro.fr\/conjoncture\/l-union-europeenne-cherche-a-passer-en-mode-economie-de-guerre-20250617\" data-fig-type=\"Article\" data-gtm-custom-categorie=\"navigation\" data-gtm-custom-action=\"crossclick\" data-gtm-custom-label=\"Contextuel\" data-gtm-event=\"customEventSPE\" data-fig-domain=\"LEFIGARO\" target=\"_blank\" rel=\"noopener\">l&rsquo;Union europ\u00e9enne<\/a>\u00a0n\u00e9gocie avec\u00a0<a href=\"http:\/\/www.lefigaro.fr\/international\/les-dirigeants-ne-voulaient-pas-couper-les-ponts-avec-trump-l-iran-prefere-ceder-aux-etats-unis-plutot-que-d-etre-defait-par-israel-20250624\" data-fig-type=\"Article\" data-gtm-custom-categorie=\"navigation\" data-gtm-custom-action=\"crossclick\" data-gtm-custom-label=\"Contextuel\" data-gtm-event=\"customEventSPE\" data-fig-domain=\"LEFIGARO\" target=\"_blank\" rel=\"noopener\">les \u00c9tats-Unis<\/a>\u00a0pour \u00e9viter\u00a0<a href=\"http:\/\/www.lefigaro.fr\/conjoncture\/macron-juge-les-taxes-douanieres-incomprehensibles-et-espere-dissuader-trump-20250305\" data-fig-type=\"NewsFlash\" data-gtm-custom-categorie=\"navigation\" data-gtm-custom-action=\"crossclick\" data-gtm-custom-label=\"Contextuel\" data-gtm-event=\"customEventSPE\" data-fig-domain=\"LEFIGARO\" target=\"_blank\" rel=\"noopener\">des taxes douani\u00e8res<\/a>. Le quotidien madril\u00e8ne\u00a0<a href=\"https:\/\/elpais.com\/espana\/2025-06-25\/sanchez-presume-de-haber-salvado-a-espana-del-5-que-habria-arruinado-el-gasto-social.html\" target=\"_blank\" rel=\"nofollow noopener\" data-gtm-custom-categorie=\"navigation\" data-gtm-custom-action=\"crossclick\" data-gtm-custom-label=\"Contextuel\" data-gtm-event=\"customEventSPE\">El Pa\u00eds d\u00e9crit m\u00eame un sommet<\/a>\u00a0lors duquel \u00abla distance entre lui et S\u00e1nchez a \u00e9t\u00e9 tr\u00e8s \u00e9vidente\u00a0: ils ne se sont m\u00eame pas salu\u00e9s, comme l\u2019a reconnu l\u2019Espagnol, m\u00eame s\u2019il s\u2019est justifi\u00e9 en parlant d\u2019un hasard\u00bb.<\/p>\n<p class=\"fig-paragraph\">Donald Trump, qui a souvent critiqu\u00e9 les \u00abmauvais payeurs\u00bb europ\u00e9ens par le pass\u00e9, avait opt\u00e9 pour un ton conciliant au sommet de La Haye. Les alli\u00e9s vont \u00abtr\u00e8s bient\u00f4t\u00bb d\u00e9penser autant que les \u00c9tats-Unis, s\u2019est-il r\u00e9joui. \u00abJe leur demande de passer \u00e0 5% depuis des ann\u00e9es, et ils passent \u00e0 5%. C\u2019est \u00e9norme (&#8230;). L\u2019Otan va devenir tr\u00e8s forte avec nous\u00bb, a soulign\u00e9 le pr\u00e9sident am\u00e9ricain.<\/p>\n<p class=\"fig-paragraph\">Les pays de l\u2019organisation ont par ailleurs r\u00e9it\u00e9r\u00e9 dans la d\u00e9claration finale leur \u00abengagement ind\u00e9fectible en faveur de la d\u00e9fense collective, consacr\u00e9 par l\u2019article 5 du trait\u00e9 de Washington, qui dispose qu\u2019une attaque contre l\u2019un des alli\u00e9s est consid\u00e9r\u00e9e comme une attaque dirig\u00e9e contre tous\u00bb.<\/p>\n","protected":false},"excerpt":{"rendered":"Le pr\u00e9sident am\u00e9ricain veut faire \u00abpayer\u00bb \u00e9conomiquement \u00e0 Madrid ses r\u00e9ticences sur l\u2019augmentation des d\u00e9penses militaires, a-t-il d\u00e9clar\u00e9&hellip;\n","protected":false},"author":2,"featured_media":206045,"comment_status":"","ping_status":"","sticky":false,"template":"","format":"standard","meta":{"footnotes":""},"categories":[5],"tags":[259,11,260,75,123,73,1011,27,14,261,12,136,262,28],"class_list":{"0":"post-206044","1":"post","2":"type-post","3":"status-publish","4":"format-standard","5":"has-post-thumbnail","7":"category-international","8":"tag-actualite-internationale","9":"tag-actualites","10":"tag-affaires-etrangeres","11":"tag-donald-trump","12":"tag-espagne","13":"tag-etats-unis","14":"tag-fr","15":"tag-france","16":"tag-international","17":"tag-ministere-des-affaires-etrangeres","18":"tag-news","19":"tag-otan","20":"tag-politique-etrangere","21":"tag-world"},"share_on_mastodon":{"url":"","error":""},"_links":{"self":[{"href":"https:\/\/www.europesays.com\/fr\/wp-json\/wp\/v2\/posts\/206044","targetHints":{"allow":["GET"]}}],"collection":[{"href":"https:\/\/www.europesays.com\/fr\/wp-json\/wp\/v2\/posts"}],"about":[{"href":"https:\/\/www.europesays.com\/fr\/wp-json\/wp\/v2\/types\/post"}],"author":[{"embeddable":true,"href":"https:\/\/www.europesays.com\/fr\/wp-json\/wp\/v2\/users\/2"}],"replies":[{"embeddable":true,"href":"https:\/\/www.europesays.com\/fr\/wp-json\/wp\/v2\/comments?post=206044"}],"version-history":[{"count":0,"href":"https:\/\/www.europesays.com\/fr\/wp-json\/wp\/v2\/posts\/206044\/revisions"}],"wp:featuredmedia":[{"embeddable":true,"href":"https:\/\/www.europesays.com\/fr\/wp-json\/wp\/v2\/media\/206045"}],"wp:attachment":[{"href":"https:\/\/www.europesays.com\/fr\/wp-json\/wp\/v2\/media?parent=206044"}],"wp:term":[{"taxonomy":"category","embeddable":true,"href":"https:\/\/www.europesays.com\/fr\/wp-json\/wp\/v2\/categories?post=206044"},{"taxonomy":"post_tag","embeddable":true,"href":"https:\/\/www.europesays.com\/fr\/wp-json\/wp\/v2\/tags?post=206044"}],"curies":[{"name":"wp","href":"https:\/\/api.w.org\/{rel}","templated":true}]}}