{"id":206054,"date":"2025-06-26T15:00:16","date_gmt":"2025-06-26T15:00:16","guid":{"rendered":"https:\/\/www.europesays.com\/fr\/206054\/"},"modified":"2025-06-26T15:00:16","modified_gmt":"2025-06-26T15:00:16","slug":"a-nancy-les-adolescents-peuvent-desormais-commander-un-chauffeur-sans-leurs-parents","status":"publish","type":"post","link":"https:\/\/www.europesays.com\/fr\/206054\/","title":{"rendered":"\u00e0 Nancy, les adolescents peuvent d\u00e9sormais commander un chauffeur sans leurs parents"},"content":{"rendered":"<p>            Par<br \/>\n        <strong><br \/>\n            <a href=\"https:\/\/actu.fr\/auteur\/amandine-mehl\" title=\"Consulter tous les articles de Amandine Mehl\" rel=\"nofollow noopener\" target=\"_blank\">Amandine Mehl<\/a><br \/>\n        <\/strong><\/p>\n<p>        Publi\u00e9 le<\/p>\n<p>            26 juin 2025 \u00e0 16h48<br \/>\n        ; mis \u00e0 jour le 26 juin 2025 \u00e0 16h49    <\/p>\n<p><a href=\"https:\/\/actu.fr\/grand-est\/nancy_54395\/uber-debarque-nancy-ce-chauffeur-taxi-profession-est-fichue_27574661.html\" rel=\"nofollow noopener\" target=\"_blank\">Uber<\/a>, le service qui permet aux utilisateurs de commander un chauffeur, a lanc\u00e9 un <strong>nouveau type de course<\/strong> lundi 23 juin 2025 \u00e0 <strong>Nancy<\/strong>.\u00a0<\/p>\n<p class=\" wall-content\">Intitul\u00e9 <strong>Uber pour ados<\/strong>, il s\u2019adresse aux<strong> adolescents \u00e2g\u00e9s de 13 \u00e0 17 ans<\/strong>. Explications.<\/p>\n<p>Uber assure pr\u00e9server la s\u00e9curit\u00e9 des ados<\/p>\n<p class=\" wall-content\">Avec ce nouveau service, les adolescents peuvent d\u00e9sormais commander un trajet <strong>sans \u00eatre accompagn\u00e9s<\/strong>. Afin de rassurer les parents inquiets \u00e0 l\u2019id\u00e9e de laisser leur enfant dans une voiture avec un inconnu, la soci\u00e9t\u00e9 <a href=\"https:\/\/actu.fr\/societe\/uber-pour-les-ados-c-est-quoi-ce-nouveau-service-qui-debarque-en-france-ce-mercredi-30-octobre_61804207.html\" rel=\"nofollow noopener\" target=\"_blank\">Uber<\/a> assure avoir pris diff\u00e9rentes mesures de s\u00e9curit\u00e9.\u00a0<\/p>\n<ul class=\" wall-content\">\n<li>Avec le suivi en temps r\u00e9el, les parents peuvent suivre le trajet en direct. De plus, ils re\u00e7oivent le nom du chauffeur, les informations sur le v\u00e9hicule et la destination demand\u00e9e.<\/li>\n<li>Avant qu\u2019un adolescent monte dans la voiture, il doit donner au chauffeur un code PIN unique. Sans cela, le chauffeur ne peut pas entamer le trajet. Cela permet de s\u2019assurer que l\u2019enfant monte dans la bonne voiture avec le bon chauffeur.<\/li>\n<li>Gr\u00e2ce \u00e0 des capteurs et des donn\u00e9es GPS, si un trajet d\u00e9vie, s\u2019arr\u00eate de fa\u00e7on inattendue ou se termine pr\u00e9matur\u00e9ment, l\u2019application Uber envoie un message \u00e0 l\u2019adolescent et au chauffeur pour s\u2019assurer qu\u2019ils vont bien.\u00a0<\/li>\n<li>Les parents peuvent contacter le chauffeur \u00e0 tout moment durant le trajet. Ils ont aussi acc\u00e8s \u00e0 la rubrique d\u00e9di\u00e9e \u00e0 la s\u00e9curit\u00e9 et au bouton d\u2019assistance en cas d\u2019urgence.<\/li>\n<\/ul>\n<p class=\" wall-content\">Enfin, seuls les chauffeurs \u00ab\u00a0<strong>exp\u00e9riment\u00e9s et proposant la meilleure qualit\u00e9 de service et les meilleures notes<\/strong>\u00a0\u00bb peuvent recevoir des demandes pour prendre en charge des adolescents.\u00a0<\/p>\n<p>Vid\u00e9os : en ce moment sur Actu<\/p>\n<p class=\" wall-content\">Suivez toute l\u2019actualit\u00e9 de vos villes et m\u00e9dias favoris en vous inscrivant \u00e0 <a href=\"https:\/\/moncompte.actu.fr\" title=\"D\u00e9couvez Mon Actu\" rel=\"nofollow noopener\" data-trk=\"{&quot;cta&quot;:{&quot;action&quot;:&quot;https:\\\/\\\/moncompte.actu.fr&quot;,&quot;category&quot;:&quot;mon compte&quot;,&quot;from&quot;:&quot;article footer&quot;,&quot;name&quot;:&quot;Mon actu&quot;,&quot;type&quot;:&quot;cta&quot;}}\" target=\"_blank\">Mon Actu<\/a>.<\/p>\n","protected":false},"excerpt":{"rendered":"Par Amandine Mehl Publi\u00e9 le 26 juin 2025 \u00e0 16h48 ; mis \u00e0 jour le 26 juin 2025&hellip;\n","protected":false},"author":2,"featured_media":206055,"comment_status":"","ping_status":"","sticky":false,"template":"","format":"standard","meta":{"footnotes":""},"categories":[9635],"tags":[1111,11,1719,1777,674,1011,27,775,1702,12,25,104],"class_list":{"0":"post-206054","1":"post","2":"type-post","3":"status-publish","4":"format-standard","5":"has-post-thumbnail","7":"category-nancy","8":"tag-actu","9":"tag-actualites","10":"tag-enfants","11":"tag-eu","12":"tag-europe","13":"tag-fr","14":"tag-france","15":"tag-grand-est","16":"tag-nancy","17":"tag-news","18":"tag-republique-francaise","19":"tag-societe"},"share_on_mastodon":{"url":"https:\/\/pubeurope.com\/@fr\/114750267367638747","error":""},"_links":{"self":[{"href":"https:\/\/www.europesays.com\/fr\/wp-json\/wp\/v2\/posts\/206054","targetHints":{"allow":["GET"]}}],"collection":[{"href":"https:\/\/www.europesays.com\/fr\/wp-json\/wp\/v2\/posts"}],"about":[{"href":"https:\/\/www.europesays.com\/fr\/wp-json\/wp\/v2\/types\/post"}],"author":[{"embeddable":true,"href":"https:\/\/www.europesays.com\/fr\/wp-json\/wp\/v2\/users\/2"}],"replies":[{"embeddable":true,"href":"https:\/\/www.europesays.com\/fr\/wp-json\/wp\/v2\/comments?post=206054"}],"version-history":[{"count":0,"href":"https:\/\/www.europesays.com\/fr\/wp-json\/wp\/v2\/posts\/206054\/revisions"}],"wp:featuredmedia":[{"embeddable":true,"href":"https:\/\/www.europesays.com\/fr\/wp-json\/wp\/v2\/media\/206055"}],"wp:attachment":[{"href":"https:\/\/www.europesays.com\/fr\/wp-json\/wp\/v2\/media?parent=206054"}],"wp:term":[{"taxonomy":"category","embeddable":true,"href":"https:\/\/www.europesays.com\/fr\/wp-json\/wp\/v2\/categories?post=206054"},{"taxonomy":"post_tag","embeddable":true,"href":"https:\/\/www.europesays.com\/fr\/wp-json\/wp\/v2\/tags?post=206054"}],"curies":[{"name":"wp","href":"https:\/\/api.w.org\/{rel}","templated":true}]}}