{"id":206058,"date":"2025-06-26T15:02:10","date_gmt":"2025-06-26T15:02:10","guid":{"rendered":"https:\/\/www.europesays.com\/fr\/206058\/"},"modified":"2025-06-26T15:02:10","modified_gmt":"2025-06-26T15:02:10","slug":"pique-niques-encadres-fetes-interdites-la-ville-de-toulon-serre-la-vis-sur-les-plages-du-mourillon","status":"publish","type":"post","link":"https:\/\/www.europesays.com\/fr\/206058\/","title":{"rendered":"Pique-niques encadr\u00e9s, f\u00eates interdites: la ville de Toulon serre la vis sur les plages du Mourillon"},"content":{"rendered":"<p>Du changement en vue sur les plages du Mourillon. Apr\u00e8s une large concertation entam\u00e9e \u00e0 l\u2019automne dernier, la municipalit\u00e9 met en \u0153uvre un nouveau r\u00e8glement unifi\u00e9 concernant les plages, les pelouses et les parkings.<\/p>\n<p>Objectif: pr\u00e9server la qualit\u00e9 de vie sur ce site embl\u00e9matique tout en luttant contre les incivilit\u00e9s.<\/p>\n<p>Depuis plusieurs semaines, les rumeurs \u00e9voquaient une possible interdiction des pique-niques. La municipalit\u00e9 tient \u00e0 rassurer: aucune mesure radicale n\u2019est annonc\u00e9e.<\/p>\n<p>\u00ab\u00a0Tout ce que nous voulons, c\u2019est cr\u00e9er un \u00e9quilibre entre dynamisme et respect du lieu \u00ab\u00a0, a d\u00e9clar\u00e9 la maire de Toulon, Jos\u00e9e Massi, lors d\u2019un point presse, organis\u00e9 sur site.<\/p>\n<p>Les textes existants ont \u00e9t\u00e9 fusionn\u00e9s en un seul r\u00e8glement, plus clair et plus adapt\u00e9 aux usages actuels. Parmi les changements notables: la mise en place d\u2019aires de pique-nique sp\u00e9cifiques et la fin des grands rassemblements sur certaines zones.<\/p>\n<p><strong>Pelouses et repas en plein air: de nouvelles mesures<\/strong><\/p>\n<p>Face \u00e0 la forte fr\u00e9quentation des pelouses, notamment \u00e0 proximit\u00e9 des restaurants de plage, la Ville a d\u00e9cid\u00e9 d\u2019encadrer davantage les pique-niques. Il est d\u00e9sormais interdit de s\u2019installer dans la zone sud de la promenade Henri-Fabre pour y d\u00e9jeuner ou organiser des \u00e9v\u00e9nements.<\/p>\n<p>En revanche, la partie nord reste accessible, \u00ab\u00a0dans la limite du raisonnable\u00a0\u00bb, souligne Jos\u00e9e Massi. Sont d\u00e9sormais proscrits: les gros mobiliers, les f\u00eates d\u2019anniversaire ou de mariage, ainsi que les \u00e9quipements sonores. L\u2019objectif est de limiter les nuisances tout en permettant \u00e0 chacun de profiter des lieux.<\/p>\n<p>Trois aires de pique-nique ont \u00e9t\u00e9 install\u00e9es, \u00e9quip\u00e9es d\u2019une dizaine de tables et d\u2019environ 80 places assises. Prot\u00e9g\u00e9es du soleil gr\u00e2ce \u00e0 des voiles d\u2019ombrage, elles offrent un cadre plus structur\u00e9 et confortable pour se restaurer.<\/p>\n<p>S\u00e9curit\u00e9 renforc\u00e9e et pr\u00e9vention sur le terrain<\/p>\n<p>Pour accompagner ces changements, la Ville renforce \u00e9galement sa pr\u00e9sence sur le terrain. Six agents ASVP suppl\u00e9mentaires seront mobilis\u00e9s pour \u00ab\u00a0informer les usagers, faire de la pr\u00e9vention et, si n\u00e9cessaire, verbaliser les comportements non conformes \u00ab\u00a0.<\/p>\n<p>C\u00f4t\u00e9 stationnement, le parking de 1.700 places, tr\u00e8s fr\u00e9quent\u00e9 en \u00e9t\u00e9, fait lui aussi l\u2019objet d\u2019une attention particuli\u00e8re avec des changements annonc\u00e9s. Trois bornes d\u2019appel d\u2019urgence vont y \u00eatre install\u00e9es, et le dispositif de vid\u00e9oprotection sera r\u00e9organis\u00e9 pour mieux couvrir les zones sensibles.<\/p>\n<p>Ces nouvelles mesures entrent en vigueur d\u00e8s maintenant pour une phase exp\u00e9rimentale de deux mois. Un premier bilan sera dress\u00e9 en septembre afin d\u2019\u00e9valuer leur efficacit\u00e9 et, le cas \u00e9ch\u00e9ant, ajuster le dispositif pour l\u2019\u00e9t\u00e9 2026.<\/p>\n<p>            Les interdictions<\/p>\n<p>Dans le nouveau r\u00e8glement, certaines interdictions s\u2019ajoutent \u00e0 celles d\u00e9j\u00e0 en vigueur. Extraits.<\/p>\n<p>&#8211; Interdiction d\u2019appareils de diffusion sonore<br \/>&#13;<br \/>\n&#8211; Interdiction de pratique de la p\u00eache<br \/>&#13;<br \/>\n&#8211; Interdiction de fumer sur les plages<br \/>&#13;<br \/>\n&#8211; Interdiction d\u2019installer du mobilier volumineux<br \/>&#13;<br \/>\n&#8211; D\u00e9p\u00f4t et jet de d\u00e9tritus sont interdits<br \/>&#13;<br \/>\n&#8211; Interdiction de promener son chien, m\u00eame tenu en laisse, sur les pelouses et le sable. L\u2019acc\u00e8s des chiens tenus en laisse est autoris\u00e9 uniquement sur la promenade Henri-Fabre, du 1er juin au 31 ao\u00fbt, de 6 h \u00e0 8 h 30.<\/p>\n","protected":false},"excerpt":{"rendered":"Du changement en vue sur les plages du Mourillon. Apr\u00e8s une large concertation entam\u00e9e \u00e0 l\u2019automne dernier, la&hellip;\n","protected":false},"author":2,"featured_media":206059,"comment_status":"","ping_status":"","sticky":false,"template":"","format":"standard","meta":{"footnotes":""},"categories":[9619],"tags":[1111,11,1777,674,1011,27,12,882,25,2310,3366],"class_list":{"0":"post-206058","1":"post","2":"type-post","3":"status-publish","4":"format-standard","5":"has-post-thumbnail","7":"category-toulon","8":"tag-actu","9":"tag-actualites","10":"tag-eu","11":"tag-europe","12":"tag-fr","13":"tag-france","14":"tag-news","15":"tag-provence-alpes-cote-dazur","16":"tag-republique-francaise","17":"tag-toulon","18":"tag-vie-locale"},"share_on_mastodon":{"url":"https:\/\/pubeurope.com\/@fr\/114750275137230496","error":""},"_links":{"self":[{"href":"https:\/\/www.europesays.com\/fr\/wp-json\/wp\/v2\/posts\/206058","targetHints":{"allow":["GET"]}}],"collection":[{"href":"https:\/\/www.europesays.com\/fr\/wp-json\/wp\/v2\/posts"}],"about":[{"href":"https:\/\/www.europesays.com\/fr\/wp-json\/wp\/v2\/types\/post"}],"author":[{"embeddable":true,"href":"https:\/\/www.europesays.com\/fr\/wp-json\/wp\/v2\/users\/2"}],"replies":[{"embeddable":true,"href":"https:\/\/www.europesays.com\/fr\/wp-json\/wp\/v2\/comments?post=206058"}],"version-history":[{"count":0,"href":"https:\/\/www.europesays.com\/fr\/wp-json\/wp\/v2\/posts\/206058\/revisions"}],"wp:featuredmedia":[{"embeddable":true,"href":"https:\/\/www.europesays.com\/fr\/wp-json\/wp\/v2\/media\/206059"}],"wp:attachment":[{"href":"https:\/\/www.europesays.com\/fr\/wp-json\/wp\/v2\/media?parent=206058"}],"wp:term":[{"taxonomy":"category","embeddable":true,"href":"https:\/\/www.europesays.com\/fr\/wp-json\/wp\/v2\/categories?post=206058"},{"taxonomy":"post_tag","embeddable":true,"href":"https:\/\/www.europesays.com\/fr\/wp-json\/wp\/v2\/tags?post=206058"}],"curies":[{"name":"wp","href":"https:\/\/api.w.org\/{rel}","templated":true}]}}