{"id":20606,"date":"2025-04-12T21:14:16","date_gmt":"2025-04-12T21:14:16","guid":{"rendered":"https:\/\/www.europesays.com\/fr\/20606\/"},"modified":"2025-04-12T21:14:16","modified_gmt":"2025-04-12T21:14:16","slug":"toulouse-une-experience-immersive-entierement-reinventee-a-la-cite-de-lespace-voici-a-quoi-sattendre","status":"publish","type":"post","link":"https:\/\/www.europesays.com\/fr\/20606\/","title":{"rendered":"Toulouse. Une exp\u00e9rience immersive enti\u00e8rement r\u00e9invent\u00e9e \u00e0 la Cit\u00e9 de l&rsquo;espace : voici \u00e0 quoi s&rsquo;attendre"},"content":{"rendered":"<p>            Par<br \/>\n        <strong><br \/>\n            <a href=\"https:\/\/actu.fr\/auteur\/lea-afonso\" title=\"Consulter tous les articles de L\u00e9a Afonso\" rel=\"nofollow noopener\" target=\"_blank\">L\u00e9a Afonso<\/a><br \/>\n        <\/strong><\/p>\n<p>        Publi\u00e9 le<\/p>\n<p>            12 avr. 2025 \u00e0 17h40<br \/>\n        ; mis \u00e0 jour le 12 avr. 2025 \u00e0 17h48    <\/p>\n<p>Embarquement en orbite\u2009! Les r\u00e9novations de la <strong>station spatiale Mir<\/strong>, situ\u00e9e \u00e0 <a href=\"https:\/\/actu.fr\/tag\/cite-de-l-espace\" rel=\"nofollow noopener\" target=\"_blank\">la Cit\u00e9 de l\u2019espace<\/a> \u00e0 <strong><a href=\"https:\/\/actu.fr\/toulouse\/\" rel=\"nofollow noopener\" target=\"_blank\">Toulouse<\/a><\/strong>, sont termin\u00e9es et d\u00e9sormais accessible aux visiteurs, depuis ce samedi 12 avril 2025. Apr\u00e8s plusieurs mois de<strong> remise \u00e0 neuf<\/strong> de ce premier prototype multimodal, l\u2019immersion peut (re)commencer. Reportage.<\/p>\n<p>Une r\u00e9novation attendue<\/p>\n<p class=\" wall-content\"><strong>Dix-huit mois de r\u00e9novation<\/strong>, dont deux de fermeture compl\u00e8te du site, ont \u00e9t\u00e9 n\u00e9cessaires pour <strong>r\u00e9nover cette station spatiale Mir.<\/strong> De l\u2019ext\u00e9rieur aux fen\u00eatres en passant par l\u2019ambiance sonore des trois espaces de vie, le moment \u00e9tait venu de remettre \u00e0 neuf ce multimodule, install\u00e9 en 1998 par des ing\u00e9nieurs russes.<\/p>\n<p class=\" wall-content\">\u00ab\u2009On a voulu r\u00e9nover la station que l\u2019on a depuis une quinzaine d\u2019ann\u00e9es pour d\u00e9velopper une meilleure approche historique du spatial. Dans<strong> une d\u00e9marche immersive<\/strong>, on plonge dor\u00e9navant le visiteur dans un parcours de visite o\u00f9 l\u2019on <strong>retourne dans les ann\u00e9es 90\u2009\u00bb<\/strong>, relate <strong>Arnaud Mounier<\/strong>, directeur g\u00e9n\u00e9ral de la Cit\u00e9 de l\u2019espace.<\/p>\n<blockquote class=\"ac-article-quote wall-content\">\n<p>L&rsquo;\u00e9crin int\u00e9rieur se suffisait d\u00e9j\u00e0 \u00e0 lui-m\u00eame, on est parti de l&rsquo;existant parce que c\u2019\u00e9tait d\u00e9j\u00e0 une reproduction similaire \u00e0 l\u2019\u00e9poque pour le sublimer en ajoutant de nouveaux objets. Le plus gros a \u00e9t\u00e9 la mise en place visuelle et sonore pour faire vivre Mir.<\/p>\n<p>    <strong>Aude Lesty<\/strong><br \/>\n        Responsable des expositions \u00e0 la Cit\u00e9 de l&rsquo;espace    <\/p><\/blockquote>\n<p>Un parcours immersif<br \/>\n      <img   decoding=\"async\" loading=\"lazy\" src=\"https:\/\/www.europesays.com\/fr\/wp-content\/uploads\/2025\/04\/img-1778-960x640.jpg\" alt=\"D\u00e9but de la visite avec un retour dans les ann\u00e9es 90\" width=\"960\" height=\"640\"\/><br \/>\n    D\u00e9but de la visite avec un retour dans les ann\u00e9es 90 (\u00a9L\u00e9a Afonso \/ Actu Toulouse)Vid\u00e9os : en ce moment sur Actu<\/p>\n<p class=\" wall-content\"><strong>\u00ab\u2009D\u00e9but de la visite sur terre,<\/strong> pour d\u00e9couvrir la vie et les objets du si\u00e8cle dernier\u2009\u00bb, compl\u00e8te Aude Lesty. Ensuite, direction la rampe d\u2019embarquement avec un d\u00e9compte des jours, puis des heures<strong> jusqu\u2019au d\u00e9collage vers MIR<\/strong>. \u00ab\u2009H-4, on enfile les combinaisons, les astronautes montent dans le bus\u2009! Puis,<strong> arriv\u00e9\u00a0\u00e0 bord de la station<\/strong>, on suit les aventures de quatre personnes \u00e0 bord de la station\u2009\u00bb, compl\u00e8te la responsable.<\/p>\n<p>      <img   decoding=\"async\" loading=\"lazy\" src=\"https:\/\/www.europesays.com\/fr\/wp-content\/uploads\/2025\/04\/img-1793-960x640.jpg\" alt=\"Un premier module destin\u00e9 \u00e0 la vue quotidienne de la station Mir\" width=\"960\" height=\"640\"\/><br \/>\n    Un premier module destin\u00e9 \u00e0 la vue quotidienne de la station Mir (\u00a9L\u00e9a Afonso \/ Actu Toulouse)<\/p>\n<p class=\" wall-content\">Le premier module est consacr\u00e9 \u00e0 la <strong>vie \u00e0 bord<\/strong>, \u00e9changes, quotidien\u2026 \u00ab\u2009Les sc\u00e9narios de 1,30 min dans chaque partie, ont \u00e9t\u00e9 construits avec les souvenirs de <strong>Claudie Haigner\u00e9<\/strong>, premi\u00e8re astronaute fran\u00e7aise en 1996. Elle a notamment effectu\u00e9 une mission de 16\u00a0jours \u00e0 bord de Mir\u2009\u00bb, ajoute Aude Lesty.<\/p>\n<p>Des modules qui communiquent<\/p>\n<p class=\" wall-content\">Le deuxi\u00e8me module est bas\u00e9 sur la<strong> vie au travail<\/strong>, avec un m\u00e9lange de<strong> vrais dialogues<\/strong> d\u2019\u00e9poque et d\u2019autres jou\u00e9s. Cet espace communique avec le dernier, qui repr\u00e9sente un sas de sortie extra-v\u00e9hiculaire.<\/p>\n<p>      <img   decoding=\"async\" loading=\"lazy\" src=\"https:\/\/www.europesays.com\/fr\/wp-content\/uploads\/2025\/04\/img-1802-960x640.jpg\" alt=\"Une communication entre les deuxi\u00e8me et troisi\u00e8me modules \" width=\"960\" height=\"640\"\/><br \/>\n    Une communication entre les deuxi\u00e8me et troisi\u00e8me modules (\u00a9L\u00e9a Afonso \/ Actu Toulouse)<\/p>\n<p class=\" wall-content\">\u00ab\u2009Fin de l\u2019exp\u00e9rience par le <strong>d\u00e9sorbitage de la station<\/strong> et sa retomb\u00e9e dans l\u2019oc\u00e9an Pacifiquen le 23 mars 2001\u2009\u00bb, termine la responsable.<\/p>\n<p><strong>Infos pratiques\u2009:<\/strong><br \/>La Cit\u00e9 de l\u2019espace <br \/>Avenue Jean Gonord, 31\u2009500 Toulouse<br \/>Horaires\u2009: de 9\u2009h\u200930 \u00e0 19\u2009h du lundi au jeudi et de 9\u2009h\u200930 \u00e0 18\u2009h du vendredi au dimanche<\/p>\n<p class=\" wall-content\">Suivez toute l\u2019actualit\u00e9 de vos villes et m\u00e9dias favoris en vous inscrivant \u00e0 <a href=\"https:\/\/moncompte.actu.fr\" title=\"D\u00e9couvez Mon Actu\" rel=\"nofollow noopener\" data-trk=\"{&quot;cta&quot;:{&quot;action&quot;:&quot;https:\\\/\\\/moncompte.actu.fr&quot;,&quot;category&quot;:&quot;mon compte&quot;,&quot;from&quot;:&quot;article footer&quot;,&quot;name&quot;:&quot;Mon actu&quot;,&quot;type&quot;:&quot;cta&quot;}}\" target=\"_blank\">Mon Actu<\/a>.<\/p>\n<ul class=\"ac-article-tag wall-content\">\n<li><a href=\"https:\/\/actu.fr\/tag\/cite-de-l-espace\" data-trk=\"{&quot;cta&quot;:{&quot;action&quot;:&quot;Cit\\u00e9 de l&#039;espace&quot;,&quot;category&quot;:&quot;tag&quot;,&quot;from&quot;:&quot;article footer&quot;,&quot;name&quot;:&quot;Cit\\u00e9 de l&#039;espace&quot;,&quot;type&quot;:&quot;cta&quot;}}\" rel=\"nofollow noopener\" target=\"_blank\">#Cit\u00e9 de l&rsquo;espace<\/a><\/li>\n<li><a href=\"https:\/\/actu.fr\/tag\/sortir-a-toulouse\" data-trk=\"{&quot;cta&quot;:{&quot;action&quot;:&quot;Sortir \\u00e0 Toulouse&quot;,&quot;category&quot;:&quot;tag&quot;,&quot;from&quot;:&quot;article footer&quot;,&quot;name&quot;:&quot;Sortir \\u00e0 Toulouse&quot;,&quot;type&quot;:&quot;cta&quot;}}\" rel=\"nofollow noopener\" target=\"_blank\">#Sortir \u00e0 Toulouse<\/a><\/li>\n<\/ul>\n","protected":false},"excerpt":{"rendered":"Par L\u00e9a Afonso Publi\u00e9 le 12 avr. 2025 \u00e0 17h40 ; mis \u00e0 jour le 12 avr. 2025&hellip;\n","protected":false},"author":2,"featured_media":20607,"comment_status":"","ping_status":"","sticky":false,"template":"","format":"standard","meta":{"footnotes":""},"categories":[2816],"tags":[1111,11,7835,1777,674,1011,27,1652,12,2680,25,1341,2312],"class_list":{"0":"post-20606","1":"post","2":"type-post","3":"status-publish","4":"format-standard","5":"has-post-thumbnail","7":"category-toulouse","8":"tag-actu","9":"tag-actualites","10":"tag-cite-de-lespace","11":"tag-eu","12":"tag-europe","13":"tag-fr","14":"tag-france","15":"tag-loisirs-culture","16":"tag-news","17":"tag-occitanie","18":"tag-republique-francaise","19":"tag-sortir-a-toulouse","20":"tag-toulouse"},"share_on_mastodon":{"url":"https:\/\/pubeurope.com\/@fr\/114327064675176700","error":""},"_links":{"self":[{"href":"https:\/\/www.europesays.com\/fr\/wp-json\/wp\/v2\/posts\/20606","targetHints":{"allow":["GET"]}}],"collection":[{"href":"https:\/\/www.europesays.com\/fr\/wp-json\/wp\/v2\/posts"}],"about":[{"href":"https:\/\/www.europesays.com\/fr\/wp-json\/wp\/v2\/types\/post"}],"author":[{"embeddable":true,"href":"https:\/\/www.europesays.com\/fr\/wp-json\/wp\/v2\/users\/2"}],"replies":[{"embeddable":true,"href":"https:\/\/www.europesays.com\/fr\/wp-json\/wp\/v2\/comments?post=20606"}],"version-history":[{"count":0,"href":"https:\/\/www.europesays.com\/fr\/wp-json\/wp\/v2\/posts\/20606\/revisions"}],"wp:featuredmedia":[{"embeddable":true,"href":"https:\/\/www.europesays.com\/fr\/wp-json\/wp\/v2\/media\/20607"}],"wp:attachment":[{"href":"https:\/\/www.europesays.com\/fr\/wp-json\/wp\/v2\/media?parent=20606"}],"wp:term":[{"taxonomy":"category","embeddable":true,"href":"https:\/\/www.europesays.com\/fr\/wp-json\/wp\/v2\/categories?post=20606"},{"taxonomy":"post_tag","embeddable":true,"href":"https:\/\/www.europesays.com\/fr\/wp-json\/wp\/v2\/tags?post=20606"}],"curies":[{"name":"wp","href":"https:\/\/api.w.org\/{rel}","templated":true}]}}