{"id":206064,"date":"2025-06-26T15:06:09","date_gmt":"2025-06-26T15:06:09","guid":{"rendered":"https:\/\/www.europesays.com\/fr\/206064\/"},"modified":"2025-06-26T15:06:09","modified_gmt":"2025-06-26T15:06:09","slug":"on-sort-ou-ce-weekend-a-rouen","status":"publish","type":"post","link":"https:\/\/www.europesays.com\/fr\/206064\/","title":{"rendered":"on sort o\u00f9 ce weekend \u00e0 Rouen\u00a0?"},"content":{"rendered":"<p>            Par<br \/>\n        <strong><br \/>\n            <a href=\"https:\/\/actu.fr\/auteur\/thomas-rideau\" title=\"Consulter tous les articles de Thomas Rideau\" rel=\"nofollow noopener\" target=\"_blank\">Thomas Rideau<\/a><br \/>\n        <\/strong><\/p>\n<p>        Publi\u00e9 le<\/p>\n<p>            26 juin 2025 \u00e0 16h12        <\/p>\n<p><strong>Envie de sortir<\/strong> ce weekend du 26 au 28\u00a0juin 2025 \u00e0 <a href=\"https:\/\/actu.fr\/normandie\/rouen_76540\" rel=\"nofollow noopener\" target=\"_blank\">Rouen (Seine-Maritime)<\/a>\u2009? Nos partenaires de <a href=\"https:\/\/www.instagram.com\/baroscope.rouen\/\" rel=\"nofollow noopener\" target=\"_blank\">Bar\u2019Oscope<\/a> a scann\u00e9 la vie nocturne de ces prochains jours et vous proposent<strong> sa s\u00e9lection de soir\u00e9es<\/strong> \u00e0 ne pas manquer dans la capitale normande.<\/p>\n<p class=\" wall-content\"><a href=\"https:\/\/www.instagram.com\/p\/DD42Okhy_YW\/embed\" title=\"Ouvrir le lien sur Instagram\" rel=\"nofollow noopener\" target=\"_blank\">Visualiser le contenu sur Instagram<\/a><\/p>\n<p>Les id\u00e9es soir\u00e9es<\/p>\n<p class=\" wall-content\"><strong>Blind test \u00e0 l\u2019Entrep\u00f4t<\/strong><\/p>\n<p class=\" wall-content\"><a href=\"https:\/\/actu.fr\/normandie\/rouen_76540\/10-mois-apres-son-ouverture-quel-bilan-pour-l-entrepot-food-hall-de-rouen_60784321.html\" rel=\"nofollow noopener\" target=\"_blank\">L\u2019Entrep\u00f4t Food Hall<\/a> organise \u00e0 nouveau un blind test avec <a href=\"https:\/\/www.instagram.com\/rickson_evenements\/\" rel=\"nofollow noopener\" target=\"_blank\">DJ Rickson<\/a> ce<strong> jeudi 26\u00a0juin<\/strong> de 20h \u00e0 23h30.<\/p>\n<p class=\" wall-content\"><strong>On trinque avec quoi\u2009?<\/strong> Bi\u00e8re, cocktails et spiritueux.<\/p>\n<p class=\" wall-content\"><strong>Soir\u00e9e happy hour au Charleston<\/strong><\/p>\n<p class=\" wall-content\"><a href=\"https:\/\/actu.fr\/normandie\/rouen_76540\/a-rouen-le-boomrang-devient-le-charleston-un-club-de-jazz-a-l-esprit-lounge_61697101.html\" rel=\"nofollow noopener\" target=\"_blank\">Le Charleston<\/a>, rue de la R\u00e9publique, organise sa \u00ab\u2009Summer Party\u2009\u00bb. Traduction\u2009? Happy hour toute la soir\u00e9e du<strong> vendredi 27\u00a0juin<\/strong>, de 18h \u00e0 2h.<\/p>\n<p class=\" wall-content\"><strong>On trinque avec quoi\u2009?<\/strong> Bi\u00e8res, cocktails et vins.<\/p>\n<p>Soir\u00e9e au Boho<\/p>\n<p class=\" wall-content\"><strong>Vendredi 27\u00a0juin<\/strong>, la bo\u00eete de nuit, le Boho, offre un magnum de Greygoose toutes les heures, de 23h \u00e0 7h\u2009? Entr\u00e9e gratuite pour tous avant 1h.<\/p>\n<p class=\" wall-content\"><strong>On trinque avec quoi<\/strong>\u2009? Cocktails et shooters.<\/p>\n<p>Un concert au F\u00fbt<\/p>\n<p class=\" wall-content\"><a href=\"https:\/\/www.instagram.com\/p\/DLQDsxqBnjq\/embed\" title=\"Ouvrir le lien sur Instagram\" rel=\"nofollow noopener\" target=\"_blank\">Visualiser le contenu sur Instagram<\/a><\/p>\n<p class=\" wall-content\">Au F\u00fbt et \u00e0 Mesure organise un concert avec le chanteur <a href=\"https:\/\/www.instagram.com\/drovich_alex\/\" rel=\"nofollow noopener\" target=\"_blank\">Drovich<\/a>, ce<strong> samedi 28\u00a0juin<\/strong> d\u00e8s 19h.<\/p>\n<p class=\" wall-content\"><strong>On trinque avec quoi\u2009?<\/strong> Bi\u00e8res, cocktails et vins.<\/p>\n<p>Suivez l\u2019actualit\u00e9 de Rouen <a href=\"https:\/\/www.whatsapp.com\/channel\/0029VaKfnf99hXF2ddApFB1D\" rel=\"nofollow noopener\" target=\"_blank\">sur notre cha\u00eene WhatsApp<\/a> et <a href=\"https:\/\/www.tiktok.com\/@76actu.fr?lang=fr\" rel=\"nofollow noopener\" target=\"_blank\">sur notre compte TikTok<\/a><\/p>\n<p class=\" wall-content\">Suivez toute l\u2019actualit\u00e9 de vos villes et m\u00e9dias favoris en vous inscrivant \u00e0 <a href=\"https:\/\/moncompte.actu.fr\" title=\"D\u00e9couvez Mon Actu\" rel=\"nofollow noopener\" data-trk=\"{&quot;cta&quot;:{&quot;action&quot;:&quot;https:\\\/\\\/moncompte.actu.fr&quot;,&quot;category&quot;:&quot;mon compte&quot;,&quot;from&quot;:&quot;article footer&quot;,&quot;name&quot;:&quot;Mon actu&quot;,&quot;type&quot;:&quot;cta&quot;}}\" target=\"_blank\">Mon Actu<\/a>.<\/p>\n<p>                    <script async src=\"\/\/www.instagram.com\/embed.js\"><\/script><script async src=\"\/\/www.tiktok.com\/embed.js\"><\/script><\/p>\n","protected":false},"excerpt":{"rendered":"Par Thomas Rideau Publi\u00e9 le 26 juin 2025 \u00e0 16h12 Envie de sortir ce weekend du 26 au&hellip;\n","protected":false},"author":2,"featured_media":206065,"comment_status":"","ping_status":"","sticky":false,"template":"","format":"standard","meta":{"footnotes":""},"categories":[9587],"tags":[1111,11,9086,1777,674,1011,27,1652,12,5161,25,9590],"class_list":{"0":"post-206064","1":"post","2":"type-post","3":"status-publish","4":"format-standard","5":"has-post-thumbnail","7":"category-rouen","8":"tag-actu","9":"tag-actualites","10":"tag-bon-plan-a-rouen","11":"tag-eu","12":"tag-europe","13":"tag-fr","14":"tag-france","15":"tag-loisirs-culture","16":"tag-news","17":"tag-normandie","18":"tag-republique-francaise","19":"tag-rouen"},"share_on_mastodon":{"url":"https:\/\/pubeurope.com\/@fr\/114750290875929140","error":""},"_links":{"self":[{"href":"https:\/\/www.europesays.com\/fr\/wp-json\/wp\/v2\/posts\/206064","targetHints":{"allow":["GET"]}}],"collection":[{"href":"https:\/\/www.europesays.com\/fr\/wp-json\/wp\/v2\/posts"}],"about":[{"href":"https:\/\/www.europesays.com\/fr\/wp-json\/wp\/v2\/types\/post"}],"author":[{"embeddable":true,"href":"https:\/\/www.europesays.com\/fr\/wp-json\/wp\/v2\/users\/2"}],"replies":[{"embeddable":true,"href":"https:\/\/www.europesays.com\/fr\/wp-json\/wp\/v2\/comments?post=206064"}],"version-history":[{"count":0,"href":"https:\/\/www.europesays.com\/fr\/wp-json\/wp\/v2\/posts\/206064\/revisions"}],"wp:featuredmedia":[{"embeddable":true,"href":"https:\/\/www.europesays.com\/fr\/wp-json\/wp\/v2\/media\/206065"}],"wp:attachment":[{"href":"https:\/\/www.europesays.com\/fr\/wp-json\/wp\/v2\/media?parent=206064"}],"wp:term":[{"taxonomy":"category","embeddable":true,"href":"https:\/\/www.europesays.com\/fr\/wp-json\/wp\/v2\/categories?post=206064"},{"taxonomy":"post_tag","embeddable":true,"href":"https:\/\/www.europesays.com\/fr\/wp-json\/wp\/v2\/tags?post=206064"}],"curies":[{"name":"wp","href":"https:\/\/api.w.org\/{rel}","templated":true}]}}