{"id":206074,"date":"2025-06-26T15:12:09","date_gmt":"2025-06-26T15:12:09","guid":{"rendered":"https:\/\/www.europesays.com\/fr\/206074\/"},"modified":"2025-06-26T15:12:09","modified_gmt":"2025-06-26T15:12:09","slug":"elle-sauve-une-cigogne-en-detresse-etouffee-par-une-quantite-impressionnante-delastiques","status":"publish","type":"post","link":"https:\/\/www.europesays.com\/fr\/206074\/","title":{"rendered":"elle sauve une cigogne en d\u00e9tresse, \u00e9touff\u00e9e par une \u00ab\u00a0quantit\u00e9 impressionnante d&rsquo;\u00e9lastiques\u00a0\u00bb"},"content":{"rendered":"<p>            Par<br \/>\n        <strong><br \/>\n            <a href=\"https:\/\/actu.fr\/auteur\/ivan-capecchi\" title=\"Consulter tous les articles de Ivan CAPECCHI\" target=\"_blank\" rel=\"noopener\">Ivan CAPECCHI<\/a><br \/>\n        <\/strong><\/p>\n<p>        Publi\u00e9 le<\/p>\n<p>            26 juin 2025 \u00e0 17h01        <\/p>\n<p>Lundi 23 juin, une <strong>cigogne<\/strong> juv\u00e9nile en d\u00e9tresse a \u00e9t\u00e9 sauv\u00e9e in extremis de la noyade \u00e0 <strong>Strasbourg<\/strong>.<\/p>\n<p>L\u2019oiseau retrouv\u00e9 flottant et inerte<\/p>\n<p class=\" wall-content\">Alert\u00e9e \u00e0 16h par un cadre du port, Maryam, une habitante engag\u00e9e dans la protection animale, s\u2019est rendue sur place avec les <a href=\"https:\/\/actu.fr\/tag\/pompiers\" target=\"_blank\" rel=\"noopener\">pompiers<\/a>, sans succ\u00e8s.<\/p>\n<p class=\" wall-content\">Ce n\u2019est qu\u2019en d\u00e9but de soir\u00e9e qu\u2019un signalement venu d\u2019un couple <a href=\"https:\/\/actu.fr\/grand-est\/strasbourg_67482\/depuis-plus-de-20-ans-thierry-habite-un-bateau-il-devoile-les-bons-et-mauvais-cotes-de-la-vie-sur-l-eau_61693789.html\" target=\"_blank\" rel=\"noopener\">vivant sur une p\u00e9niche<\/a> relance les recherches. \u00c0 21h20, <strong>Maryam retrouve finalement l\u2019oiseau, flottant, inerte<\/strong>.<\/p>\n<p class=\" wall-content\">Contre toute attente, <strong>il respire encore<\/strong>.<\/p>\n<p>Vid\u00e9os : en ce moment sur ActuLes voies respiratoires obstru\u00e9es par du plastique<\/p>\n<p class=\" wall-content\">Apr\u00e8s l\u2019avoir s\u00e9ch\u00e9, elle d\u00e9couvre que <strong>ses voies respiratoires sont obstru\u00e9es<\/strong>. Ne parvenant pas \u00e0 le soulager avec une <strong>man\u0153uvre de Heimlich<\/strong>*, elle extrait elle-m\u00eame une \u00ab\u00a0<strong>quantit\u00e9 impressionnante d\u2019\u00e9lastiques<\/strong>, ainsi que <strong>des morceaux de porcelaine et de plastique<\/strong>\u00ab\u00a0.<\/p>\n<p class=\" wall-content\">L\u2019oiseau a \u00e9t\u00e9 confi\u00e9 au centre de soins du <strong>Gorna (Groupement ornithologique du refuge Nord-Alsace)<\/strong>. Les cigognes, rappelle-t-elle, \u00ab\u00a0<strong>confondent souvent les \u00e9lastiques avec les vers de terre<\/strong> dont elles se nourrissent\u00a0\u00bb.<\/p>\n<p class=\" wall-content\">*La man\u0153uvre de Heimlich consiste \u00e0 exercer une pression soudaine sur l\u2019abdomen pour expulser un objet obstruant les voies respiratoires.<\/p>\n<p class=\" wall-content\">Suivez toute l\u2019actualit\u00e9 de vos villes et m\u00e9dias favoris en vous inscrivant \u00e0 <a href=\"https:\/\/moncompte.actu.fr\" title=\"D\u00e9couvez Mon Actu\" rel=\"nofollow noopener\" data-trk=\"{&quot;cta&quot;:{&quot;action&quot;:&quot;https:\\\/\\\/moncompte.actu.fr&quot;,&quot;category&quot;:&quot;mon compte&quot;,&quot;from&quot;:&quot;article footer&quot;,&quot;name&quot;:&quot;Mon actu&quot;,&quot;type&quot;:&quot;cta&quot;}}\" target=\"_blank\">Mon Actu<\/a>.<\/p>\n","protected":false},"excerpt":{"rendered":"Par Ivan CAPECCHI Publi\u00e9 le 26 juin 2025 \u00e0 17h01 Lundi 23 juin, une cigogne juv\u00e9nile en d\u00e9tresse&hellip;\n","protected":false},"author":2,"featured_media":206075,"comment_status":"","ping_status":"","sticky":false,"template":"","format":"standard","meta":{"footnotes":""},"categories":[2820],"tags":[1111,11,1867,34483,1777,674,1011,27,775,12,1311,25,104,640],"class_list":{"0":"post-206074","1":"post","2":"type-post","3":"status-publish","4":"format-standard","5":"has-post-thumbnail","7":"category-strasbourg","8":"tag-actu","9":"tag-actualites","10":"tag-animaux","11":"tag-cigognes","12":"tag-eu","13":"tag-europe","14":"tag-fr","15":"tag-france","16":"tag-grand-est","17":"tag-news","18":"tag-pompiers","19":"tag-republique-francaise","20":"tag-societe","21":"tag-strasbourg"},"share_on_mastodon":{"url":"https:\/\/pubeurope.com\/@fr\/114750314572617404","error":""},"_links":{"self":[{"href":"https:\/\/www.europesays.com\/fr\/wp-json\/wp\/v2\/posts\/206074","targetHints":{"allow":["GET"]}}],"collection":[{"href":"https:\/\/www.europesays.com\/fr\/wp-json\/wp\/v2\/posts"}],"about":[{"href":"https:\/\/www.europesays.com\/fr\/wp-json\/wp\/v2\/types\/post"}],"author":[{"embeddable":true,"href":"https:\/\/www.europesays.com\/fr\/wp-json\/wp\/v2\/users\/2"}],"replies":[{"embeddable":true,"href":"https:\/\/www.europesays.com\/fr\/wp-json\/wp\/v2\/comments?post=206074"}],"version-history":[{"count":0,"href":"https:\/\/www.europesays.com\/fr\/wp-json\/wp\/v2\/posts\/206074\/revisions"}],"wp:featuredmedia":[{"embeddable":true,"href":"https:\/\/www.europesays.com\/fr\/wp-json\/wp\/v2\/media\/206075"}],"wp:attachment":[{"href":"https:\/\/www.europesays.com\/fr\/wp-json\/wp\/v2\/media?parent=206074"}],"wp:term":[{"taxonomy":"category","embeddable":true,"href":"https:\/\/www.europesays.com\/fr\/wp-json\/wp\/v2\/categories?post=206074"},{"taxonomy":"post_tag","embeddable":true,"href":"https:\/\/www.europesays.com\/fr\/wp-json\/wp\/v2\/tags?post=206074"}],"curies":[{"name":"wp","href":"https:\/\/api.w.org\/{rel}","templated":true}]}}