{"id":206076,"date":"2025-06-26T15:13:16","date_gmt":"2025-06-26T15:13:16","guid":{"rendered":"https:\/\/www.europesays.com\/fr\/206076\/"},"modified":"2025-06-26T15:13:16","modified_gmt":"2025-06-26T15:13:16","slug":"on-sait-ce-que-fait-zieme-le-cheval-a-trois-jambes-sur-la-place-broglie","status":"publish","type":"post","link":"https:\/\/www.europesays.com\/fr\/206076\/","title":{"rendered":"on sait ce que fait Zieme, le cheval \u00e0 trois jambes, sur la place Broglie"},"content":{"rendered":"<p>L\u2019\u00e9quid\u00e9 \u00a0Zieme \u2013 ziemel signifie cheval en langue maltaise \u2013 <a href=\"https:\/\/www.dna.fr\/culture-loisirs\/2025\/06\/24\/d-ou-sort-ce-mysterieux-cheval-a-trois-pattes-sur-la-place-broglie\" target=\"_blank\" rel=\"nofollow noopener\">qui tr\u00f4ne depuis lundi sur la place Broglie<\/a>, \u00e0 Strasbourg, est bien l\u2019\u0153uvre du sculpteur Austin Camilleri.<\/p>\n<p>Un petit panonceau a \u00e9t\u00e9 ajout\u00e9 pour expliquer sa pr\u00e9sence. Zieme restera au pied de l\u2019Op\u00e9ra le temps de la pr\u00e9sidence maltaise du comit\u00e9 des ministres du Conseil de l\u2019Europe (dont il est une \u00e9manation de la programmation culturelle) &#8211; qui s\u2019ach\u00e8vera le 14\u00a0novembre.<\/p>\n<p>  Un symbole \u00ab de la faillibilit\u00e9 du pouvoir\u00a0\u00bb<\/p>\n<p>L\u2019\u0153uvre a \u00e9t\u00e9 install\u00e9e pour la premi\u00e8re fois devant le Parlement maltais au Festival international des arts de La Valette en 2014. La sculpture, explique l\u2019artiste, \u00ab\u00a0explore l\u2019imagerie politique et les notions de fugacit\u00e9. L\u2019absence de quatri\u00e8me pied dans la sculpture, associ\u00e9e \u00e0 son hommage \u00e0 la longue tradition europ\u00e9enne de la statue \u00e9questre, symbole sans doute le plus omnipr\u00e9sent du pouvoir et de l\u2019autorit\u00e9, en fait un symbole de la faillibilit\u00e9 du pouvoir et des exclusions qu\u2019il impose.\u00a0\u00bb<\/p>\n<p>Ce contenu est bloqu\u00e9 car vous n&rsquo;avez pas accept\u00e9 les cookies et autres traceurs.<\/p>\n<p>En cliquant sur \u00ab J\u2019accepte \u00bb, les cookies et autres traceurs seront d\u00e9pos\u00e9s et vous pourrez visualiser les contenus  (<a href=\"\" class=\"consentModule_policy\" target=\"_blank\" title=\"Consulter la politique de protection des donn\u00e9es du fournisseur\">plus d&rsquo;informations<\/a>).<\/p>\n<p>En cliquant sur \u00ab J\u2019accepte tous les cookies \u00bb, vous autorisez des d\u00e9p\u00f4ts de cookies et autres traceurs pour le stockage de vos donn\u00e9es sur nos sites et applications \u00e0 des fins de personnalisation et de ciblage publicitaire.<\/p>\n<p class=\"consentModule_secondaryText\">Vous gardez la possibilit\u00e9 de retirer votre consentement \u00e0 tout moment en consultant notre <a href=\"https:\/\/www.dna.fr\/protection-des-donnees\" target=\"_blank\" title=\"Consulter notre politique de protection des donn\u00e9es\" rel=\"nofollow noopener\">politique de protection des donn\u00e9es<\/a>. <br \/>&#13;<br \/>\n            <a href=\"https:\/\/www.dna.fr\/culture-loisirs\/2025\/06\/26\/javascript:Didomi.notice.show()\" class=\"consentModule_cmp\" rel=\"nofollow noopener\" target=\"_blank\">G\u00e9rer mes choix<\/a>&#13;\n        <\/p>\n<p>&#13;<br \/>\n                        J&rsquo;accepte&#13;<br \/>\n            J&rsquo;accepte tous les cookies&#13;\n        <\/p>\n<p>Mercredi matin, la Ville a particip\u00e9 \u00e0 la c\u00e9l\u00e9bration de la pr\u00e9sidence de Malte du Conseil de l\u2019Europe et en m\u00eame temps au 60e\u00a0 anniversaire de son adh\u00e9sion \u00e0 l\u2019institution. C\u2019est l\u2019adjointe Marina Lafay qui a fait \u00e9tat de cette c\u00e9r\u00e9monie (sur Facebook), en pr\u00e9sence du Premier ministre de Malte Robert Abela, de son vice-premier ministre Ian Borg, du Pr\u00e9sident de l\u2019assembl\u00e9e parlementaire du Conseil de l\u2019Europe Th\u00e9odore Roussopoulos, ainsi que de l\u2019ambassadrice repr\u00e9sentante de Malte, Francesca Camilleri.<\/p>\n","protected":false},"excerpt":{"rendered":"L\u2019\u00e9quid\u00e9 \u00a0Zieme \u2013 ziemel signifie cheval en langue maltaise \u2013 qui tr\u00f4ne depuis lundi sur la place Broglie,&hellip;\n","protected":false},"author":2,"featured_media":206077,"comment_status":"","ping_status":"","sticky":false,"template":"","format":"standard","meta":{"footnotes":""},"categories":[2820],"tags":[1111,11,1687,2880,1777,674,107,1011,27,775,1757,12,2661,316,25,640,2879],"class_list":{"0":"post-206076","1":"post","2":"type-post","3":"status-publish","4":"format-standard","5":"has-post-thumbnail","7":"category-strasbourg","8":"tag-actu","9":"tag-actualites","10":"tag-culture-loisirs","11":"tag-edition-strasbourg","12":"tag-eu","13":"tag-europe","14":"tag-fil-info","15":"tag-fr","16":"tag-france","17":"tag-grand-est","18":"tag-insolite","19":"tag-news","20":"tag-patrimoine-culturel","21":"tag-politique","22":"tag-republique-francaise","23":"tag-strasbourg","24":"tag-strasbourg-ville"},"share_on_mastodon":{"url":"https:\/\/pubeurope.com\/@fr\/114750318397877646","error":""},"_links":{"self":[{"href":"https:\/\/www.europesays.com\/fr\/wp-json\/wp\/v2\/posts\/206076","targetHints":{"allow":["GET"]}}],"collection":[{"href":"https:\/\/www.europesays.com\/fr\/wp-json\/wp\/v2\/posts"}],"about":[{"href":"https:\/\/www.europesays.com\/fr\/wp-json\/wp\/v2\/types\/post"}],"author":[{"embeddable":true,"href":"https:\/\/www.europesays.com\/fr\/wp-json\/wp\/v2\/users\/2"}],"replies":[{"embeddable":true,"href":"https:\/\/www.europesays.com\/fr\/wp-json\/wp\/v2\/comments?post=206076"}],"version-history":[{"count":0,"href":"https:\/\/www.europesays.com\/fr\/wp-json\/wp\/v2\/posts\/206076\/revisions"}],"wp:featuredmedia":[{"embeddable":true,"href":"https:\/\/www.europesays.com\/fr\/wp-json\/wp\/v2\/media\/206077"}],"wp:attachment":[{"href":"https:\/\/www.europesays.com\/fr\/wp-json\/wp\/v2\/media?parent=206076"}],"wp:term":[{"taxonomy":"category","embeddable":true,"href":"https:\/\/www.europesays.com\/fr\/wp-json\/wp\/v2\/categories?post=206076"},{"taxonomy":"post_tag","embeddable":true,"href":"https:\/\/www.europesays.com\/fr\/wp-json\/wp\/v2\/tags?post=206076"}],"curies":[{"name":"wp","href":"https:\/\/api.w.org\/{rel}","templated":true}]}}