{"id":20608,"date":"2025-04-12T21:15:16","date_gmt":"2025-04-12T21:15:16","guid":{"rendered":"https:\/\/www.europesays.com\/fr\/20608\/"},"modified":"2025-04-12T21:15:16","modified_gmt":"2025-04-12T21:15:16","slug":"voici-comment-ce-service-de-menage-a-domicile-concurrence-wecasa","status":"publish","type":"post","link":"https:\/\/www.europesays.com\/fr\/20608\/","title":{"rendered":"voici comment ce service de m\u00e9nage \u00e0 domicile concurrence Wecasa"},"content":{"rendered":"<p>            Par<br \/>\n        <strong><br \/>\n            <a href=\"https:\/\/actu.fr\/auteur\/hervine-mahaud\" title=\"Consulter tous les articles de Hervine Mahaud\" rel=\"nofollow noopener\" target=\"_blank\">Hervine Mahaud<\/a><br \/>\n        <\/strong><\/p>\n<p>        Publi\u00e9 le<\/p>\n<p>            12 avr. 2025 \u00e0 8h04        <\/p>\n<p>Plus de consid\u00e9ration et une meilleure r\u00e9mun\u00e9ration. Voici comment <b>Club Tidy<\/b> permet de casser les codes du secteur du <b>service \u00e0 la personne<\/b>, tout en faisant concurrence au mastodonte <b>Wecasa<\/b>. Bas\u00e9e \u00e0 <b>Euratechnologies<\/b> \u00e0 <b>Lille<\/b>, cette start-up accompagne des ind\u00e9pendants, sp\u00e9cialis\u00e9s dans le <b>m\u00e9nage<\/b> et le <b>repassage \u00e0 domicile<\/b>, en leur simplifiant la partie administrative. Du c\u00f4t\u00e9 des clients, c\u2019est l\u2019assurance d\u2019avoir chez soi un <b>intervenant qualifi\u00e9 et pay\u00e9 \u00e0 sa juste valeur<\/b>. L\u2019application, lanc\u00e9e fin 2024, permet en quelques clics de r\u00e9server des heures de m\u00e9nage pour profiter d\u2019une maison propre et bien rang\u00e9e, le tout \u00e0 un <b>prix abordable<\/b>.<\/p>\n<p>R\u00e9volutionner le service \u00e0 la personne<\/p>\n<p class=\" wall-content\">\u00ab\u00a0R\u00e9volutionner le service \u00e0 la personne en red\u00e9finissant les r\u00e8gles du jeu.\u00a0\u00bb La vision d\u2019\u00c9milie Da Cruz et Gr\u00e9gory Bouillon, fondateurs de Club Tidy, ne manque pas d\u2019audace. Apr\u00e8s avoir pass\u00e9 plus de 15 ans \u00e0 g\u00e9rer des agences de service \u00e0 la personne plut\u00f4t classiques, ils ont eu envie de renouveau. \u00ab\u00a0On a eu jusqu\u2019\u00e0 750 salari\u00e9s. Et m\u00eame si \u00e7a fonctionnait bien, on voyait les limites du mod\u00e8le notamment sur le recrutement et la valorisation du m\u00e9tier\u00a0\u00bb, confie \u00c9milie.<\/p>\n<p class=\" wall-content\">Malgr\u00e9 un management humain, le duo ne peut que constater que ses p\u00e9pites pr\u00e9f\u00e8rent se lancer en tant qu\u2019ind\u00e9pendant. \u00ab\u00a0Nos meilleures intervenantes partaient avec les particuliers-employeurs qui payent avec le Ch\u00e8que emploi service universel (Cesu). Mais certaines revenaient car c\u2019\u00e9tait beaucoup de tracas.\u00a0\u00bb<\/p>\n<p class=\" wall-content\"><a href=\"https:\/\/www.instagram.com\/p\/DFuocwgBqM8\/embed\" title=\"Ouvrir le lien sur Instagram\" rel=\"nofollow noopener\" target=\"_blank\">Visualiser le contenu sur Instagram<\/a><\/p>\n<p>Des professionnels investis et bien r\u00e9mun\u00e9r\u00e9s<\/p>\n<p class=\" wall-content\">En 2021, ils ont l\u2019id\u00e9e de cr\u00e9er une plateforme mettant en relation des clients \u00e0 des professionnels du m\u00e9nage ind\u00e9pendants. Un syst\u00e8me qui ressemble \u00e0 celui mis en place par Wecasa, sp\u00e9cialiste des services \u00e0 domicile. Mais l\u00e0 o\u00f9 le g\u00e9ant impose un tarif \u00e0 18\u20ac de l\u2019heure, Club Tidy permet \u00e0 ses intervenants de fixer leurs prix. \u00ab\u00a0Pour nos professionnels, c\u2019est la possibilit\u00e9 de valoriser leurs comp\u00e9tences gr\u00e2ce \u00e0 une r\u00e9mun\u00e9ration qu\u2019ils vont pouvoir choisir.\u00a0\u00bb<\/p>\n<blockquote class=\"ac-article-quote wall-content\">\n<p>Quand on a quelqu\u2019un qui fait en 3 heures ce que d\u2019autres font en 5 heures, qui fait des gros m\u00e9nages de printemps, du repassage\u2026 c\u2019est normal que son tarif soit valoris\u00e9.\u00a0<\/p>\n<p>\u00c9milie Da Cruz, co-fondatrice de Club Tidy<\/p><\/blockquote>\n<p>Vid\u00e9os : en ce moment sur Actu<\/p>\n<p class=\" wall-content\">Cette r\u00e9mun\u00e9ration plus juste permet ainsi aux clients d\u2019avoir chez eux des professionnels \u00ab\u00a0fiables, investis et beaucoup plus impliqu\u00e9s. Dans les agences classiques, le taux d\u2019absent\u00e9isme est \u00e9norme. On n\u2019a pas ce probl\u00e8me l\u00e0. On arrive \u00e0 avoir les meilleurs, ceux qui ont vraiment envie de bosser, car ils peuvent bien gagner leur vie\u00a0\u00bb, souligne la co-fondatrice de Club Tidy.<\/p>\n<p class=\" wall-content\"><a href=\"https:\/\/www.instagram.com\/p\/DH78t-ThR0T\/embed\" title=\"Ouvrir le lien sur Instagram\" rel=\"nofollow noopener\" target=\"_blank\">Visualiser le contenu sur Instagram<\/a><\/p>\n<p class=\" wall-content\">\u00c0 la fin du mois, un intervenant peut ainsi esp\u00e9rer toucher 2500 euros bruts, avec un planning correct. \u00ab\u00a0Se dire que les gens qui travaillent \u00e0 domicile arrivent \u00e0 bien gagner leur vie, \u00e7a fait du bien, c\u2019est une d\u00e9marche plus responsable.\u00a0\u00bb<\/p>\n<p>All\u00e9ger la charge administrative<\/p>\n<p class=\" wall-content\">Club Tidy a aussi l\u2019avantage de simplifier toutes les d\u00e9marches pour ces professionnels, parfois apeur\u00e9s par les contraintes administratives. \u00ab\u00a0\u00c7a peut \u00eatre un frein mais nous on vient les d\u00e9charger de tout cela. On leur cr\u00e9\u00e9 leur micro-entreprise, on les accompagne sur la partie gestion et d\u00e9claration \u00e0 l\u2019Urssaf. Et \u00e0 c\u00f4t\u00e9, on a la plateforme qui les met en relation avec les clients\u00a0\u00bb, d\u00e9taille \u00c9milie Da Cruz.<\/p>\n<blockquote class=\"ac-article-quote wall-content\">\n<p>Club Tidy simplifie la relation entre les clients et les intervenants, c\u2019est gagnant-gagnant pour les deux parties.<\/p>\n<p>\u00c9milie Da Cruz, co-fondatrice de Club Tidy<\/p><\/blockquote>\n<p class=\" wall-content\">Un mod\u00e8le qui a d\u00e9j\u00e0 conquis d\u2019autres villes comme Paris, Lyon ou encore Marseille.<\/p>\n<p>60 % moins cher qu\u2019une agence classique<\/p>\n<p class=\" wall-content\">Pour faire appel aux services des \u00ab\u00a0Tidies\u00a0\u00bb (surnom donn\u00e9 aux professionnels pr\u00e9sents sur la plateforme), il suffit de se rendre <a href=\"https:\/\/clubtidy.fr\/\" rel=\"nofollow noopener\" target=\"_blank\">sur le site<\/a> ou l\u2019application Club Tidy, lanc\u00e9e en novembre 2024. \u00ab\u00a0On rentre sa ville, ses besoins et l\u2019algorithme fait ressortir les intervenants qui correspondent\u00a0\u00bb, pr\u00e9cise la co-fondatrice.<\/p>\n<p class=\" wall-content\">Cependant, les tarifs peuvent diff\u00e9rer d\u2019un intervenant \u00e0 l\u2019autre : de 22 \u00e0 30 euros de l\u2019heure, avant la d\u00e9duction fiscale. Depuis 2022, l\u2019avance imm\u00e9diate de cr\u00e9dit d\u2019imp\u00f4t permet d\u2019all\u00e9ger la facture de \u2013 50 %. \u00ab\u00a0Avant, c\u2019\u00e9tait rembours\u00e9 avec un an de d\u00e9calage.\u00a0\u00bb<\/p>\n<p class=\" wall-content\">De quoi proposer des tarifs int\u00e9ressants. \u00ab\u00a0En moyenne, nos clients prennent 3 heures par semaine, soit environ 70 euros. Une fois la d\u00e9duction faite, cela revient \u00e0 140 euros par mois. C\u2019est le prix de la tranquillit\u00e9 mais cela reste accessible.\u00a0\u00bb<\/p>\n<p class=\" wall-content\">\u00c9milie souligne d\u2019ailleurs qu\u2019utiliser sa plateforme revient bien moins cher que de passer par une agence. \u00ab\u00a0On \u00e9conomise environ 40 % par rapport \u00e0 une prestation en agence o\u00f9 c\u2019est plut\u00f4t aux alentours des 200 euros. Et nos intervenants gagnent en moyenne 60% de plus.\u00a0\u00bb<\/p>\n<p class=\" wall-content\">Profiter d\u2019un service de m\u00e9nage \u00e0 la fois \u00e9thique, abordable et qualitatif est d\u00e9sormais possible !<\/p>\n<p class=\" wall-content\">Suivez toute l\u2019actualit\u00e9 de vos villes et m\u00e9dias favoris en vous inscrivant \u00e0 <a href=\"https:\/\/moncompte.actu.fr\" title=\"D\u00e9couvez Mon Actu\" rel=\"nofollow noopener\" data-trk=\"{&quot;cta&quot;:{&quot;action&quot;:&quot;https:\\\/\\\/moncompte.actu.fr&quot;,&quot;category&quot;:&quot;mon compte&quot;,&quot;from&quot;:&quot;article footer&quot;,&quot;name&quot;:&quot;Mon actu&quot;,&quot;type&quot;:&quot;cta&quot;}}\" target=\"_blank\">Mon Actu<\/a>.<\/p>\n<p>                    <script async src=\"\/\/www.instagram.com\/embed.js\"><\/script><\/p>\n","protected":false},"excerpt":{"rendered":"Par Hervine Mahaud Publi\u00e9 le 12 avr. 2025 \u00e0 8h04 Plus de consid\u00e9ration et une meilleure r\u00e9mun\u00e9ration. Voici&hellip;\n","protected":false},"author":2,"featured_media":20609,"comment_status":"","ping_status":"","sticky":false,"template":"","format":"standard","meta":{"footnotes":""},"categories":[2815],"tags":[1111,11,33,341,1777,674,1011,27,811,1307,12,25,675],"class_list":{"0":"post-20608","1":"post","2":"type-post","3":"status-publish","4":"format-standard","5":"has-post-thumbnail","7":"category-lille","8":"tag-actu","9":"tag-actualites","10":"tag-economie","11":"tag-emploi","12":"tag-eu","13":"tag-europe","14":"tag-fr","15":"tag-france","16":"tag-hauts-de-france","17":"tag-lille","18":"tag-news","19":"tag-republique-francaise","20":"tag-start-up"},"share_on_mastodon":{"url":"https:\/\/pubeurope.com\/@fr\/114327068595513624","error":""},"_links":{"self":[{"href":"https:\/\/www.europesays.com\/fr\/wp-json\/wp\/v2\/posts\/20608","targetHints":{"allow":["GET"]}}],"collection":[{"href":"https:\/\/www.europesays.com\/fr\/wp-json\/wp\/v2\/posts"}],"about":[{"href":"https:\/\/www.europesays.com\/fr\/wp-json\/wp\/v2\/types\/post"}],"author":[{"embeddable":true,"href":"https:\/\/www.europesays.com\/fr\/wp-json\/wp\/v2\/users\/2"}],"replies":[{"embeddable":true,"href":"https:\/\/www.europesays.com\/fr\/wp-json\/wp\/v2\/comments?post=20608"}],"version-history":[{"count":0,"href":"https:\/\/www.europesays.com\/fr\/wp-json\/wp\/v2\/posts\/20608\/revisions"}],"wp:featuredmedia":[{"embeddable":true,"href":"https:\/\/www.europesays.com\/fr\/wp-json\/wp\/v2\/media\/20609"}],"wp:attachment":[{"href":"https:\/\/www.europesays.com\/fr\/wp-json\/wp\/v2\/media?parent=20608"}],"wp:term":[{"taxonomy":"category","embeddable":true,"href":"https:\/\/www.europesays.com\/fr\/wp-json\/wp\/v2\/categories?post=20608"},{"taxonomy":"post_tag","embeddable":true,"href":"https:\/\/www.europesays.com\/fr\/wp-json\/wp\/v2\/tags?post=20608"}],"curies":[{"name":"wp","href":"https:\/\/api.w.org\/{rel}","templated":true}]}}