{"id":206080,"date":"2025-06-26T15:15:11","date_gmt":"2025-06-26T15:15:11","guid":{"rendered":"https:\/\/www.europesays.com\/fr\/206080\/"},"modified":"2025-06-26T15:15:11","modified_gmt":"2025-06-26T15:15:11","slug":"sommee-par-la-justice-la-mairie-retire-les-drapeaux-israeliens-de-son-fronton","status":"publish","type":"post","link":"https:\/\/www.europesays.com\/fr\/206080\/","title":{"rendered":"somm\u00e9e par la justice, la mairie retire les drapeaux isra\u00e9liens de son fronton"},"content":{"rendered":"<p class=\"article-p mdl\">Apr\u00e8s en avoir re\u00e7u l&rsquo;ordre de la justice administrative, la mairie de Nice a retir\u00e9 jeudi 26 juin les drapeaux isra\u00e9liens qui \u00e9taient accroch\u00e9s sur sa fa\u00e7ade depuis 2023. Ils flottaient sur la mairie depuis les attaques meurtri\u00e8res du Hamas du 7 octobre 2023 en Isra\u00ebl.\u00a0<\/p>\n<p class=\"article-p mdl\">Avec l&rsquo;intensification de la riposte isra\u00e9lienne \u00e0 Gaza, <strong>les drapeaux \u00e9taient devenus un point de crispation pour des militants pro-palestinien<\/strong>s ni\u00e7ois qui ont manifest\u00e9 pour demander leur retrait et avaient entam\u00e9 une action en justice. Dans sa d\u00e9cision rendue jeudi 26 juin, le tribunal administratif de Nice a rappel\u00e9 que le maire\u00a0<a class=\"link\" href=\"https:\/\/www.rtl.fr\/actu\/politique\/marine-le-pen-condamnee-inquiet-christian-estrosi-compare-sur-rtl-le-rassemblement-du-rn-a-l-assaut-du-capitole-7900493299\" target=\"_blank\" rel=\"nofollow noopener\">Christian Estrosi<\/a>\u00a0(Horizons) affirmait vouloir cantonner ce geste \u00ab\u00a0\u00e0 un <strong>symbole de soutien aux otages isra\u00e9liens d\u00e9tenus par le Hamas<\/strong>, organisation terroriste (pour l&rsquo;UE, ndlr)\u00a0\u00bb.<\/p>\n<p class=\"article-p mdl\">Dans un communiqu\u00e9,<strong> la juridiction a rappel\u00e9 \u00ab\u00a0le principe de neutralit\u00e9 du service public\u00a0\u00bb<\/strong> et a indiqu\u00e9 que ce pavoisement \u00ab\u00a0eu \u00e9gard \u00e0 sa persistance dans le temps, \u00e0 l&rsquo;ampleur prise par\u00a0<a class=\"link\" href=\"https:\/\/www.rtl.fr\/actu\/international\/en-direct-conflit-israel-iran-donald-trump-assure-avoir-obtenu-un-cessez-le-feu-total-teheran-dement-7900518640\" target=\"_blank\" rel=\"nofollow noopener\">le conflit au Moyen-Orient<\/a>\u00a0et aux tensions mondiales existantes\u00a0\u00bb ne pouvait \u00eatre regard\u00e9 comme un unique symbole de soutien aux otages.<\/p>\n<p>            Une affiche avec les visages des otages isra\u00e9liens d\u00e9voil\u00e9e<\/p>\n<p class=\"article-p mdl\">Selon la juridiction, ces drapeaux doivent \u00eatre regard\u00e9s \u00ab\u00a0comme un soutien \u00e0 l&rsquo;Etat isra\u00e9lien et donc comme la revendication d&rsquo;une opinion politique\u00a0\u00bb. Aussi, \u00ab\u00a0le juge des r\u00e9f\u00e9r\u00e9s a estim\u00e9 qu&rsquo;il y avait<strong> urgence \u00e0 suspendre le refus du maire de retirer ces drapeaux\u00a0\u00bb.<\/strong> M\u00eame si cette d\u00e9cision lui \u00ab\u00a0para\u00eet injuste\u00a0\u00bb,\u00a0<a class=\"link\" href=\"https:\/\/www.rtl.fr\/actu\/justice-faits-divers\/invite-rtl-incendie-a-nice-estrosi-veut-faire-de-la-lutte-contre-le-narcotrafic-une-grande-cause-nationale-7900404160\" target=\"_blank\" rel=\"nofollow noopener\">Christian Estrosi<\/a>\u00a0a d\u00e9clar\u00e9 : \u00ab\u00a0Je suis un r\u00e9publicain, je respecte les d\u00e9cisions et la loi de mon pays et j&rsquo;ai donc d\u00e9cid\u00e9 d&rsquo;enlever les drapeaux\u00a0\u00bb. I<strong>l les a retir\u00e9s lui-m\u00eame du fronton de sa mairie.\u00a0<\/strong><\/p>\n<p class=\"article-p mdl\">Il a ensuite d\u00e9voil\u00e9 <strong>une affiche avec les visages des otages isra\u00e9liens encore retenus par le Hamas<\/strong> et des\u00a0<a class=\"link\" href=\"https:\/\/www.rtl.fr\/actu\/international\/otages-francais-en-iran-la-situation-est-d-une-urgence-capitale-alerte-la-soeur-de-cecile-kohler-sur-rtl-7900518230\" target=\"_blank\" rel=\"nofollow noopener\">deux Fran\u00e7ais retenus en Iran<\/a>. Celle-ci jouxte une autre affiche r\u00e9clamant la \u00ab\u00a0libert\u00e9 pour Boualem Sansal\u00a0\u00bb. Le tribunal administratif devra, dans un second temps, se prononcer sur le fond du dossier. Il a seulement statu\u00e9 en r\u00e9f\u00e9r\u00e9, c&rsquo;est-\u00e0-dire en urgence.\u00a0<\/p>\n<p class=\"article-p mdl\">Dans le reste de la France, <strong>trois communes ont \u00e9t\u00e9 contraintes, ces derniers mois, \u00e0 retirer des drapeaux palestiniens<\/strong> de leur fronton, \u00e0 la suite de recours pr\u00e9fectoraux valid\u00e9s par la justice administrative.<\/p>\n<p>    La r\u00e9daction vous recommande<\/p>\n<p class=\"s-newsletter__title\">\n                L\u2019actualit\u00e9 par la r\u00e9daction de RTL dans votre bo\u00eete mail.\n            <\/p>\n<p class=\"s-newsletter__subtitle\">\n                Gr\u00e2ce \u00e0 votre compte RTL abonnez-vous \u00e0 la newsletter RTL info pour suivre toute l&rsquo;actualit\u00e9 au quotidien\n            <\/p>\n<p>\n                                    Lire la suite\n                                <\/p>\n","protected":false},"excerpt":{"rendered":"Apr\u00e8s en avoir re\u00e7u l&rsquo;ordre de la justice administrative, la mairie de Nice a retir\u00e9 jeudi 26 juin&hellip;\n","protected":false},"author":2,"featured_media":206081,"comment_status":"","ping_status":"","sticky":false,"template":"","format":"standard","meta":{"footnotes":""},"categories":[2819],"tags":[1111,11,2397,3259,1777,674,107,1011,27,664,12,2401,882,25],"class_list":{"0":"post-206080","1":"post","2":"type-post","3":"status-publish","4":"format-standard","5":"has-post-thumbnail","7":"category-nice","8":"tag-actu","9":"tag-actualites","10":"tag-christian-estrosi","11":"tag-conflit-israelo-palestinien","12":"tag-eu","13":"tag-europe","14":"tag-fil-info","15":"tag-fr","16":"tag-france","17":"tag-israel","18":"tag-news","19":"tag-nice","20":"tag-provence-alpes-cote-dazur","21":"tag-republique-francaise"},"share_on_mastodon":{"url":"https:\/\/pubeurope.com\/@fr\/114750326244037501","error":""},"_links":{"self":[{"href":"https:\/\/www.europesays.com\/fr\/wp-json\/wp\/v2\/posts\/206080","targetHints":{"allow":["GET"]}}],"collection":[{"href":"https:\/\/www.europesays.com\/fr\/wp-json\/wp\/v2\/posts"}],"about":[{"href":"https:\/\/www.europesays.com\/fr\/wp-json\/wp\/v2\/types\/post"}],"author":[{"embeddable":true,"href":"https:\/\/www.europesays.com\/fr\/wp-json\/wp\/v2\/users\/2"}],"replies":[{"embeddable":true,"href":"https:\/\/www.europesays.com\/fr\/wp-json\/wp\/v2\/comments?post=206080"}],"version-history":[{"count":0,"href":"https:\/\/www.europesays.com\/fr\/wp-json\/wp\/v2\/posts\/206080\/revisions"}],"wp:featuredmedia":[{"embeddable":true,"href":"https:\/\/www.europesays.com\/fr\/wp-json\/wp\/v2\/media\/206081"}],"wp:attachment":[{"href":"https:\/\/www.europesays.com\/fr\/wp-json\/wp\/v2\/media?parent=206080"}],"wp:term":[{"taxonomy":"category","embeddable":true,"href":"https:\/\/www.europesays.com\/fr\/wp-json\/wp\/v2\/categories?post=206080"},{"taxonomy":"post_tag","embeddable":true,"href":"https:\/\/www.europesays.com\/fr\/wp-json\/wp\/v2\/tags?post=206080"}],"curies":[{"name":"wp","href":"https:\/\/api.w.org\/{rel}","templated":true}]}}