{"id":206098,"date":"2025-06-26T15:24:11","date_gmt":"2025-06-26T15:24:11","guid":{"rendered":"https:\/\/www.europesays.com\/fr\/206098\/"},"modified":"2025-06-26T15:24:11","modified_gmt":"2025-06-26T15:24:11","slug":"les-scelles-disparus-ont-ete-retrouves","status":"publish","type":"post","link":"https:\/\/www.europesays.com\/fr\/206098\/","title":{"rendered":"les scell\u00e9s disparus ont \u00e9t\u00e9 retrouv\u00e9s"},"content":{"rendered":"<p>Les scell\u00e9s qui <a href=\"https:\/\/www.ledauphine.com\/faits-divers-justice\/2025\/06\/24\/jeune-homme-tue-par-la-police-en-2021-la-justice-a-perdu-des-scelles-darmanin-ordonne-une-inspection\" target=\"_blank\" rel=\"nofollow noopener\">avaient disparu dans l&rsquo;affaire du jeune Souheil<\/a>, tu\u00e9 par un policier \u00e0 Marseille en 2021, ont \u00e9t\u00e9 retrouv\u00e9s, a annonc\u00e9 ce jeudi le tribunal judiciaire de Marseille. \u00ab Les scell\u00e9s ont \u00e9t\u00e9 retrouv\u00e9s dans le bureau du juge d&rsquo;instruction initialement saisi \u00bb de l&rsquo;affaire, a-t-il indiqu\u00e9.<\/p>\n<p>La famille s&rsquo;est dite \u00ab particuli\u00e8rement inqui\u00e8te du d\u00e9roulement de l&rsquo;instruction dans la mesure o\u00f9 c&rsquo;est ce m\u00eame juge [Patrick De Firmas, NDLR], qui avait fait la demande de recherche de scell\u00e9s \u00bb. Dans son communiqu\u00e9, transmis par Issam El Khalfaoui, le p\u00e8re de Souheil, la famille rel\u00e8ve que \u00ab des recherches avaient d\u00e9j\u00e0 \u00e9t\u00e9 faites dans ce m\u00eame bureau \u00bb. Elle se dit n\u00e9anmoins \u00ab soulag\u00e9e que la mobilisation politique ait permis de retrouver ces scell\u00e9s \u00bb.<\/p>\n<p>Vid\u00e9o de cam\u00e9ra de surveillance, la balle mortelle&#8230;<\/p>\n<p>La nouvelle juge en charge de l&rsquo;affaire avait annonc\u00e9 le 4 juin dans un courrier adress\u00e9 \u00e0 la famille et \u00e0 son conseil que neuf pi\u00e8ces capitales du dossier avaient \u00e9t\u00e9 perdues, \u00ab apr\u00e8s plusieurs mois de recherches \u00bb. Apr\u00e8s leur sortie du service de stockage d\u00e9but 2022, \u00ab ils n&rsquo;ont en effet jamais \u00e9t\u00e9 restitu\u00e9s au greffe des scell\u00e9s \u00bb. Or, parmi eux figurent des pi\u00e8ces \u00e0 conviction capitales, comme une vid\u00e9o de cam\u00e9ra de surveillance d&rsquo;une agence bancaire de la Caisse d&rsquo;Epargne toute proche, l&rsquo;enregistrement de l&rsquo;audition film\u00e9e du policier mis en cause et la balle qui a tu\u00e9 Souheil.<\/p>\n<p>Apr\u00e8s l&rsquo;annonce de cette perte, la famille a port\u00e9 plainte contre l&rsquo;ancienne procureure de Marseille Dominique Laurens, qu&rsquo;elle accuse d&rsquo;avoir \u00ab volontairement d\u00e9tourn\u00e9 les neuf scell\u00e9s \u00bb. La famille de Souheil avait \u00e9galement organis\u00e9 une conf\u00e9rence de presse, mardi \u00e0 l&rsquo;Assembl\u00e9e nationale en pr\u00e9sence d&rsquo;\u00e9lus et de d\u00e9put\u00e9s de gauche.<\/p>\n<p>Une inspection potentiellement ordonn\u00e9e par Darmanin<\/p>\n<p>Dans le m\u00eame temps, le ministre de la Justice <a href=\"https:\/\/www.ledauphine.com\/p\/gerald-darmanin\" target=\"_blank\" rel=\"nofollow noopener\">G\u00e9rald Darmanin<\/a> avait annonc\u00e9 pendant les questions au gouvernement, \u00e0 l&rsquo;Assembl\u00e9e nationale, <a href=\"https:\/\/www.ledauphine.com\/faits-divers-justice\/2025\/06\/24\/jeune-homme-tue-par-la-police-en-2021-la-justice-a-perdu-des-scelles-darmanin-ordonne-une-inspection\" target=\"_blank\" rel=\"nofollow noopener\">saisir l&rsquo;Inspection g\u00e9n\u00e9rale de la justice<\/a> si ces pi\u00e8ces n&rsquo;\u00e9taient pas retrouv\u00e9es \u00ab d&rsquo;ici mercredi \u00bb soir.<\/p>\n<p>Souheil avait \u00e9t\u00e9 tu\u00e9 dans le quartier de la Belle de Mai aux alentours de 19 h 30, le 4 ao\u00fbt 2021, lors d&rsquo;un contr\u00f4le auquel il aurait tent\u00e9 de se soustraire en faisant marche arri\u00e8re. Le p\u00e8re de Souheil milite aujourd&rsquo;hui pour une reconstitution de la sc\u00e8ne de crime.<\/p>\n","protected":false},"excerpt":{"rendered":"Les scell\u00e9s qui avaient disparu dans l&rsquo;affaire du jeune Souheil, tu\u00e9 par un policier \u00e0 Marseille en 2021,&hellip;\n","protected":false},"author":2,"featured_media":206099,"comment_status":"","ping_status":"","sticky":false,"template":"","format":"standard","meta":{"footnotes":""},"categories":[2814],"tags":[1111,11,271,272,1777,674,274,107,1011,27,329,884,12,882,25],"class_list":{"0":"post-206098","1":"post","2":"type-post","3":"status-publish","4":"format-standard","5":"has-post-thumbnail","7":"category-marseille","8":"tag-actu","9":"tag-actualites","10":"tag-crime","11":"tag-delit-et-contravention","12":"tag-eu","13":"tag-europe","14":"tag-faits-divers-justice","15":"tag-fil-info","16":"tag-fr","17":"tag-france","18":"tag-france-monde","19":"tag-marseille","20":"tag-news","21":"tag-provence-alpes-cote-dazur","22":"tag-republique-francaise"},"share_on_mastodon":{"url":"https:\/\/pubeurope.com\/@fr\/114750361734212241","error":""},"_links":{"self":[{"href":"https:\/\/www.europesays.com\/fr\/wp-json\/wp\/v2\/posts\/206098","targetHints":{"allow":["GET"]}}],"collection":[{"href":"https:\/\/www.europesays.com\/fr\/wp-json\/wp\/v2\/posts"}],"about":[{"href":"https:\/\/www.europesays.com\/fr\/wp-json\/wp\/v2\/types\/post"}],"author":[{"embeddable":true,"href":"https:\/\/www.europesays.com\/fr\/wp-json\/wp\/v2\/users\/2"}],"replies":[{"embeddable":true,"href":"https:\/\/www.europesays.com\/fr\/wp-json\/wp\/v2\/comments?post=206098"}],"version-history":[{"count":0,"href":"https:\/\/www.europesays.com\/fr\/wp-json\/wp\/v2\/posts\/206098\/revisions"}],"wp:featuredmedia":[{"embeddable":true,"href":"https:\/\/www.europesays.com\/fr\/wp-json\/wp\/v2\/media\/206099"}],"wp:attachment":[{"href":"https:\/\/www.europesays.com\/fr\/wp-json\/wp\/v2\/media?parent=206098"}],"wp:term":[{"taxonomy":"category","embeddable":true,"href":"https:\/\/www.europesays.com\/fr\/wp-json\/wp\/v2\/categories?post=206098"},{"taxonomy":"post_tag","embeddable":true,"href":"https:\/\/www.europesays.com\/fr\/wp-json\/wp\/v2\/tags?post=206098"}],"curies":[{"name":"wp","href":"https:\/\/api.w.org\/{rel}","templated":true}]}}