{"id":20610,"date":"2025-04-12T21:16:21","date_gmt":"2025-04-12T21:16:21","guid":{"rendered":"https:\/\/www.europesays.com\/fr\/20610\/"},"modified":"2025-04-12T21:16:21","modified_gmt":"2025-04-12T21:16:21","slug":"neuf-brisach-de-lille-au-jardin-imaginaire-de-vauban","status":"publish","type":"post","link":"https:\/\/www.europesays.com\/fr\/20610\/","title":{"rendered":"Neuf-Brisach. De Lille au Jardin imaginaire de Vauban"},"content":{"rendered":"<p>Ils \u00e9taient six au d\u00e9part, venus de Lille et de ses environs, mais en cet ensoleill\u00e9 mais frisquet jeudi matin 10\u00a0avril il ne restait que quatre scouts lillois \u00e0 \u0153uvrer dans le Jardin imaginaire de Vauban et Jeanne d\u2019Orsay, nich\u00e9 \u00e0 proximit\u00e9 de la porte de B\u00e2le \u00e0 Neuf-Brisach. Alors que leurs camarades, Robin et \u00c9lie, \u00e9taient d\u00e9j\u00e0 repartis chez eux, Lucie, Adrien, H\u00e9lo\u00efse et Adrien (17, 18 ans) ont fabriqu\u00e9 des mats pour la culture du houblon, avec des&#8230;<\/p>\n","protected":false},"excerpt":{"rendered":"Ils \u00e9taient six au d\u00e9part, venus de Lille et de ses environs, mais en cet ensoleill\u00e9 mais frisquet&hellip;\n","protected":false},"author":2,"featured_media":20611,"comment_status":"","ping_status":"","sticky":false,"template":"","format":"standard","meta":{"footnotes":""},"categories":[2815],"tags":[1111,11,1687,2413,436,1777,674,1011,27,811,1307,7836,12,2661,25,7837,104,1631],"class_list":{"0":"post-20610","1":"post","2":"type-post","3":"status-publish","4":"format-standard","5":"has-post-thumbnail","7":"category-lille","8":"tag-actu","9":"tag-actualites","10":"tag-culture-loisirs","11":"tag-edition-colmar-guebwiller","12":"tag-environnement","13":"tag-eu","14":"tag-europe","15":"tag-fr","16":"tag-france","17":"tag-hauts-de-france","18":"tag-lille","19":"tag-neuf-brisach","20":"tag-news","21":"tag-patrimoine-culturel","22":"tag-republique-francaise","23":"tag-secteur-de-neuf-brisach","24":"tag-societe","25":"tag-vie-associative"},"share_on_mastodon":{"url":"https:\/\/pubeurope.com\/@fr\/114327072549532939","error":""},"_links":{"self":[{"href":"https:\/\/www.europesays.com\/fr\/wp-json\/wp\/v2\/posts\/20610","targetHints":{"allow":["GET"]}}],"collection":[{"href":"https:\/\/www.europesays.com\/fr\/wp-json\/wp\/v2\/posts"}],"about":[{"href":"https:\/\/www.europesays.com\/fr\/wp-json\/wp\/v2\/types\/post"}],"author":[{"embeddable":true,"href":"https:\/\/www.europesays.com\/fr\/wp-json\/wp\/v2\/users\/2"}],"replies":[{"embeddable":true,"href":"https:\/\/www.europesays.com\/fr\/wp-json\/wp\/v2\/comments?post=20610"}],"version-history":[{"count":0,"href":"https:\/\/www.europesays.com\/fr\/wp-json\/wp\/v2\/posts\/20610\/revisions"}],"wp:featuredmedia":[{"embeddable":true,"href":"https:\/\/www.europesays.com\/fr\/wp-json\/wp\/v2\/media\/20611"}],"wp:attachment":[{"href":"https:\/\/www.europesays.com\/fr\/wp-json\/wp\/v2\/media?parent=20610"}],"wp:term":[{"taxonomy":"category","embeddable":true,"href":"https:\/\/www.europesays.com\/fr\/wp-json\/wp\/v2\/categories?post=20610"},{"taxonomy":"post_tag","embeddable":true,"href":"https:\/\/www.europesays.com\/fr\/wp-json\/wp\/v2\/tags?post=20610"}],"curies":[{"name":"wp","href":"https:\/\/api.w.org\/{rel}","templated":true}]}}