{"id":206100,"date":"2025-06-26T15:25:11","date_gmt":"2025-06-26T15:25:11","guid":{"rendered":"https:\/\/www.europesays.com\/fr\/206100\/"},"modified":"2025-06-26T15:25:11","modified_gmt":"2025-06-26T15:25:11","slug":"les-scelles-retrouves-dans-laffaire-de-la-mort-dun-jeune-homme-qui-fuyait-la-police","status":"publish","type":"post","link":"https:\/\/www.europesays.com\/fr\/206100\/","title":{"rendered":"les scell\u00e9s retrouv\u00e9s dans l\u2019affaire de la mort d\u2019un jeune homme qui fuyait la police"},"content":{"rendered":"<p>La famille de Souheil, mort en fuyant un contr\u00f4le de police dans la cit\u00e9 phoc\u00e9enne en 2021, s\u2019est d\u00e9clar\u00e9e ce jeudi \u00absoulag\u00e9e que la mobilisation politique ait permis de retrouver ces scell\u00e9s\u00bb.<\/p>\n<p class=\"fig-paragraph\">Les scell\u00e9s de l&rsquo;affaire du jeune Souheil, tu\u00e9 par un policier \u00e0\u00a0<a href=\"http:\/\/www.lefigaro.fr\/marseille\/marseille-9-mois-de-prison-avec-sursis-requis-contre-l-ex-assistant-de-vie-qui-avait-agresse-un-jeune-polyhandicape-20250625\" target=\"_blank\" data-fig-type=\"NewsFlash\" rel=\"noopener\" data-gtm-custom-categorie=\"navigation\" data-gtm-custom-action=\"crossclick\" data-gtm-custom-label=\"Contextuel\" data-gtm-event=\"customEventSPE\" data-fig-domain=\"LEFIGARO\">Marseille<\/a>\u00a0en 2021, avaient disparu. Ceux-ci ont \u00e9t\u00e9 retrouv\u00e9s, a annonc\u00e9 jeudi le tribunal judiciaire de Marseille \u00e0 l&rsquo;AFP. \u00abLes scell\u00e9s ont \u00e9t\u00e9 retrouv\u00e9s dans le bureau du juge d&rsquo;instruction initialement saisi\u00bb de l&rsquo;affaire, a-t-il indiqu\u00e9.<\/p>\n<p class=\"fig-paragraph\">La famille s&rsquo;est dit aupr\u00e8s de l&rsquo;AFP \u00abparticuli\u00e8rement inqui\u00e8te du d\u00e9roulement de l&rsquo;instruction dans la mesure o\u00f9 c&rsquo;est ce m\u00eame juge (Patrick De Firmas, ndlr), qui avait fait la demande de recherche de scell\u00e9s\u00bb. Dans son communiqu\u00e9, transmis \u00e0 l&rsquo;AFP par Issam El Khalfaoui, le p\u00e8re de Souheil, la famille rel\u00e8ve que \u00abdes recherches avaient d\u00e9j\u00e0 \u00e9t\u00e9 faites dans ce m\u00eame bureau\u00bb. Elle se dit n\u00e9anmoins \u00absoulag\u00e9e que la mobilisation politique a permis de retrouver ces scell\u00e9s\u00bb.<\/p>\n<p class=\"fig-paragraph\">La nouvelle juge en charge de l&rsquo;affaire avait annonc\u00e9 le 4 juin dans un courrier adress\u00e9 \u00e0 la famille et \u00e0 son conseil que neuf pi\u00e8ces capitales du dossier avaient \u00e9t\u00e9 perdues, \u00abapr\u00e8s plusieurs mois de recherches\u00bb. Apr\u00e8s leur sortie du service de stockage d\u00e9but 2022, \u00abils n&rsquo;ont en effet jamais \u00e9t\u00e9 restitu\u00e9s au greffe des scell\u00e9s\u00bb.<\/p>\n<p class=\"fig-body-link\">\n            \u00c0 lire aussi<br \/>\n        <a class=\"fig-body-link__link fig-premium-mark\" href=\"https:\/\/www.lefigaro.fr\/actualite-france\/entre-chaos-et-haine-la-police-tente-de-reprendre-le-controle-20230629\" data-fig-type=\"Article\" data-gtm-custom-categorie=\"navigation\" data-gtm-custom-action=\"crossclick\" data-gtm-custom-label=\"Contextuel\" data-gtm-event=\"customEventSPE\" data-fig-domain=\"LEFIGARO\" target=\"_blank\" rel=\"noopener\">Mort de Nahel: entre chaos et haine, la police tente de reprendre le contr\u00f4le<br \/>\n    <\/a>\n<\/p>\n<p>Pi\u00e8ces \u00e0 conviction<\/p>\n<p class=\"fig-paragraph\">Or, parmi eux figurent des pi\u00e8ces \u00e0 conviction capitales, comme une vid\u00e9o de cam\u00e9ra de surveillance d&rsquo;une agence bancaire de la Caisse d&rsquo;\u00c9pargne toute proche, l&rsquo;enregistrement de l&rsquo;audition film\u00e9e du<a href=\"http:\/\/www.lefigaro.fr\/actualite-france\/evacuation-de-migrants-a-la-gaite-lyrique-ouverture-d-une-enquete-pour-violences-policieres-presumees-20250612\" target=\"_blank\" data-fig-type=\"NewsFlash\" rel=\"noopener\" data-gtm-custom-categorie=\"navigation\" data-gtm-custom-action=\"crossclick\" data-gtm-custom-label=\"Contextuel\" data-gtm-event=\"customEventSPE\" data-fig-domain=\"LEFIGARO\">\u00a0policier mis en cause<\/a>\u00a0et la balle qui a tu\u00e9 Souheil.<\/p>\n<p class=\"fig-paragraph\">Apr\u00e8s l&rsquo;annonce de cette perte, la famille a port\u00e9 plainte contre l&rsquo;ancienne procureure de Marseille Dominique Laurens, qu&rsquo;elle accuse d&rsquo;avoir \u00abvolontairement d\u00e9tourn\u00e9 les neuf scell\u00e9s\u00bb. La famille de Souheil avait \u00e9galement organis\u00e9 une conf\u00e9rence de presse, mardi \u00e0 l&rsquo;<a href=\"http:\/\/www.lefigaro.fr\/actualite-france\/a-l-assemblee-nationale-l-execution-immediate-de-peines-d-ineligibilite-maintenue-20250626\" target=\"_blank\" data-fig-type=\"NewsFlash\" rel=\"noopener\" data-gtm-custom-categorie=\"navigation\" data-gtm-custom-action=\"crossclick\" data-gtm-custom-label=\"Contextuel\" data-gtm-event=\"customEventSPE\" data-fig-domain=\"LEFIGARO\">Assembl\u00e9e nationale<\/a>\u00a0en pr\u00e9sence d&rsquo;\u00e9lus et de d\u00e9put\u00e9s de gauche.<\/p>\n<p class=\"fig-paragraph\">Dans le m\u00eame temps, le ministre de la Justice G\u00e9rald Darmanin avait annonc\u00e9 pendant les questions au gouvernement, \u00e0 l&rsquo;Assembl\u00e9e nationale, saisir l&rsquo;Inspection g\u00e9n\u00e9rale de la justice si ces pi\u00e8ces n&rsquo;\u00e9taient pas retrouv\u00e9es \u00abd&rsquo;ici mercredi\u00bb soir.<\/p>\n<p class=\"fig-paragraph\">Souheil avait \u00e9t\u00e9 tu\u00e9 dans le quartier de la Belle de Mai aux alentours de 19h30, le 4 ao\u00fbt 2021, lors d&rsquo;un\u00a0<a href=\"http:\/\/www.lefigaro.fr\/story\/50-de-ce-qu-on-controle-ce-sont-des-mineurs-drogue-fraude-vols-immersion-avec-la-police-des-transports-en-commun-20250520\" target=\"_blank\" data-fig-type=\"Article\" rel=\"noopener\" data-gtm-custom-categorie=\"navigation\" data-gtm-custom-action=\"crossclick\" data-gtm-custom-label=\"Contextuel\" data-gtm-event=\"customEventSPE\" data-fig-domain=\"LEFIGARO\">contr\u00f4le auquel il aurait tent\u00e9 de se soustraire<\/a>\u00a0en faisant marche arri\u00e8re. Le p\u00e8re de Souheil milite aujourd&rsquo;hui pour une reconstitution de la sc\u00e8ne de crime.<\/p>\n","protected":false},"excerpt":{"rendered":"La famille de Souheil, mort en fuyant un contr\u00f4le de police dans la cit\u00e9 phoc\u00e9enne en 2021, s\u2019est&hellip;\n","protected":false},"author":2,"featured_media":206101,"comment_status":"","ping_status":"","sticky":false,"template":"","format":"standard","meta":{"footnotes":""},"categories":[2814],"tags":[1111,11,885,1182,1180,1181,34484,1777,674,1011,27,1184,1185,884,12,1177,1176,149,1186,882,25,1178,1183,1179],"class_list":{"0":"post-206100","1":"post","2":"type-post","3":"status-publish","4":"format-standard","5":"has-post-thumbnail","7":"category-marseille","8":"tag-actu","9":"tag-actualites","10":"tag-bouches-du-rhone","11":"tag-calanques","12":"tag-canebiere","13":"tag-cite-phoceenne","14":"tag-controle-de-police","15":"tag-eu","16":"tag-europe","17":"tag-fr","18":"tag-france","19":"tag-la-timone","20":"tag-les-baumettes-mediterranee","21":"tag-marseille","22":"tag-news","23":"tag-notre-dame-de-la-garde","24":"tag-olympique-de-marseille","25":"tag-om","26":"tag-provence","27":"tag-provence-alpes-cote-dazur","28":"tag-republique-francaise","29":"tag-saint-charles","30":"tag-sormiou","31":"tag-vieux-port"},"share_on_mastodon":{"url":"https:\/\/pubeurope.com\/@fr\/114750365636753883","error":""},"_links":{"self":[{"href":"https:\/\/www.europesays.com\/fr\/wp-json\/wp\/v2\/posts\/206100","targetHints":{"allow":["GET"]}}],"collection":[{"href":"https:\/\/www.europesays.com\/fr\/wp-json\/wp\/v2\/posts"}],"about":[{"href":"https:\/\/www.europesays.com\/fr\/wp-json\/wp\/v2\/types\/post"}],"author":[{"embeddable":true,"href":"https:\/\/www.europesays.com\/fr\/wp-json\/wp\/v2\/users\/2"}],"replies":[{"embeddable":true,"href":"https:\/\/www.europesays.com\/fr\/wp-json\/wp\/v2\/comments?post=206100"}],"version-history":[{"count":0,"href":"https:\/\/www.europesays.com\/fr\/wp-json\/wp\/v2\/posts\/206100\/revisions"}],"wp:featuredmedia":[{"embeddable":true,"href":"https:\/\/www.europesays.com\/fr\/wp-json\/wp\/v2\/media\/206101"}],"wp:attachment":[{"href":"https:\/\/www.europesays.com\/fr\/wp-json\/wp\/v2\/media?parent=206100"}],"wp:term":[{"taxonomy":"category","embeddable":true,"href":"https:\/\/www.europesays.com\/fr\/wp-json\/wp\/v2\/categories?post=206100"},{"taxonomy":"post_tag","embeddable":true,"href":"https:\/\/www.europesays.com\/fr\/wp-json\/wp\/v2\/tags?post=206100"}],"curies":[{"name":"wp","href":"https:\/\/api.w.org\/{rel}","templated":true}]}}