{"id":206106,"date":"2025-06-26T15:28:08","date_gmt":"2025-06-26T15:28:08","guid":{"rendered":"https:\/\/www.europesays.com\/fr\/206106\/"},"modified":"2025-06-26T15:28:08","modified_gmt":"2025-06-26T15:28:08","slug":"bison-fute-annonce-des-difficultes-des-ce-week-end-en-ile-de-france","status":"publish","type":"post","link":"https:\/\/www.europesays.com\/fr\/206106\/","title":{"rendered":"Bison Fut\u00e9 annonce des difficult\u00e9s d\u00e8s ce week-end en \u00cele-de-France"},"content":{"rendered":"<p>            Par<br \/>\n        <strong><br \/>\n            <a href=\"https:\/\/actu.fr\/auteur\/redaction-paris\" title=\"Consulter tous les articles de R\u00e9daction Paris\" target=\"_blank\" rel=\"noopener\">R\u00e9daction Paris<\/a><br \/>\n        <\/strong><\/p>\n<p>        Publi\u00e9 le<\/p>\n<p>            26 juin 2025 \u00e0 16h34        <\/p>\n<p>Les <a href=\"https:\/\/actu.fr\/tag\/vacances-scolaires\" target=\"_blank\" rel=\"noopener\">vacances scolaires<\/a> ne sont pas encore officiellement lanc\u00e9es (ce sera le 4\u00a0juillet), mais certains Franciliens ont peut-\u00eatre l\u2019intention de prendre de l\u2019avance. C\u2019est pour eux que <a href=\"https:\/\/actu.fr\/tag\/bison-fute\" target=\"_blank\" rel=\"noopener\">Bison Fut\u00e9<\/a> a d\u00e9voil\u00e9 ses <strong>pr\u00e9visions<\/strong> de <a href=\"https:\/\/actu.fr\/tag\/circulation\" target=\"_blank\" rel=\"noopener\">circulation<\/a> pour le vendredi\u00a027, samedi\u00a028 et dimanche 29\u00a0juin 2025. Bonne nouvelle, le trafic sera plut\u00f4t fluide.<\/p>\n<p>Vendredi 27\u00a0juin 2025<\/p>\n<p class=\" wall-content\">La journ\u00e9e sera class\u00e9e <strong>orange<\/strong> dans le sens des d\u00e9parts et des retours. En \u00cele-de-France, \u00ab\u2009la circulation sera dense en direction des barri\u00e8res de p\u00e9age des autoroutes A10 et A6 o\u00f9 les premiers ralentissements pourraient y \u00eatre enregistr\u00e9s d\u00e8s la fin de matin\u00e9e\u2009\u00bb, pr\u00e9dit le centre national d\u2019information routi\u00e8re.<\/p>\n<p class=\" wall-content\">Attention, sur le boulevard p\u00e9riph\u00e9rique, \u00ab\u2009les autoroutes A86 et A6b seront \u00e9galement concern\u00e9s. En milieu d\u2019apr\u00e8s-midi, la conjugaison des trajets pendulaires et les nombreux d\u00e9parts en week-end pendant cette p\u00e9riode, pourraient rendre la <strong>circulation difficile<\/strong> jusqu\u2019\u00e0 tard dans la soir\u00e9e.\u2009\u00bb<\/p>\n<p class=\" wall-content\"><strong>Les conseils de Bison Fut\u00e9<\/strong><\/p>\n<p class=\" wall-content\">Dans le sens des d\u00e9parts\u2009:<\/p>\n<p class=\" wall-content\">\u2013 quittez ou traversez l\u2019\u00cele-de-France avant 10h ou apr\u00e8s 22h,<br \/>\u2013 \u00e9vitez l\u2019autoroute A25, entre Lille et Socx de 14h \u00e0 19h,<br \/>\u2013 \u00e9vitez l\u2019autoroute A63, entre Bordeaux et Bayonne, de 16h \u00e0 20h,<br \/>\u2013 \u00e9vitez l\u2019autoroute A7, entre Lyon et Marseille, de 15h \u00e0 20h,<br \/>\u2013 \u00e9vitez l\u2019autoroute A57, entre Toulon et Le Luc, de 16h \u00e0 19h,<br \/>\u2013 \u00e9vitez l\u2019autoroute A8, entre Aix-en-Provence et l\u2019Italie, de 16h \u00e0 19h,<br \/>\u2013 \u00e9vitez l\u2019autoroute A46 et la route nationale 346, pour le contournement Est de Lyon, entre 15h et 19h.<\/p>\n<p>Vid\u00e9os : en ce moment sur Actu<\/p>\n<p class=\" wall-content\">Dans le sens des retours\u2009:<\/p>\n<p class=\" wall-content\">\u2013 rejoignez ou traversez l\u2019\u00cele-de-France avant 15h ou apr\u00e8s 19h.<br \/>\u2013 \u00e9vitez l\u2019autoroute A22, entre la Belgique et Lille, de 15h \u00e0 19h,<br \/>\u2013 \u00e9vitez l\u2019autoroute A2, entre la Belgique et Combles, de 15h \u00e0 19h,<br \/>\u2013 \u00e9vitez l\u2019autoroute A1, entre Lille et Paris, de 15h \u00e0 19h,<br \/>\u2013 \u00e9vitez l\u2019autoroute A8, entre l\u2019Italie et Le Luc, de 16h \u00e0 19h,<br \/>\u2013 \u00e9vitez l\u2019autoroute A7, entre Marseille et Salon-de-Provence, de 13h \u00e0 20h,<br \/>\u2013 \u00e9vitez l\u2019autoroute A47, entre Saint-\u00c9tienne et Lyon, de 15h \u00e0 18h,<br \/>\u2013 \u00e9vitez l\u2019autoroute A46 et la route nationale 346, pour le contournement Est de Lyon, entre 12h et 18h.<\/p>\n<p>Samedi 28\u00a0juin 2025<\/p>\n<p class=\" wall-content\">Journ\u00e9e verte partout en France sauf en \u00cele-de-France qui sera class\u00e9e <strong>orange<\/strong> dans le sens des d\u00e9parts.<\/p>\n<p class=\" wall-content\"><strong>Les conseils de Bison Fut\u00e9<\/strong><\/p>\n<p class=\" wall-content\">Dans le sens des d\u00e9parts\u2009:<\/p>\n<p class=\" wall-content\">\u2013 quittez ou traversez l\u2019\u00cele-de-France avant 7h ou apr\u00e8s 15h.<\/p>\n<p>Dimanche 29\u00a0juin 2025<\/p>\n<p class=\" wall-content\">Ce sera l\u2019inverse de la journ\u00e9e de la veille\u2009: tout sera au <strong>vert<\/strong>, sauf en \u00cele-de-France dans le sens des retours.<\/p>\n<p class=\" wall-content\"><strong>Les conseils de Bison Fut\u00e9<\/strong><\/p>\n<p class=\" wall-content\">Dans le sens des retours\u2009:<\/p>\n<p class=\" wall-content\">\u2013 rejoignez ou traversez l\u2019\u00cele-de-France avant 15h ou apr\u00e8s 23h.<\/p>\n<p class=\" wall-content\">Suivez toute l\u2019actualit\u00e9 de vos villes et m\u00e9dias favoris en vous inscrivant \u00e0 <a href=\"https:\/\/moncompte.actu.fr\" title=\"D\u00e9couvez Mon Actu\" rel=\"nofollow noopener\" data-trk=\"{&quot;cta&quot;:{&quot;action&quot;:&quot;https:\\\/\\\/moncompte.actu.fr&quot;,&quot;category&quot;:&quot;mon compte&quot;,&quot;from&quot;:&quot;article footer&quot;,&quot;name&quot;:&quot;Mon actu&quot;,&quot;type&quot;:&quot;cta&quot;}}\" target=\"_blank\">Mon Actu<\/a>.<\/p>\n","protected":false},"excerpt":{"rendered":"Par R\u00e9daction Paris Publi\u00e9 le 26 juin 2025 \u00e0 16h34 Les vacances scolaires ne sont pas encore officiellement&hellip;\n","protected":false},"author":2,"featured_media":206107,"comment_status":"","ping_status":"","sticky":false,"template":"","format":"standard","meta":{"footnotes":""},"categories":[1592],"tags":[1111,11,6427,3542,1777,674,1011,27,662,12,626,25,104,3176],"class_list":{"0":"post-206106","1":"post","2":"type-post","3":"status-publish","4":"format-standard","5":"has-post-thumbnail","7":"category-ile-de-france","8":"tag-actu","9":"tag-actualites","10":"tag-bison-fute","11":"tag-circulation","12":"tag-eu","13":"tag-europe","14":"tag-fr","15":"tag-france","16":"tag-ile-de-france","17":"tag-news","18":"tag-paris","19":"tag-republique-francaise","20":"tag-societe","21":"tag-vacances-scolaires"},"share_on_mastodon":{"url":"https:\/\/pubeurope.com\/@fr\/114750377381375761","error":""},"_links":{"self":[{"href":"https:\/\/www.europesays.com\/fr\/wp-json\/wp\/v2\/posts\/206106","targetHints":{"allow":["GET"]}}],"collection":[{"href":"https:\/\/www.europesays.com\/fr\/wp-json\/wp\/v2\/posts"}],"about":[{"href":"https:\/\/www.europesays.com\/fr\/wp-json\/wp\/v2\/types\/post"}],"author":[{"embeddable":true,"href":"https:\/\/www.europesays.com\/fr\/wp-json\/wp\/v2\/users\/2"}],"replies":[{"embeddable":true,"href":"https:\/\/www.europesays.com\/fr\/wp-json\/wp\/v2\/comments?post=206106"}],"version-history":[{"count":0,"href":"https:\/\/www.europesays.com\/fr\/wp-json\/wp\/v2\/posts\/206106\/revisions"}],"wp:featuredmedia":[{"embeddable":true,"href":"https:\/\/www.europesays.com\/fr\/wp-json\/wp\/v2\/media\/206107"}],"wp:attachment":[{"href":"https:\/\/www.europesays.com\/fr\/wp-json\/wp\/v2\/media?parent=206106"}],"wp:term":[{"taxonomy":"category","embeddable":true,"href":"https:\/\/www.europesays.com\/fr\/wp-json\/wp\/v2\/categories?post=206106"},{"taxonomy":"post_tag","embeddable":true,"href":"https:\/\/www.europesays.com\/fr\/wp-json\/wp\/v2\/tags?post=206106"}],"curies":[{"name":"wp","href":"https:\/\/api.w.org\/{rel}","templated":true}]}}