{"id":206112,"date":"2025-06-26T15:31:15","date_gmt":"2025-06-26T15:31:15","guid":{"rendered":"https:\/\/www.europesays.com\/fr\/206112\/"},"modified":"2025-06-26T15:31:15","modified_gmt":"2025-06-26T15:31:15","slug":"les-valeurs-a-suivre-a-paris-et-en-europe-26-06-2025-a-0855","status":"publish","type":"post","link":"https:\/\/www.europesays.com\/fr\/206112\/","title":{"rendered":"Les valeurs \u00e0 suivre \u00e0 Paris et en Europe &#8211; 26\/06\/2025 \u00e0 08:55"},"content":{"rendered":"<p>\n * DANONE<br \/>\n <a href=\"https:\/\/www.boursorama.com\/cours\/1rPBN\/\" rel=\"nofollow noopener\" target=\"_blank\"><br \/>\n  DANO.PA<br \/>\n <\/a><br \/>\n a annonc\u00e9 mercredi soir l&rsquo;acquisition de The Akkermansia Company, groupe belge sp\u00e9cialis\u00e9 dans les biotiques de nouvelle g\u00e9n\u00e9ration, afin de renforcer son positionnement dans la sant\u00e9 intestinale.\n<\/p>\n<p>\n * TRIGANO<br \/>\n <a href=\"https:\/\/www.boursorama.com\/cours\/1rPTRI\/\" rel=\"nofollow noopener\" target=\"_blank\"><br \/>\n  TRIA.PA<br \/>\n <\/a><br \/>\n a fait \u00e9tat mercredi d&rsquo;une l\u00e9g\u00e8re baisse de 0,2% de son chiffre d&rsquo;affaires au troisi\u00e8me trimestre, tout en faisant \u00e9tat de perspectives optimistes, le fabricant fran\u00e7ais de de camping-cars soulignant une \u00ab\u00a0dynamique favorable\u00a0\u00bb pour la prochaine saison.\n<\/p>\n<p>\n * EDENRED<br \/>\n <a href=\"https:\/\/www.boursorama.com\/cours\/1rPEDEN\/\" rel=\"nofollow noopener\" target=\"_blank\"><br \/>\n  EDEN.PA<br \/>\n <\/a><br \/>\n a salu\u00e9 jeudi la r\u00e9forme du titre-restaurant en France pr\u00e9sent\u00e9e la veille par V\u00e9ronique Louwagie, ministre d\u00e9l\u00e9gu\u00e9e charg\u00e9e du Commerce, disant que la disposition concernant la digitalisation totale du secteur au plus tard le 1er janvier 2027 simplifierait consid\u00e9rablement la gestion, notamment pour les restaurateurs.\n<\/p>\n<p>\n * VALNEVA<br \/>\n <a href=\"https:\/\/www.boursorama.com\/cours\/1rPVLA\/\" rel=\"nofollow noopener\" target=\"_blank\"><br \/>\n  VLS.PA<br \/>\n <\/a><br \/>\n a annonc\u00e9 jeudi la signature d&rsquo;un accord exclusif avec CSL Seqirus pour la distribution de vaccins en Allemagne.\n<\/p>\n<p>\n * ORANGE<br \/>\n <a href=\"https:\/\/www.boursorama.com\/cours\/1rPORA\/\" rel=\"nofollow noopener\" target=\"_blank\"><br \/>\n  ORAN.PA<br \/>\n <\/a><br \/>\n &#8211; Berenberg a entam\u00e9 le suivi de la valeur avec une recommandation \u00e0 \u00ab\u00a0acheter\u00a0\u00bb.\n<\/p>\n<p>\n * VALEO<br \/>\n <a href=\"https:\/\/www.boursorama.com\/cours\/1rPFR\/\" rel=\"nofollow noopener\" target=\"_blank\"><br \/>\n  VLOF.PA<br \/>\n <\/a><br \/>\n &#8211; Morgan Stanley a relev\u00e9 sa recommandation \u00e0 \u00ab\u00a0surpond\u00e9rer\u00a0\u00bb contre \u00ab\u00a0sous-pond\u00e9rer\u00a0\u00bb.\n<\/p>\n<p>\n * SES<br \/>\n <a href=\"https:\/\/www.boursorama.com\/cours\/1rPSESG\/\" rel=\"nofollow noopener\" target=\"_blank\"><br \/>\n  SESFg.LU<br \/>\n <\/a><br \/>\n &#8211; Berenberg a repris le suivi de la valeur avec une recommandation \u00e0 \u00ab\u00a0acheter\u00a0\u00bb.\n<\/p>\n<p>\n * OPMOBILITY<br \/>\n <a href=\"https:\/\/www.boursorama.com\/cours\/1rPOPM\/\" rel=\"nofollow noopener\" target=\"_blank\"><br \/>\n  OPM.PA<br \/>\n <\/a><br \/>\n &#8211; Morgan Stanley a abaiss\u00e9 sa recommandation \u00e0 \u00ab\u00a0sous-pond\u00e9rer\u00a0\u00bb contre \u00ab\u00a0surpond\u00e9rer\u00a0\u00bb.\n<\/p>\n<p>\n * H&amp;M HMb.ST &#8211; Le d\u00e9taillant de mode su\u00e9dois a annonc\u00e9 jeudi une baisse l\u00e9g\u00e8rement plus importante que pr\u00e9vu de son chiffre d&rsquo;affaires au deuxi\u00e8me trimestre et a d\u00e9clar\u00e9 s&rsquo;attendre \u00e0 ce que les ventes de juin, en monnaie locale, augmentent de 3%.\n<\/p>\n<p>\n * SHELL<br \/>\n <a href=\"https:\/\/www.boursorama.com\/cours\/1uSHEL.L\/\" rel=\"nofollow noopener\" target=\"_blank\"><br \/>\n  SHEL.L<br \/>\n <\/a><br \/>\n n&rsquo;a pas fait d&rsquo;offre pour son concurrent BP<br \/>\n <a href=\"https:\/\/www.boursorama.com\/cours\/1uBP..L\/\" rel=\"nofollow noopener\" target=\"_blank\"><br \/>\n  BP.L<br \/>\n <\/a><br \/>\n et n&rsquo;envisage pas activement de le faire, a d\u00e9clar\u00e9 la soci\u00e9t\u00e9 jeudi, ajoutant qu&rsquo;elle \u00e9tait li\u00e9e par la r\u00e9glementation britannique, ce qui signifie qu&rsquo;une telle d\u00e9claration lui interdit de faire une offre pour BP au cours des six prochains mois.\n<\/p>\n<p>\n L&rsquo;entreprise avait annonc\u00e9 mercredi qu'\u00a0\u00bbaucune discussion n&rsquo;\u00e9tait en cours\u00a0\u00bb apr\u00e8s un article du Wall Street Journal citant des sources affirmant que le groupe \u00e9tait en discussions pr\u00e9liminaires pour racheter BP.\n<\/p>\n<p>\n * MAERSK<br \/>\n <a href=\"https:\/\/www.boursorama.com\/cours\/2u0O77.LQ\/\" rel=\"nofollow noopener\" target=\"_blank\"><br \/>\n  MAERSKb.CO<br \/>\n <\/a><br \/>\n &#8211; Plusieurs groupes maritimes, dont Maersk et MSC, cherchent \u00e0 obtenir des tribunaux br\u00e9siliens qu&rsquo;ils annulent les r\u00e8gles de concurrence qui les emp\u00eachent de participer au premier tour d&rsquo;appel d&rsquo;offres pour un nouveau terminal \u00e0 conteneurs dans le plus grand port d&rsquo;Am\u00e9rique latine, qui doit avoir lieu dans le courant de l&rsquo;ann\u00e9e, selon un document consult\u00e9 par Reuters.\n<\/p>\n<p>\n * ASSOCIATED BRITISH FOODS<br \/>\n <a href=\"https:\/\/www.boursorama.com\/cours\/1uABF.L\/\" rel=\"nofollow noopener\" target=\"_blank\"><br \/>\n  ABF.L<br \/>\n <\/a><br \/>\n a d\u00e9clar\u00e9 qu&rsquo;il fermerait son usine de bio\u00e9thanol dans le nord de l&rsquo;Angleterre si le gouvernement ne fournissait pas les fonds n\u00e9cessaires pour att\u00e9nuer l&rsquo;impact de l&rsquo;accord commercial entre les \u00c9tats-Unis et le Royaume-Uni d&rsquo;ici la fin de son processus de consultation en vue d&rsquo;une r\u00e9duction progressive des activit\u00e9s.\n<\/p>\n<p>\n * SIKA<br \/>\n <a href=\"https:\/\/www.boursorama.com\/cours\/2aSIKA\/\" rel=\"nofollow noopener\" target=\"_blank\"><br \/>\n  SIKA.S<br \/>\n <\/a><br \/>\n &#8211; Un juge am\u00e9ricain de Manhattan a rejet\u00e9 mercredi une plainte antitrust accusant six entreprises, dont Sika, qui vendent la grande majorit\u00e9 des additifs pour le b\u00e9ton et le ciment aux \u00c9tats-Unis et en Europe, de s&rsquo;\u00eatre entendues pour faire monter les prix.\n<\/p>\n<p>\n (R\u00e9dig\u00e9 par Claude Chendjou et Diana Mandia, \u00e9dit\u00e9 par Augustin Turpin)<\/p>\n","protected":false},"excerpt":{"rendered":"* DANONE DANO.PA a annonc\u00e9 mercredi soir l&rsquo;acquisition de The Akkermansia Company, groupe belge sp\u00e9cialis\u00e9 dans les biotiques&hellip;\n","protected":false},"author":2,"featured_media":64038,"comment_status":"","ping_status":"","sticky":false,"template":"","format":"standard","meta":{"footnotes":""},"categories":[1888],"tags":[400,1111,1928,11,1927,398,408,405,1777,674,1011,27,403,402,399,404,12,1926,626,1925,25,401,406,407],"class_list":{"0":"post-206112","1":"post","2":"type-post","3":"status-publish","4":"format-standard","5":"has-post-thumbnail","7":"category-paris","8":"tag-action-cac-40","9":"tag-actu","10":"tag-actu-paris","11":"tag-actualites","12":"tag-actualites-paris","13":"tag-bourse-de-paris","14":"tag-boursorama","15":"tag-cotations","16":"tag-eu","17":"tag-europe","18":"tag-fr","19":"tag-france","20":"tag-indices-devises","21":"tag-investir","22":"tag-investissement","23":"tag-marche-boursier","24":"tag-news","25":"tag-news-paris","26":"tag-paris","27":"tag-paris-news","28":"tag-republique-francaise","29":"tag-sicav","30":"tag-trackers","31":"tag-warrants"},"share_on_mastodon":{"url":"https:\/\/pubeurope.com\/@fr\/114750389170574218","error":""},"_links":{"self":[{"href":"https:\/\/www.europesays.com\/fr\/wp-json\/wp\/v2\/posts\/206112","targetHints":{"allow":["GET"]}}],"collection":[{"href":"https:\/\/www.europesays.com\/fr\/wp-json\/wp\/v2\/posts"}],"about":[{"href":"https:\/\/www.europesays.com\/fr\/wp-json\/wp\/v2\/types\/post"}],"author":[{"embeddable":true,"href":"https:\/\/www.europesays.com\/fr\/wp-json\/wp\/v2\/users\/2"}],"replies":[{"embeddable":true,"href":"https:\/\/www.europesays.com\/fr\/wp-json\/wp\/v2\/comments?post=206112"}],"version-history":[{"count":0,"href":"https:\/\/www.europesays.com\/fr\/wp-json\/wp\/v2\/posts\/206112\/revisions"}],"wp:featuredmedia":[{"embeddable":true,"href":"https:\/\/www.europesays.com\/fr\/wp-json\/wp\/v2\/media\/64038"}],"wp:attachment":[{"href":"https:\/\/www.europesays.com\/fr\/wp-json\/wp\/v2\/media?parent=206112"}],"wp:term":[{"taxonomy":"category","embeddable":true,"href":"https:\/\/www.europesays.com\/fr\/wp-json\/wp\/v2\/categories?post=206112"},{"taxonomy":"post_tag","embeddable":true,"href":"https:\/\/www.europesays.com\/fr\/wp-json\/wp\/v2\/tags?post=206112"}],"curies":[{"name":"wp","href":"https:\/\/api.w.org\/{rel}","templated":true}]}}