{"id":206123,"date":"2025-06-26T15:37:22","date_gmt":"2025-06-26T15:37:22","guid":{"rendered":"https:\/\/www.europesays.com\/fr\/206123\/"},"modified":"2025-06-26T15:37:22","modified_gmt":"2025-06-26T15:37:22","slug":"le-royaume-uni-va-acheter-12-avions-de-combat-capables-de-transporter-des-armes-nucleaires","status":"publish","type":"post","link":"https:\/\/www.europesays.com\/fr\/206123\/","title":{"rendered":"Le Royaume-Uni va acheter 12 avions de combat capables de transporter des armes nucl\u00e9aires"},"content":{"rendered":"<p><img decoding=\"async\" class=\"c-ad__placeholder__logo\" src=\"https:\/\/static.euronews.com\/website\/images\/logos\/logo-euronews-grey-6-180x22.svg\" width=\"180\" height=\"22\" alt=\"\" loading=\"lazy\"\/>PUBLICIT\u00c9<\/p>\n<p>Le Royaume-Uni va acheter 12 avions de chasse am\u00e9ricains F-35A capables de transporter des ogives nucl\u00e9aires, une commande \u00e9valu\u00e9e \u00e0 plus d&rsquo;un milliard d&rsquo;euros qui constitue le plus grand renforcement de la dissuasion nucl\u00e9aire du pays depuis la fin de la guerre froide.<\/p>\n<p>Cette d\u00e9cision, annonc\u00e9e \u00e0 l&rsquo;occasion du sommet de l&rsquo;OTAN \u00e0 La Haye, permettra \u00e0 la Royal Air Force britannique de jouer un r\u00f4le dans la dissuasion nucl\u00e9aire du Royaume-Uni pour la premi\u00e8re fois depuis les ann\u00e9es 1990.<\/p>\n<p>Actuellement, la dissuasion nucl\u00e9aire du pays se limite \u00e0 une flotte de quatre sous-marins \u00e0 armement nucl\u00e9aire.<\/p>\n<p>\u00ab\u00a0Nous ne pouvons plus consid\u00e9rer la paix comme acquise\u00a0\u00bb<\/p>\n<p>Le Premier ministre britannique, Keir Starmer, affirme que la d\u00e9cision d&rsquo;acheter ces avions de guerre \u00e9tait \u00e0 la fois un investissement dans la s\u00e9curit\u00e9 nationale du pays et un signe de <a href=\"https:\/\/fr.euronews.com\/my-europe\/2025\/06\/24\/otan-quand-la-question-des-depenses-de-defense-prend-le-dessus-sur-celle-de-laide-a-lukrai\" target=\"_blank\" rel=\"noopener\"><strong>son engagement envers l&rsquo;OTAN<\/strong><\/a> \u00e0 une \u00e9poque o\u00f9 les risques nucl\u00e9aires augmentent.<\/p>\n<p>\u00ab\u00a0Dans une \u00e8re d&rsquo;incertitude radicale, nous ne pouvons plus consid\u00e9rer la paix comme acquise. C&rsquo;est pourquoi mon gouvernement investit dans notre s\u00e9curit\u00e9 nationale\u00a0\u00bb, d\u00e9clare Keir Starmer.<\/p>\n<p>\u00ab\u00a0L&rsquo;engagement du Royaume-Uni envers l&rsquo;OTAN est incontestable, tout comme la contribution de l&rsquo;Alliance au maintien de la s\u00e9curit\u00e9 du Royaume-Uni, mais nous devons tous nous mobiliser pour prot\u00e9ger la zone euro-atlantique pour les g\u00e9n\u00e9rations \u00e0 venir\u00a0\u00bb, ajoute-t-il.<\/p>\n<p>Le secr\u00e9taire g\u00e9n\u00e9ral de l&rsquo;OTAN, <a href=\"https:\/\/x.com\/SecGenNATO\/status\/1937200944397107538\" target=\"_blank\" rel=\"noreferrer\"><strong>Mark Rutte<\/strong><\/a>, s&rsquo;est f\u00e9licit\u00e9 \u00ab\u00a0vivement\u00a0\u00bb de cette annonce, saluant une \u00ab\u00a0nouvelle contribution solide du Royaume-Uni\u00a0\u00bb \u00e0 l&rsquo;alliance.<\/p>\n<p>Seuls certains membres de l&rsquo;OTAN, dont la Belgique et l&rsquo;Allemagne, disposent actuellement des avions et de la formation n\u00e9cessaires pour transporter des armes nucl\u00e9aires am\u00e9ricaines.<\/p>\n<p>L&rsquo;augmentation des d\u00e9penses de d\u00e9fense \u00e0 l&rsquo;ordre du jour du sommet de La Haye<\/p>\n<p>Cette annonce co\u00efncide avec un important sommet de l&rsquo;OTAN qui s&rsquo;est ouvert mardi \u00e0 La Haye, aux Pays-Bas.<\/p>\n<p>Comme <a href=\"https:\/\/fr.euronews.com\/2025\/06\/23\/les-32-pays-membres-de-lotan-sengagent-a-consacrer-5-de-leur-pib-a-la-defense-a-la-veille-\" target=\"_blank\" rel=\"noopener\"><strong>la plupart des membres de l&rsquo;alliance<\/strong><\/a>, le Royaume-Uni s&rsquo;est engag\u00e9 \u00e0 porter ses d\u00e9penses de d\u00e9fense \u00e0 5 % de son PIB d&rsquo;ici 2035, le gouvernement britannique disant se pr\u00e9parer \u00ab\u00a0activement\u00a0\u00bb \u00e0 une guerre sur son territoire.<\/p>\n<p>Cependant, certaines nations ont exprim\u00e9 des doutes quant \u00e0 la viabilit\u00e9 de cet objectif exig\u00e9 par le pr\u00e9sident am\u00e9ricain Donald Trump.<\/p>\n<p>L&rsquo;Espagne a ainsi qualifi\u00e9 l&rsquo;\u00e9ch\u00e9ance de \u00ab\u00a0<a href=\"https:\/\/fr.euronews.com\/my-europe\/2025\/06\/20\/lespagne-rejette-la-demande-de-lotan-de-consacrer-5-de-son-pib-a-la-defense-la-jugeant-der\" target=\"_blank\" rel=\"noopener\"><strong>d\u00e9raisonnable voire contre-productive<\/strong><\/a>\u00ab\u00a0, tandis que la Belgique a indiqu\u00e9 qu&rsquo;il \u00e9tait peu probable qu&rsquo;elle atteigne l&rsquo;objectif fix\u00e9.<\/p>\n","protected":false},"excerpt":{"rendered":"PUBLICIT\u00c9 Le Royaume-Uni va acheter 12 avions de chasse am\u00e9ricains F-35A capables de transporter des ogives nucl\u00e9aires, une&hellip;\n","protected":false},"author":2,"featured_media":206124,"comment_status":"","ping_status":"","sticky":false,"template":"","format":"standard","meta":{"footnotes":""},"categories":[1588],"tags":[11,11979,1777,674,12,136,473,1853,1851,1850,1852],"class_list":{"0":"post-206123","1":"post","2":"type-post","3":"status-publish","4":"format-standard","5":"has-post-thumbnail","7":"category-royaume-uni","8":"tag-actualites","9":"tag-armes-nucleaires","10":"tag-eu","11":"tag-europe","12":"tag-news","13":"tag-otan","14":"tag-royaume-uni","15":"tag-royaume-uni-de-grande-bretagne-et-dirlande-du-nord","16":"tag-uk","17":"tag-united-kingdom","18":"tag-united-kingdom-of-great-britain-and-northern-ireland"},"share_on_mastodon":{"url":"https:\/\/pubeurope.com\/@fr\/114750412865302174","error":""},"_links":{"self":[{"href":"https:\/\/www.europesays.com\/fr\/wp-json\/wp\/v2\/posts\/206123","targetHints":{"allow":["GET"]}}],"collection":[{"href":"https:\/\/www.europesays.com\/fr\/wp-json\/wp\/v2\/posts"}],"about":[{"href":"https:\/\/www.europesays.com\/fr\/wp-json\/wp\/v2\/types\/post"}],"author":[{"embeddable":true,"href":"https:\/\/www.europesays.com\/fr\/wp-json\/wp\/v2\/users\/2"}],"replies":[{"embeddable":true,"href":"https:\/\/www.europesays.com\/fr\/wp-json\/wp\/v2\/comments?post=206123"}],"version-history":[{"count":0,"href":"https:\/\/www.europesays.com\/fr\/wp-json\/wp\/v2\/posts\/206123\/revisions"}],"wp:featuredmedia":[{"embeddable":true,"href":"https:\/\/www.europesays.com\/fr\/wp-json\/wp\/v2\/media\/206124"}],"wp:attachment":[{"href":"https:\/\/www.europesays.com\/fr\/wp-json\/wp\/v2\/media?parent=206123"}],"wp:term":[{"taxonomy":"category","embeddable":true,"href":"https:\/\/www.europesays.com\/fr\/wp-json\/wp\/v2\/categories?post=206123"},{"taxonomy":"post_tag","embeddable":true,"href":"https:\/\/www.europesays.com\/fr\/wp-json\/wp\/v2\/tags?post=206123"}],"curies":[{"name":"wp","href":"https:\/\/api.w.org\/{rel}","templated":true}]}}