{"id":206125,"date":"2025-06-26T15:38:09","date_gmt":"2025-06-26T15:38:09","guid":{"rendered":"https:\/\/www.europesays.com\/fr\/206125\/"},"modified":"2025-06-26T15:38:09","modified_gmt":"2025-06-26T15:38:09","slug":"allemagne-le-gouvernement-limite-la-baisse-du-prix-de-lelectricite-les-critiques-fusent","status":"publish","type":"post","link":"https:\/\/www.europesays.com\/fr\/206125\/","title":{"rendered":"Allemagne : le gouvernement limite la baisse du prix de l&rsquo;\u00e9lectricit\u00e9, les critiques fusent"},"content":{"rendered":"<p>                Les faits &#8211;<\/p>\n<p>Le contrat de coalition pass\u00e9 en Allemagne entre conservateurs et sociaux-d\u00e9mocrates pr\u00e9voit une baisse de l\u2019imp\u00f4t sur l&rsquo;\u00e9lectricit\u00e9 au minimum europ\u00e9en pour l\u2019ensemble des consommateurs. Le gouvernement de Friedrich Merz a d\u00e9cid\u00e9, dans un premier temps, de ne privil\u00e9gier que l\u2019industrie et l\u2019agriculture.<\/p>\n<p>\u00ab\u00a0Ce n\u2019est pas un changement de ligne, il s\u2019agit de la rupture d\u2019une promesse \u00e9lectorale.\u00a0\u00bb Dans les colonnes du Bild Zeitung ce jeudi, Reiner Holznagel, pr\u00e9sident de la f\u00e9d\u00e9ration des contribuables allemands, ne m\u00e2che pas ses mots. Son courroux vise <a class=\"Link \" href=\"https:\/\/www.lopinion.fr\/international\/prix-de-lelectricite-incertitudes-sur-le-coup-de-pouce-promis-par-merz-a-lindustrie-allemande\" rel=\"nofollow noopener\" target=\"_blank\">la reculade du gouvernement de Friedrich Merz sur la baisse de l\u2019imp\u00f4t sur l&rsquo;\u00e9lectricit\u00e9<\/a> au minimum europ\u00e9en (0,05 ct\/kWh). Promise \u00e0 tous les consommateurs dans le contrat de coalition sign\u00e9 par les conservateurs et les sociaux-d\u00e9mocrates, elle ne concernera au 1er janvier 2026 que l\u2019industrie manufacturi\u00e8re et l\u2019agriculture. <\/p>\n","protected":false},"excerpt":{"rendered":"Les faits &#8211; Le contrat de coalition pass\u00e9 en Allemagne entre conservateurs et sociaux-d\u00e9mocrates pr\u00e9voit une baisse de&hellip;\n","protected":false},"author":2,"featured_media":206126,"comment_status":"","ping_status":"","sticky":false,"template":"","format":"standard","meta":{"footnotes":""},"categories":[1587],"tags":[11,672,1804,1805,1803,1777,674,1801,12,1802],"class_list":{"0":"post-206125","1":"post","2":"type-post","3":"status-publish","4":"format-standard","5":"has-post-thumbnail","7":"category-allemagne","8":"tag-actualites","9":"tag-allemagne","10":"tag-bundesrepublik-deutschland","11":"tag-de","12":"tag-deutschland","13":"tag-eu","14":"tag-europe","15":"tag-germany","16":"tag-news","17":"tag-republique-federale-dallemagne"},"share_on_mastodon":{"url":"https:\/\/pubeurope.com\/@fr\/114750416883386298","error":""},"_links":{"self":[{"href":"https:\/\/www.europesays.com\/fr\/wp-json\/wp\/v2\/posts\/206125","targetHints":{"allow":["GET"]}}],"collection":[{"href":"https:\/\/www.europesays.com\/fr\/wp-json\/wp\/v2\/posts"}],"about":[{"href":"https:\/\/www.europesays.com\/fr\/wp-json\/wp\/v2\/types\/post"}],"author":[{"embeddable":true,"href":"https:\/\/www.europesays.com\/fr\/wp-json\/wp\/v2\/users\/2"}],"replies":[{"embeddable":true,"href":"https:\/\/www.europesays.com\/fr\/wp-json\/wp\/v2\/comments?post=206125"}],"version-history":[{"count":0,"href":"https:\/\/www.europesays.com\/fr\/wp-json\/wp\/v2\/posts\/206125\/revisions"}],"wp:featuredmedia":[{"embeddable":true,"href":"https:\/\/www.europesays.com\/fr\/wp-json\/wp\/v2\/media\/206126"}],"wp:attachment":[{"href":"https:\/\/www.europesays.com\/fr\/wp-json\/wp\/v2\/media?parent=206125"}],"wp:term":[{"taxonomy":"category","embeddable":true,"href":"https:\/\/www.europesays.com\/fr\/wp-json\/wp\/v2\/categories?post=206125"},{"taxonomy":"post_tag","embeddable":true,"href":"https:\/\/www.europesays.com\/fr\/wp-json\/wp\/v2\/tags?post=206125"}],"curies":[{"name":"wp","href":"https:\/\/api.w.org\/{rel}","templated":true}]}}