{"id":206141,"date":"2025-06-26T15:46:10","date_gmt":"2025-06-26T15:46:10","guid":{"rendered":"https:\/\/www.europesays.com\/fr\/206141\/"},"modified":"2025-06-26T15:46:10","modified_gmt":"2025-06-26T15:46:10","slug":"carnet-noir-jacques-gasc-flanker-legendaire-de-graulhet-est-parti","status":"publish","type":"post","link":"https:\/\/www.europesays.com\/fr\/206141\/","title":{"rendered":"Carnet noir &#8211; Jacques Gasc, flanker l\u00e9gendaire de Graulhet est parti"},"content":{"rendered":"<p>\n                Il avait port\u00e9 le maillot du XV de France en 1977 face aux All Blacks. Jacques Gasc nous a quitt\u00e9s \u00e0 75 ans. Il \u00e9tait une figure de Graulhet, un club qui tutoyait les sommets.\u00a0\n            <\/p>\n<p>\u00a0<\/p>\n<p>Jacques Gasc s\u2019en est all\u00e9 \u00e0 75 ans. Il\u00a0fait partie de ses Bleus qui ont port\u00e9 le maillot frapp\u00e9 du coq, \u00e0 une seule reprise. Et pourtant, Jacques Gasc avait le rugby qui coulait naturellement dans ses veines. Selon, les inconditionnels de la tunique rouge et noire, il savait tout faire\u00a0: redoutable d\u00e9fenseur et tr\u00e8s bon manieur de vessie. Troisi\u00e8me ligne de formation, il \u00e9tait tr\u00e8s attach\u00e9 au Sporting club graulh\u00e9tois grand d\u2019ovalie dans les ann\u00e9es 70 et dont il compte 166 matchs en \u00e9quipe fanion. Dans sa carri\u00e8re, son unique s\u00e9lection fut acquise face \u00e0 la Nouvelle-Z\u00e9lande, le 19\u00a0novembre 1977 au Parc des Princes.<\/p>\n<p>En club, avec Graulhet, il s\u2019est hiss\u00e9 en\u00a0quart de finale du championnat en 1973 face \u00e0 Perpignan \u00e0 B\u00e9ziers. Au tour pr\u00e9c\u00e9dent, les Graulh\u00e9tois avaient cr\u00e9\u00e9 un retentissant exploit \u00e0 Lourdes en terrassant Agen (12-7). Pour la petite histoire, les \u00ab\u00a0m\u00e9gissiers\u00a0\u00bb avaient \u00e9volu\u00e9 longuement en inf\u00e9riorit\u00e9 num\u00e9rique, \u00e0\u00a013 contre 15 excusez du peu\u00a0! En 1976, Graulhet et Gasc alors en Groupe B avaient r\u00e9ussi \u00e0\u00a0disputer\u00a0la finale du Manoir face \u00e0 Monferrand \u00e0 Colombes apr\u00e8s avoir successivement pris le meilleur lors des tours \u00e9liminatoires face \u00e0 Tarbes (30-17 huiti\u00e8mes), Bayonne en quart de finale (15-3) et Dax (16-7) en demie. Le 22\u00a0mai 1976, Malgr\u00e9 la d\u00e9faite face aux Clermontois\u00a0Jacques Gasc avait brillamment\u00a0fait honneur au maillot tout comme les regrett\u00e9s Roger Viel et Jean-Marie Barsalou. \u00c0 31 ans, Jacques Gasc\u00a0s\u2019\u00e9tait retir\u00e9 du monde rugbystique pour se consacrer \u00e0 son entreprise de travaux publics.<\/p>\n","protected":false},"excerpt":{"rendered":"Il avait port\u00e9 le maillot du XV de France en 1977 face aux All Blacks. Jacques Gasc nous&hellip;\n","protected":false},"author":2,"featured_media":206142,"comment_status":"","ping_status":"","sticky":false,"template":"","format":"standard","meta":{"footnotes":""},"categories":[1416],"tags":[1011,27,479,1468,60],"class_list":{"0":"post-206141","1":"post","2":"type-post","3":"status-publish","4":"format-standard","5":"has-post-thumbnail","7":"category-rugby","8":"tag-fr","9":"tag-france","10":"tag-rugby","11":"tag-rugby-football","12":"tag-sports"},"share_on_mastodon":{"url":"https:\/\/pubeurope.com\/@fr\/114750448206476442","error":""},"_links":{"self":[{"href":"https:\/\/www.europesays.com\/fr\/wp-json\/wp\/v2\/posts\/206141","targetHints":{"allow":["GET"]}}],"collection":[{"href":"https:\/\/www.europesays.com\/fr\/wp-json\/wp\/v2\/posts"}],"about":[{"href":"https:\/\/www.europesays.com\/fr\/wp-json\/wp\/v2\/types\/post"}],"author":[{"embeddable":true,"href":"https:\/\/www.europesays.com\/fr\/wp-json\/wp\/v2\/users\/2"}],"replies":[{"embeddable":true,"href":"https:\/\/www.europesays.com\/fr\/wp-json\/wp\/v2\/comments?post=206141"}],"version-history":[{"count":0,"href":"https:\/\/www.europesays.com\/fr\/wp-json\/wp\/v2\/posts\/206141\/revisions"}],"wp:featuredmedia":[{"embeddable":true,"href":"https:\/\/www.europesays.com\/fr\/wp-json\/wp\/v2\/media\/206142"}],"wp:attachment":[{"href":"https:\/\/www.europesays.com\/fr\/wp-json\/wp\/v2\/media?parent=206141"}],"wp:term":[{"taxonomy":"category","embeddable":true,"href":"https:\/\/www.europesays.com\/fr\/wp-json\/wp\/v2\/categories?post=206141"},{"taxonomy":"post_tag","embeddable":true,"href":"https:\/\/www.europesays.com\/fr\/wp-json\/wp\/v2\/tags?post=206141"}],"curies":[{"name":"wp","href":"https:\/\/api.w.org\/{rel}","templated":true}]}}