{"id":206149,"date":"2025-06-26T15:51:10","date_gmt":"2025-06-26T15:51:10","guid":{"rendered":"https:\/\/www.europesays.com\/fr\/206149\/"},"modified":"2025-06-26T15:51:10","modified_gmt":"2025-06-26T15:51:10","slug":"totalenergies-devient-partenaire-du-tour-de-france-boursorama","status":"publish","type":"post","link":"https:\/\/www.europesays.com\/fr\/206149\/","title":{"rendered":"TotalEnergies: devient partenaire du Tour de France &#8211; Boursorama"},"content":{"rendered":"<ol>\n<li><a href=\"https:\/\/news.google.com\/rss\/articles\/CBMixwFBVV95cUxPbGdLNE04azhnT3FKOUI5aHlWSHBTTThDclNpUWpSaXpoR1o4VmMza0U4OWdPUDhoUGR6ZncxUzkxQWJoSjhweVRIekYyNHN5amZVSl96RXBwQmh3YVZ5VTNETDR2Yy1IQXVROVNGTENTU1lzNlJ6ZnQzdWJnRWx6cjR5d0o0UkdvSW9KR2k3bElhRGJPWXYtc3JEb2lHcDUxdDZEV1NKaVhlRmJrQUhYbTdvT3JJMFJ4ZmR5NS1Rc1VHNkVPOF930gHMAUFVX3lxTE8xNlBvb2E2cnBDQk13SjNDcmVKbERhWWRSVVhqYUY0X3dzajgtU0JlaW1rU1N5enBSR2NkNkM0Sng1aEVUaFlXd2JyVGVqMW1oWEoyb2VhaUtyUmllOHRlMGhydDNZMmJmektRcEtlcjlZSzZodWJfRERMQW5sRzFOcnZQdkZRbUlmNy1RUHotc0huRVdTaHVMNi0zeDRnMTkyS1lzMDJOM3oxel9GaU1WbVZRb0tSOGNEVThQVjN5QVVuZW9OcEJpNUc2bQ?oc=5\" target=\"_blank\" rel=\"nofollow noopener\">TotalEnergies: devient partenaire du Tour de France<\/a>&nbsp;&nbsp;Boursorama<\/li>\n<li><a href=\"https:\/\/news.google.com\/rss\/articles\/CBMingJBVV95cUxQTVpITmU0LThqbmIxQnFqd0M0WldpVHdBc3pidE14WFNLU3Z0MlJlT0hTUm1nLWxOTXN1YUoydUljdDBqMG4xQnlnYzdxQ2pFc014MEFpcUJqdlVwcW5CSlhpVWp0QVVXaE5qZ0lPWG9iRnJ0UGpDbEFCa1g5dmVGako1eVZYbHRkZXhZUnhJbkROdkhBTjBXUThSY1BiQnRSREdZTUNzZG15TG14d1BLQUNEUThYYllNdHdxWVJsdFdtRDh4S1Q3VVU4TEU5OTFsRGIzUVBTR3lKOFF5b01pcDREc3VFZ0Z0cmdUZDRibjhaRWk4S3F3S0VHb05DZ0gtamlPYXliMVdrSS1kNTMtSmlSSU9Td2JyQ1ZDZVd3?oc=5\" target=\"_blank\" rel=\"nofollow noopener\">Sponsor-titre de l&rsquo;\u00e9quipe de Jean-Ren\u00e9 Bernaudeau jusqu&rsquo;en 2026 et sponsor-maillot d&rsquo;Ineos : TotalEnergies, les dessous d&rsquo;un double accord<\/a>&nbsp;&nbsp;L&rsquo;\u00c9quipe<\/li>\n<li><a href=\"https:\/\/news.google.com\/rss\/articles\/CBMi9AFBVV95cUxPNERkdDJnV1J5ODhwQWoxanpQcExCa253NGsta3FOUjc3NGYtclllSDF2Qm5pM252UzhsakJVVGMtX3VQbGpCYkxXYmxnUmwwa3ltRmxxdS1OM09LUVIxb1oxLXpDcFFZZzJ3VmJoNWw5OVNyVzNqR3ZlejM0WlZ6YURXZ0syNGl6OVRESjk2LTR2UU1uTWEtUE5ZVmlGbUZQRTYwTmltNF9OZUFZSDVGREUyend4ZVdUV1BUWVQwLWdMYWI0R2k3aHFTaEswbXdvUDNINjFPVXVlSnRqX0VpSWZRYXZiZ1pENXUzNFVkWVFRaDJi?oc=5\" target=\"_blank\" rel=\"nofollow noopener\">Cyclisme. TotalEnergies poursuit en 2026 et d\u00e9barque aussi chez Ineos<\/a>&nbsp;&nbsp;ouest-france.fr<\/li>\n<li><a href=\"https:\/\/news.google.com\/rss\/articles\/CBMiwgFBVV95cUxNSVJiYTVlU2UwNTA3RnctdFlwdjhDNzRBNjNrQm1ZTnVJZ0pSSjJwdFBfLUFpVl9nS1dneHdIUnpxVVIwYjI0eG1NY2lkQXE5aEhQb1dzd2tVZzdHOHNWSEhHMGd6NmtHQVN4aVFOVGdMVTJhcVViVDJVcTVzeFJvWGZXZWFjSGgtdzI1dUlDVmhQek9sUDZhZHVZeE9MQjVXeGRSenYtZXpCN21yanZvRFZzc3F1LVhrSDNSLTJxTEFWZw?oc=5\" target=\"_blank\" rel=\"nofollow noopener\">TotalEnergies devient Partenaire Officiel du Tour de France et pr\u00e9cise ses partenariats dans le cyclisme<\/a>&nbsp;&nbsp;TotalEnergies.com<\/li>\n<li><a href=\"https:\/\/news.google.com\/rss\/articles\/CBMinwJBVV95cUxNVlQzbkxENlJfVGg3MGtpaG10ZlU0VGk5eVBBSk12Ulc4ZGlwWmJYU1BpNDZpcC1tb1ZpSTFZOV9nY0ZIcHduMmJUVTU0dHU1SFl2LUYtZWtfc2V3VDJ4VVlRUEFQbnpJNmRIekxTUTdNSGJZeTJkdWxlTTQxeHJza2RiY3hncjdrQ21VSmNVdWREY0QyVXI0Y2tWNEpaV3p1Tk5Gbmp3eUZaMV9paFhnR1VxTzNRWi1QNngwQnhvUXNwSVBNXzJKUlRBbVotblpsSE1tQkNDb1pfVDZwS0dUZnVsd3dsZzR6S0UxYzdiYXpoLVFZZnhPUGlLcS0zMW9sUjR5N2U0RU9meEFpdUZ3UlBkLVpDUHR1b1h4dktLMA?oc=5\" target=\"_blank\" rel=\"nofollow noopener\">Cyclisme : avant le Tour de France, l\u2019\u00e9quipe de Jean-Ren\u00e9 Bernaudeau re\u00e7oit une tr\u00e8s belle nouvelle<\/a>&nbsp;&nbsp;Le Parisien<\/li>\n<\/ol>\n","protected":false},"excerpt":{"rendered":"TotalEnergies: devient partenaire du Tour de France&nbsp;&nbsp;Boursorama Sponsor-titre de l&rsquo;\u00e9quipe de Jean-Ren\u00e9 Bernaudeau jusqu&rsquo;en 2026 et sponsor-maillot d&rsquo;Ineos&hellip;\n","protected":false},"author":2,"featured_media":206150,"comment_status":"","ping_status":"","sticky":false,"template":"","format":"standard","meta":{"footnotes":""},"categories":[1411],"tags":[400,398,408,405,1154,207,1011,27,403,402,399,404,401,60,406,407],"class_list":{"0":"post-206149","1":"post","2":"type-post","3":"status-publish","4":"format-standard","5":"has-post-thumbnail","7":"category-cyclisme","8":"tag-action-cac-40","9":"tag-bourse-de-paris","10":"tag-boursorama","11":"tag-cotations","12":"tag-cycling","13":"tag-cyclisme","14":"tag-fr","15":"tag-france","16":"tag-indices-devises","17":"tag-investir","18":"tag-investissement","19":"tag-marche-boursier","20":"tag-sicav","21":"tag-sports","22":"tag-trackers","23":"tag-warrants"},"share_on_mastodon":{"url":"https:\/\/pubeurope.com\/@fr\/114750467821670011","error":""},"_links":{"self":[{"href":"https:\/\/www.europesays.com\/fr\/wp-json\/wp\/v2\/posts\/206149","targetHints":{"allow":["GET"]}}],"collection":[{"href":"https:\/\/www.europesays.com\/fr\/wp-json\/wp\/v2\/posts"}],"about":[{"href":"https:\/\/www.europesays.com\/fr\/wp-json\/wp\/v2\/types\/post"}],"author":[{"embeddable":true,"href":"https:\/\/www.europesays.com\/fr\/wp-json\/wp\/v2\/users\/2"}],"replies":[{"embeddable":true,"href":"https:\/\/www.europesays.com\/fr\/wp-json\/wp\/v2\/comments?post=206149"}],"version-history":[{"count":0,"href":"https:\/\/www.europesays.com\/fr\/wp-json\/wp\/v2\/posts\/206149\/revisions"}],"wp:featuredmedia":[{"embeddable":true,"href":"https:\/\/www.europesays.com\/fr\/wp-json\/wp\/v2\/media\/206150"}],"wp:attachment":[{"href":"https:\/\/www.europesays.com\/fr\/wp-json\/wp\/v2\/media?parent=206149"}],"wp:term":[{"taxonomy":"category","embeddable":true,"href":"https:\/\/www.europesays.com\/fr\/wp-json\/wp\/v2\/categories?post=206149"},{"taxonomy":"post_tag","embeddable":true,"href":"https:\/\/www.europesays.com\/fr\/wp-json\/wp\/v2\/tags?post=206149"}],"curies":[{"name":"wp","href":"https:\/\/api.w.org\/{rel}","templated":true}]}}